{"id":352225,"date":"2023-03-14T01:00:00","date_gmt":"2023-03-14T00:00:00","guid":{"rendered":"https:\/\/medizinonline.com\/la-afectacion-de-las-unas-se-asocia-a-un-curso-grave\/"},"modified":"2023-03-14T01:01:48","modified_gmt":"2023-03-14T00:01:48","slug":"la-afectacion-de-las-unas-se-asocia-a-un-curso-grave","status":"publish","type":"post","link":"https:\/\/medizinonline.com\/es\/la-afectacion-de-las-unas-se-asocia-a-un-curso-grave\/","title":{"rendered":"La afectaci\u00f3n de las u\u00f1as se asocia a un curso grave"},"content":{"rendered":"\n<p><strong>T\u00edpicamente, la alopecia areata (AA) se presenta con focos redondos claramente delimitados. La tricoscopia puede proporcionar informaci\u00f3n valiosa; la biopsia del cuero cabelludo s\u00f3lo est\u00e1 indicada en casos excepcionales. El curso de la AA var\u00eda mucho de una persona a otra. Un tercio de los pacientes experimentan una remisi\u00f3n espont\u00e1nea en los seis meses siguientes a la manifestaci\u00f3n inicial. Un marcador pron\u00f3stico desfavorable es la afectaci\u00f3n ungueal.<\/strong><\/p>\n\n<!--more-->\n\n<p>La alopecia areata (AA) puede aparecer a cualquier edad, aunque seg\u00fan datos epidemiol\u00f3gicos, la manifestaci\u00f3n inicial se produce en el 40% de los pacientes antes de los 20 a\u00f1os y en el 83-88% antes de los 40 a\u00f1os [1]. Seg\u00fan el estado actual de los conocimientos, se supone que la etiopatogenia puede explicarse por una desregulaci\u00f3n de origen autoinmunol\u00f3gico de los fol\u00edculos pilosos en interacci\u00f3n con factores gen\u00e9ticos y externos [2,3]. Al parecer, un trastorno gen\u00e9tico altera el camuflaje de la ra\u00edz del pelo en una determinada fase del ciclo de crecimiento capilar, lo que permite que las c\u00e9lulas inmunitarias desreguladas ataquen la ra\u00edz del pelo [4]. &#8220;Existe una asociaci\u00f3n con otras enfermedades autoinmunes, especialmente las tiroideas, como la enfermedad de Graves y la tiroiditis de Hashimoto&#8221;, explic\u00f3 la Dra. Stephanie Marie Huber, Dermatolog\u00eda, Hospital Universitario de Basilea [5].  <\/p>\n\n<p><\/p>\n\n<figure class=\"wp-block-image size-full is-resized\"><a href=\"https:\/\/medizinonline.com\/wp-content\/uploads\/2023\/02\/Ubersicht1_DP1_s29.png\"><img fetchpriority=\"high\" decoding=\"async\" src=\"https:\/\/medizinonline.com\/wp-content\/uploads\/2023\/02\/Ubersicht1_DP1_s29.png\" alt=\"\" class=\"wp-image-351355\" width=\"377\" height=\"285\" srcset=\"https:\/\/medizinonline.com\/wp-content\/uploads\/2023\/02\/Ubersicht1_DP1_s29.png 754w, https:\/\/medizinonline.com\/wp-content\/uploads\/2023\/02\/Ubersicht1_DP1_s29-120x90.png 120w, https:\/\/medizinonline.com\/wp-content\/uploads\/2023\/02\/Ubersicht1_DP1_s29-90x68.png 90w, https:\/\/medizinonline.com\/wp-content\/uploads\/2023\/02\/Ubersicht1_DP1_s29-320x241.png 320w, https:\/\/medizinonline.com\/wp-content\/uploads\/2023\/02\/Ubersicht1_DP1_s29-560x423.png 560w, https:\/\/medizinonline.com\/wp-content\/uploads\/2023\/02\/Ubersicht1_DP1_s29-240x180.png 240w, https:\/\/medizinonline.com\/wp-content\/uploads\/2023\/02\/Ubersicht1_DP1_s29-180x136.png 180w, https:\/\/medizinonline.com\/wp-content\/uploads\/2023\/02\/Ubersicht1_DP1_s29-640x483.png 640w\" sizes=\"(max-width: 377px) 100vw, 377px\" \/><\/a><\/figure>\n\n<h3 id=\"perdida-circular-del-cabello-en-diversos-grados\" class=\"wp-block-heading\">P\u00e9rdida circular del cabello en diversos grados  <\/h3>\n\n<p>&#8220;Cl\u00ednicamente, el espectro de la alopecia areata es muy amplio, desde la p\u00e9rdida de pelo localizada y circunscrita en la zona del cuero cabelludo, en la zona de la barba, en las pesta\u00f1as y en las cejas, hasta la p\u00e9rdida completa del pelo del cuero cabelludo, pasando por la variante m\u00e1xima con p\u00e9rdida completa de todo el vello corporal&#8221;, afirma el Dr. Huber [5]. Si todo el capilicio est\u00e1 afectado, se denomina alopecia <em>areata<\/em> <em>total<\/em>; si el cuerpo carece por completo de pelo, se denomina <em>alopecia areata universal<\/em>. La alopecia con patr\u00f3n ofi\u00e1sico (p\u00e9rdida del cabello en forma de banda temporal u occipital) tambi\u00e9n pertenece a las formas m\u00e1s graves.<\/p>\n\n<h3 id=\"tricoscopia-y-prueba-de-depilacion-examenes-obligatorios-no-invasivos\" class=\"wp-block-heading\">Tricoscopia y prueba de depilaci\u00f3n: ex\u00e1menes obligatorios no invasivos<\/h3>\n\n<p>Adem\u00e1s de un historial m\u00e9dico detallado, debe realizarse un examen minucioso del cuero cabelludo, la cara y todo el cuerpo. &#8220;Cl\u00e1sicamente, se encuentran focos alop\u00e9cicos bien delimitados y ovalados, a veces con cabellos residuales aislados en el sentido de cabellos tel\u00f3genos o despigmentados&#8221; [5]. La inspecci\u00f3n cl\u00ednica debe complementarse siempre con una tricoscopia y una prueba de arrancamiento del pelo. En la AA, los focos se extienden cl\u00e1sicamente de forma centr\u00edfuga, de modo que la prueba de arrancamiento del vello es positiva en el borde activo de los focos. La tricoscopia es importante para diferenciar las enfermedades capilares no cicatriciales de las cicatriciales, por un lado, y para evaluar la actividad de la enfermedad, por otro [2]. Los hallazgos dermatosc\u00f3picos m\u00e1s frecuentes en la AA son los &#8220;puntos amarillos&#8221;, los &#8220;puntos negros&#8221;, los pelos rotos, los pelos en signo de exclamaci\u00f3n y los pelos vellosos. Otros hallazgos descritos con menor frecuencia son los pelos erguidos, los pelos c\u00f3nicos y las constricciones de Pohl-Pinkus [2]. Los &#8220;puntos amarillos&#8221; aparecen sobre todo en las lesiones de larga duraci\u00f3n y en las formas m\u00e1s graves de AA. Aunque son un hallazgo t\u00edpico de la AA, tambi\u00e9n pueden darse en otros trastornos capilares como la alopecia androgen\u00e9tica o la tricotiloman\u00eda [3]. Los pelos en signo de exclamaci\u00f3n son patognom\u00f3nicos de la AA y suelen encontrarse en el borde activo de los focos de AA [3].<\/p>\n\n<p>Tambi\u00e9n debe examinarse a los pacientes en busca de cambios en las u\u00f1as, ya que esto puede proporcionar informaci\u00f3n pron\u00f3stica importante <strong>(recuadro)<\/strong>.<\/p>\n\n<p><\/p>\n\n<figure class=\"wp-block-image size-large\"><a href=\"https:\/\/medizinonline.com\/wp-content\/uploads\/2023\/02\/Kasten-DP1_s29.png\"><img decoding=\"async\" width=\"1160\" height=\"382\" data-src=\"https:\/\/medizinonline.com\/wp-content\/uploads\/2023\/02\/Kasten-DP1_s29-1160x382.png\" alt=\"\" class=\"wp-image-351354 lazyload\" data-srcset=\"https:\/\/medizinonline.com\/wp-content\/uploads\/2023\/02\/Kasten-DP1_s29-1160x382.png 1160w, https:\/\/medizinonline.com\/wp-content\/uploads\/2023\/02\/Kasten-DP1_s29-800x263.png 800w, https:\/\/medizinonline.com\/wp-content\/uploads\/2023\/02\/Kasten-DP1_s29-120x39.png 120w, https:\/\/medizinonline.com\/wp-content\/uploads\/2023\/02\/Kasten-DP1_s29-90x30.png 90w, https:\/\/medizinonline.com\/wp-content\/uploads\/2023\/02\/Kasten-DP1_s29-320x105.png 320w, https:\/\/medizinonline.com\/wp-content\/uploads\/2023\/02\/Kasten-DP1_s29-560x184.png 560w, https:\/\/medizinonline.com\/wp-content\/uploads\/2023\/02\/Kasten-DP1_s29-240x79.png 240w, https:\/\/medizinonline.com\/wp-content\/uploads\/2023\/02\/Kasten-DP1_s29-180x59.png 180w, https:\/\/medizinonline.com\/wp-content\/uploads\/2023\/02\/Kasten-DP1_s29-640x211.png 640w, https:\/\/medizinonline.com\/wp-content\/uploads\/2023\/02\/Kasten-DP1_s29-1120x368.png 1120w, https:\/\/medizinonline.com\/wp-content\/uploads\/2023\/02\/Kasten-DP1_s29.png 1465w\" data-sizes=\"(max-width: 1160px) 100vw, 1160px\" src=\"data:image\/svg+xml;base64,PHN2ZyB3aWR0aD0iMSIgaGVpZ2h0PSIxIiB4bWxucz0iaHR0cDovL3d3dy53My5vcmcvMjAwMC9zdmciPjwvc3ZnPg==\" style=\"--smush-placeholder-width: 1160px; --smush-placeholder-aspect-ratio: 1160\/382;\" \/><\/a><\/figure>\n\n<h3 id=\"la-histopatologia-hace-visible-el-filtrado-inflamatorio\" class=\"wp-block-heading\">La histopatolog\u00eda hace visible el filtrado inflamatorio<\/h3>\n\n<p>La biopsia del cuero cabelludo s\u00f3lo est\u00e1 indicada en casos excepcionales, por ejemplo si se sospecha una alopecia cicatricial, explic\u00f3 el ponente. Recomienda cortar biopsias en sacabocados de 2\u00d74 mm 1\u00d7 verticalmente y 1\u00d7 horizontalmente. Histopatol\u00f3gicamente, los focos de AA se caracterizan por un infiltrado inflamatorio linfoc\u00edtico &#8220;en forma de enjambre&#8221; alrededor del bulbo de los fol\u00edculos pilosos, lo que provoca una alteraci\u00f3n de la actividad regular de crecimiento y distrofia [5,6]. Si los hallazgos cl\u00ednicos e histopatol\u00f3gicos no permiten un diagn\u00f3stico definitivo, un cultivo de hongos o una serolog\u00eda para excluir otras enfermedades autoinmunes o infecciosas (por ejemplo, la s\u00edfilis) pueden ser \u00fatiles como medidas diagn\u00f3sticas adicionales [2].  <\/p>\n\n<p><em>Congreso: Swiss Derma Day  <\/em><br \/><\/p>\n\n<p>Literatura: <\/p>\n\n<ol class=\"wp-block-list\">\n<li>Villasante Fricke AC, Miteva M: Epidemiolog\u00eda y carga de la alopecia areata: una revisi\u00f3n sistem\u00e1tica. Clin Cosmet Investig Dermatol 2015; 8: 397-403.<\/li>\n\n\n\n<li>Lintzeri DA, et al: Alopecia areata &#8211; Conocimiento y tratamiento actuales. J Dtsch Dermatol Ges 2022; 20(1): 59-93.<\/li>\n\n\n\n<li>Dumke A-K, Rhein D, Elsner P: Tratamiento de la alopecia areata con difenilciclopropenol: casu\u00edstica y revisi\u00f3n bibliogr\u00e1fica actual. Act Dermatol 2012; 38: 326-330.  <\/li>\n\n\n\n<li>&#8220;Procedimiento para la alopecia &#8211; \u00bfQu\u00e9 ocurre en la consulta capilar?&#8221;, <a href=\"https:\/\/kreisrunderhaarausfall.de\/wp-content\/uploads\/koepfchen_36.pdf\" target=\"_blank\" rel=\"noreferrer noopener\">https:\/\/kreisrunderhaarausfall.de\/wp-content\/uploads\/koepfchen_36.pdf,<\/a>(\u00faltima consulta: 13.01.2023)  <\/li>\n\n\n\n<li>&#8220;Alopecia areata &#8211; nuevas pruebas&#8221;, Dra. Stephanie Marie Huber, Swiss Derma Day and STI reviews and updates, 12.01.2023  <\/li>\n\n\n\n<li>Paus R, Bulfone-Paus S, Bertolini M: El privilegio inmunitario del fol\u00edculo piloso revisitado: la clave del tratamiento de la alopecia areata. J Investig Dermatol Symp Proc 2018; 19: S12-17.<\/li>\n<\/ol>\n\n<p><\/p>\n\n<p><em>DERMATOLOGIE PRAXIS 2023; 33(1): 29 (publicado el 16.2.23, antes de impresi\u00f3n).<\/em><\/p>\n\n<p><\/p>\n","protected":false},"excerpt":{"rendered":"<p>T\u00edpicamente, la alopecia areata (AA) se presenta con focos redondos claramente delimitados. La tricoscopia puede proporcionar informaci\u00f3n valiosa; la biopsia del cuero cabelludo s\u00f3lo est\u00e1 indicada en casos excepcionales. El&hellip;<\/p>\n","protected":false},"author":7,"featured_media":102592,"comment_status":"closed","ping_status":"closed","sticky":false,"template":"","format":"standard","meta":{"_acf_changed":false,"pmpro_default_level":"","cat_1_feature_home_top":false,"cat_2_editor_pick":false,"csco_eyebrow_text":"Alopecia areata: Diagn\u00f3stico  ","footnotes":""},"category":[11310,11483,11552],"tags":[65653,19950,51458,65659,12278,65664,26012,46230,14175,65643,21810,21942,65635,49181],"powerkit_post_featured":[],"class_list":["post-352225","post","type-post","status-publish","format-standard","has-post-thumbnail","category-dermatologia-y-venereologia","category-el-congreso-informa","category-rx-es","tag-afectacion-de-las-unas","tag-alopecia-es-2","tag-alopecia-areata-es","tag-biopsia-del-cuero-cabelludo","tag-caida-del-cabello","tag-cambios-en-las-unas","tag-curso","tag-dia-suizo-del-derma","tag-diagnostico-es-2","tag-distrofia","tag-marcador-de-pronostico","tag-perdida-circular-del-cabello","tag-perdida-circular-del-cabello-es","tag-tricoscopia-es","pmpro-has-access"],"acf":[],"publishpress_future_action":{"enabled":false,"date":"2026-05-03 23:41:59","action":"change-status","newStatus":"draft","terms":[],"taxonomy":"category","extraData":[]},"publishpress_future_workflow_manual_trigger":{"enabledWorkflows":[]},"wpml_current_locale":"es_ES","wpml_translations":[],"_links":{"self":[{"href":"https:\/\/medizinonline.com\/es\/wp-json\/wp\/v2\/posts\/352225","targetHints":{"allow":["GET"]}}],"collection":[{"href":"https:\/\/medizinonline.com\/es\/wp-json\/wp\/v2\/posts"}],"about":[{"href":"https:\/\/medizinonline.com\/es\/wp-json\/wp\/v2\/types\/post"}],"author":[{"embeddable":true,"href":"https:\/\/medizinonline.com\/es\/wp-json\/wp\/v2\/users\/7"}],"replies":[{"embeddable":true,"href":"https:\/\/medizinonline.com\/es\/wp-json\/wp\/v2\/comments?post=352225"}],"version-history":[{"count":2,"href":"https:\/\/medizinonline.com\/es\/wp-json\/wp\/v2\/posts\/352225\/revisions"}],"predecessor-version":[{"id":353616,"href":"https:\/\/medizinonline.com\/es\/wp-json\/wp\/v2\/posts\/352225\/revisions\/353616"}],"wp:featuredmedia":[{"embeddable":true,"href":"https:\/\/medizinonline.com\/es\/wp-json\/wp\/v2\/media\/102592"}],"wp:attachment":[{"href":"https:\/\/medizinonline.com\/es\/wp-json\/wp\/v2\/media?parent=352225"}],"wp:term":[{"taxonomy":"category","embeddable":true,"href":"https:\/\/medizinonline.com\/es\/wp-json\/wp\/v2\/category?post=352225"},{"taxonomy":"post_tag","embeddable":true,"href":"https:\/\/medizinonline.com\/es\/wp-json\/wp\/v2\/tags?post=352225"},{"taxonomy":"powerkit_post_featured","embeddable":true,"href":"https:\/\/medizinonline.com\/es\/wp-json\/wp\/v2\/powerkit_post_featured?post=352225"}],"curies":[{"name":"wp","href":"https:\/\/api.w.org\/{rel}","templated":true}]}}