{"id":352332,"date":"2023-03-18T01:00:00","date_gmt":"2023-03-18T00:00:00","guid":{"rendered":"https:\/\/medizinonline.com\/que-metodo-consigue-las-mejores-tasas-de-crecimiento-del-cabello\/"},"modified":"2023-04-03T16:52:00","modified_gmt":"2023-04-03T14:52:00","slug":"que-metodo-consigue-las-mejores-tasas-de-crecimiento-del-cabello","status":"publish","type":"post","link":"https:\/\/medizinonline.com\/es\/que-metodo-consigue-las-mejores-tasas-de-crecimiento-del-cabello\/","title":{"rendered":"\u00bfQu\u00e9 m\u00e9todo consigue las mejores tasas de crecimiento del cabello?"},"content":{"rendered":"\n<p><strong>La alopecia areata (AA) se manifiesta mediante una p\u00e9rdida de cabello aguda o cr\u00f3nica no cicatricial. La difenilciclopropenona y los inhibidores de la quinasa Janus tienen una tasa de remisi\u00f3n significativamente mayor en comparaci\u00f3n con el curso espont\u00e1neo, especialmente en la AA grave. Para las infestaciones menos graves, los esteroides en diversas formas de aplicaci\u00f3n se consideran el tratamiento de primera l\u00ednea; tambi\u00e9n se utiliza ocasionalmente la soluci\u00f3n de minoxidil. Adem\u00e1s, existen muchas otras opciones terap\u00e9uticas en el \u00e1mbito no indicado.<\/strong><\/p>\n\n<!--more-->\n\n<p>Seg\u00fan los conocimientos actuales, la alopecia areata (AA) es una enfermedad autoinmune cr\u00f3nica que provoca la ca\u00edda circunscrita o diseminada del cabello al romper el privilegio inmunitario del fol\u00edculo piloso [1]. El brote de AA se asocia a una fase an\u00e1gena del ciclo de crecimiento del pelo significativamente acortada<strong> (Fig. 1)<\/strong> [3,11]. El infiltrado inflamatorio y la alteraci\u00f3n de la actividad del fol\u00edculo piloso (FC) en la AA se producen principalmente alrededor y en la zona del bulbo, mientras que el nicho de c\u00e9lulas madre del FC en la zona de la protuberancia de la parte permanente del fol\u00edculo piloso se salva [2,3]. A menudo, en caso de remisi\u00f3n espont\u00e1nea o inducida por f\u00e1rmacos, el pelo vuelve a crecer sin pigmentar [4]. En el D\u00eda Suizo del Derma de este a\u00f1o, la doctora Stephanie Marie Huber, dermat\u00f3loga del Hospital Universitario de Basilea, ofreci\u00f3 una visi\u00f3n actualizada de las opciones de tratamiento de la AA [5].<\/p>\n\n<p><\/p>\n\n<figure class=\"wp-block-image size-large is-resized\"><a href=\"https:\/\/medizinonline.com\/wp-content\/uploads\/2023\/02\/abb1_DP1_s30.png\"><img fetchpriority=\"high\" decoding=\"async\" src=\"https:\/\/medizinonline.com\/wp-content\/uploads\/2023\/02\/abb1_DP1_s30-1160x1006.png\" alt=\"\" class=\"wp-image-351374\" width=\"580\" height=\"503\" srcset=\"https:\/\/medizinonline.com\/wp-content\/uploads\/2023\/02\/abb1_DP1_s30-1160x1006.png 1160w, https:\/\/medizinonline.com\/wp-content\/uploads\/2023\/02\/abb1_DP1_s30-800x694.png 800w, https:\/\/medizinonline.com\/wp-content\/uploads\/2023\/02\/abb1_DP1_s30-120x104.png 120w, https:\/\/medizinonline.com\/wp-content\/uploads\/2023\/02\/abb1_DP1_s30-90x78.png 90w, https:\/\/medizinonline.com\/wp-content\/uploads\/2023\/02\/abb1_DP1_s30-320x277.png 320w, https:\/\/medizinonline.com\/wp-content\/uploads\/2023\/02\/abb1_DP1_s30-560x486.png 560w, https:\/\/medizinonline.com\/wp-content\/uploads\/2023\/02\/abb1_DP1_s30-240x208.png 240w, https:\/\/medizinonline.com\/wp-content\/uploads\/2023\/02\/abb1_DP1_s30-180x156.png 180w, https:\/\/medizinonline.com\/wp-content\/uploads\/2023\/02\/abb1_DP1_s30-640x555.png 640w, https:\/\/medizinonline.com\/wp-content\/uploads\/2023\/02\/abb1_DP1_s30-1120x971.png 1120w, https:\/\/medizinonline.com\/wp-content\/uploads\/2023\/02\/abb1_DP1_s30.png 1474w\" sizes=\"(max-width: 580px) 100vw, 580px\" \/><\/a><\/figure>\n\n<h3 id=\"la-gravedad-y-la-edad-como-criterios-importantes-de-seleccion-de-la-terapia\" class=\"wp-block-heading\">La gravedad y la edad como criterios importantes de selecci\u00f3n de la terapia  <\/h3>\n\n<p>La <em>Herramienta de Gravedad de la Alopecia <\/em>(puntuaci\u00f3n SALT) se desarroll\u00f3 para evaluar la extensi\u00f3n y la progresi\u00f3n de la AA [6]. La puntuaci\u00f3n SALT puede utilizarse no s\u00f3lo con fines de investigaci\u00f3n, sino tambi\u00e9n en la pr\u00e1ctica cl\u00ednica como una buena medida para evaluar la extensi\u00f3n de la AA en la zona del cuero cabelludo [7]. En funci\u00f3n de la puntuaci\u00f3n SALT estimada, pueden distinguirse distintos grados de gravedad de la ca\u00edda del cabello, con una escala que va de 0 (sin ca\u00edda del cabello) a 100 (100% de ca\u00edda del cabello) [3].  <\/p>\n\n<p>Los tratamientos actuales para la AA dependen de la edad y de la gravedad inicial de la alopecia<strong> (Tabla 1)<\/strong> [3,5]. Los corticosteroides t\u00f3picos son una terapia de primera l\u00ednea para los ni\u00f1os &lt;10 a\u00f1os (independientemente de la gravedad). La inyecci\u00f3n intralesional de corticosteroides es una recomendaci\u00f3n de primera l\u00ednea en &gt;ni\u00f1os de 10 a\u00f1os con SALT&lt;30, en monoterapia o en combinaci\u00f3n con corticosteroides t\u00f3picos. No se recomienda el uso prolongado de corticosteroides sist\u00e9micos debido al riesgo de efectos secundarios. En &gt;individuos de 10 a\u00f1os con AA extensa (SALT&gt;30), adem\u00e1s de la soluci\u00f3n de minoxidil y los corticosteroides sist\u00e9micos, tambi\u00e9n se recomienda la sensibilizaci\u00f3n t\u00f3pica con DPCP o el uso de inhibidores de la quinasa Janus (JAK-i). Los corticosteroides t\u00f3picos pueden utilizarse como terapia coadyuvante en la AA grave. El tratamiento con las opciones terap\u00e9uticas mencionadas debe llevarse a cabo de forma constante durante al menos 12 semanas para poder evaluar la respuesta [5]. Los JAK-i han demostrado en ensayos cl\u00ednicos ser una opci\u00f3n de tratamiento eficaz para las formas graves de AA con un r\u00e1pido inicio de acci\u00f3n. El AA promueve la producci\u00f3n de IFN-\u03b3 e IL-15 mediada por JAK y un bucle de retroalimentaci\u00f3n inflamatoria que mantiene la respuesta inflamatoria local. Los JAK-i interfieren en la v\u00eda de se\u00f1alizaci\u00f3n JAK-STAT y bloquean la se\u00f1alizaci\u00f3n descendente de varias citoquinas proinflamatorias.<\/p>\n\n<p><\/p>\n\n<figure class=\"wp-block-image size-large is-resized\"><a href=\"https:\/\/medizinonline.com\/wp-content\/uploads\/2023\/02\/tab1_DP1_s31.png\"><img decoding=\"async\" data-src=\"https:\/\/medizinonline.com\/wp-content\/uploads\/2023\/02\/tab1_DP1_s31-1160x728.png\" alt=\"\" class=\"wp-image-351375 lazyload\" width=\"580\" height=\"364\" data-srcset=\"https:\/\/medizinonline.com\/wp-content\/uploads\/2023\/02\/tab1_DP1_s31-1160x728.png 1160w, https:\/\/medizinonline.com\/wp-content\/uploads\/2023\/02\/tab1_DP1_s31-800x502.png 800w, https:\/\/medizinonline.com\/wp-content\/uploads\/2023\/02\/tab1_DP1_s31-120x75.png 120w, https:\/\/medizinonline.com\/wp-content\/uploads\/2023\/02\/tab1_DP1_s31-90x56.png 90w, https:\/\/medizinonline.com\/wp-content\/uploads\/2023\/02\/tab1_DP1_s31-320x201.png 320w, https:\/\/medizinonline.com\/wp-content\/uploads\/2023\/02\/tab1_DP1_s31-560x352.png 560w, https:\/\/medizinonline.com\/wp-content\/uploads\/2023\/02\/tab1_DP1_s31-240x151.png 240w, https:\/\/medizinonline.com\/wp-content\/uploads\/2023\/02\/tab1_DP1_s31-180x113.png 180w, https:\/\/medizinonline.com\/wp-content\/uploads\/2023\/02\/tab1_DP1_s31-640x402.png 640w, https:\/\/medizinonline.com\/wp-content\/uploads\/2023\/02\/tab1_DP1_s31-1120x703.png 1120w, https:\/\/medizinonline.com\/wp-content\/uploads\/2023\/02\/tab1_DP1_s31.png 1464w\" data-sizes=\"(max-width: 580px) 100vw, 580px\" src=\"data:image\/svg+xml;base64,PHN2ZyB3aWR0aD0iMSIgaGVpZ2h0PSIxIiB4bWxucz0iaHR0cDovL3d3dy53My5vcmcvMjAwMC9zdmciPjwvc3ZnPg==\" style=\"--smush-placeholder-width: 580px; --smush-placeholder-aspect-ratio: 580\/364;\" \/><\/a><\/figure>\n\n<h3 id=\"dpcp-para-mayores-de-10-anos-con-infestacion-grave\" class=\"wp-block-heading\">DPCP &#8211; para mayores de 10 a\u00f1os con infestaci\u00f3n grave  <\/h3>\n\n<p>En pacientes mayores de 10 a\u00f1os con una ca\u00edda del cabello superior al 30%, la inmunoterapia t\u00f3pica con difenilciclopropenona (DPCP) se ha considerado hasta la fecha el patr\u00f3n oro. &#8220;El DPCP representa la \u00fanica opci\u00f3n de tratamiento, adem\u00e1s del JAK-i, que presenta una tasa de remisi\u00f3n superior en comparaci\u00f3n con el curso espont\u00e1neo&#8221;, afirma el Dr. Huber [5]. La tasa de remisi\u00f3n depende de la extensi\u00f3n inicial de la alopecia. El DPCP est\u00e1 contraindicado en mujeres embarazadas y lactantes, y debe tenerse especial precauci\u00f3n en pacientes con tipos de piel m\u00e1s oscuros, ya que existe riesgo de despigmentaci\u00f3n. La sensibilizaci\u00f3n inicial con un 2% va seguida de un aumento semanal de la dosis hasta alcanzar el eczema de contacto terap\u00e9utico deseado. &#8220;Si no hay crecimiento del pelo despu\u00e9s de unos 6-12 meses de terapia, debe interrumpirla&#8221;, dijo el ponente [5]. Las reacciones adversas incluyen cambios pigmentarios, dispersi\u00f3n del eczema, linfadenopat\u00eda nucal reactiva y reacciones vesiculobullosas locales.<\/p>\n\n<h3 id=\"baricitinib-los-adultos-con-puntuacion-salt-%e2%89%a550-pueden-beneficiarse\" class=\"wp-block-heading\">Baricitinib &#8211; los adultos con puntuaci\u00f3n SALT \u226550 pueden beneficiarse<\/h3>\n\n<p>Especialmente en la alopecia areata grave, los inhibidores de JAK representan una nueva e interesante opci\u00f3n terap\u00e9utica, inform\u00f3 el Dr. Huber [5]. Los JAK-i se han utilizado con \u00e9xito durante mucho tiempo en las enfermedades inflamatorias cr\u00f3nicas. El baricitinib es el primer inhibidor de JAK aprobado en la UE para el tratamiento de la AA grave (puntuaci\u00f3n SALT \u226550) desde el 06\/2022.  <\/p>\n\n<p>En los dos ensayos de fase III BRAVE-AA1 y BRAVE-AA2, de dise\u00f1o id\u00e9ntico, 654 y 546 pacientes con una p\u00e9rdida de cabello \u226550% (puntuaci\u00f3n SALT \u226550), respectivamente, fueron asignados aleatoriamente en una proporci\u00f3n 3:2:2 a los brazos de estudio baricitinib 4 mg\/d\u00eda frente a barictinib 2 mg\/d\u00eda frente a placebo [8]. El criterio de valoraci\u00f3n primario fue la p\u00e9rdida de cabello \u226420% (puntuaci\u00f3n SALT \u226420). Los resultados se publicaron en la revista <em>New England Journal of Medicine <\/em>. En BRAVE-AA1, despu\u00e9s de 36 semanas, aproximadamente el 39% de los pacientes con baricitinib 4 mg, aproximadamente el 23% de los pacientes con baricitinib 2 mg y aproximadamente el 6% de los pacientes con placebo mostraron una puntuaci\u00f3n SALT de 20.  <\/p>\n\n<p>En BRAVE-AA2, las cifras correspondientes fueron del 36% y el 19% en los dos brazos de tratamiento, respectivamente, y del 3% en el placebo. As\u00ed pues, el baricitinib administrado por v\u00eda oral fue claramente superior al placebo en cuanto al recrecimiento del cabello al cabo de 36 semanas. Los efectos secundarios m\u00e1s comunes fueron acn\u00e9, aumento de la creatinina quinasa y aumento de los niveles de colesterol HDL\/LDL. Para poder evaluar la eficacia y la seguridad a largo plazo del baricitinib en la alopecia areata, ser\u00eda deseable realizar estudios m\u00e1s largos, ya que la alopecia per se tiene un curso muy variable entre el rebrote y la ca\u00edda del cabello, explic\u00f3 el ponente.  <\/p>\n\n<h3 id=\"ritlecitinib-y-brepocitinib-datos-de-ensayos-informativos\" class=\"wp-block-heading\">Ritlecitinib y brepocitinib &#8211; datos de ensayos informativos  <\/h3>\n\n<p>Un estudio de extensi\u00f3n de fase II publicado en 2022 investig\u00f3 los efectos a m\u00e1s largo plazo de otros dos JAK-i para el tratamiento de la AA [9]: Ritlecitinib (inhibidor de JAK3\/TEC) y Brepocitinib (inhibidor de Tyk2\/JAK1). El estudio fue doble ciego en la primera fase (24 semanas), tras la cual los sujetos fueron asignados a los siguientes brazos del estudio de forma simple ciega en funci\u00f3n de la respuesta a la terapia:  <\/p>\n\n<ul class=\"wp-block-list\">\n<li><em>Falta de respuesta al placebo: <\/em>Cambio a tratamiento activo con ritlecitinib\/brepocitinib<\/li>\n\n\n\n<li><em>No respondedores activos (sin mejor\u00eda de \u226530% en la semana 24 a pesar del tratamiento activo): <\/em>Continuaci\u00f3n del tratamiento activo con ritlecitinib\/brepocitinib.<\/li>\n\n\n\n<li><em>Respondedores activos (bajo tratamiento activo una mejora de \u226530% tras 24 semanas):<\/em> Cambiar a placebo hasta que se alcance el criterio de retratamiento (p\u00e9rdida de \u226530% del cabello vuelto a crecer en la fase doble ciego).  <\/li>\n<\/ul>\n\n<p>Se descubri\u00f3 que alrededor del 64% de los pacientes con respuesta activa al ritlecinib y alrededor del 61% al brepocitinib necesitaron un retratamiento con el JAK-i tras una media de 16,1 semanas (n=22) y 24,1 semanas (n=24), respectivamente. As\u00ed pues, los datos sugieren que es necesario un tratamiento a m\u00e1s largo plazo con el JAK-i, explic\u00f3 el Dr. Huber.  <\/p>\n\n<h3 id=\"terapia-con-inhibidor-de-jak-se-recomienda-la-vacunacion-contra-la-varicela-zoster\" class=\"wp-block-heading\">Terapia con inhibidor de JAK: se recomienda la vacunaci\u00f3n contra la varicela zoster  <\/h3>\n\n<p>Los posibles efectos secundarios de los JAK-i son muy conocidos en reumatolog\u00eda y pueden consultarse en la informaci\u00f3n sobre el f\u00e1rmaco del preparado correspondiente. En las infecciones agudas, el JAK-i debe pausarse, lo que puede lograrse f\u00e1cilmente debido a la administraci\u00f3n oral y a la corta vida media de los f\u00e1rmacos [12]. Adem\u00e1s de descartar las enfermedades infecciosas cr\u00f3nicas antes de iniciar la terapia (por ejemplo, hepatitis, tuberculosis), debe prestarse especial atenci\u00f3n a las infecciones asociadas al virus del herpes. No se recomienda el uso de vacunas vivas inmediatamente antes o durante el tratamiento con JAK-i. Las vacunaciones con vacunas inactivadas son posibles durante el tratamiento con JAK-i. Para prevenir la reactivaci\u00f3n de la varicela-z\u00f3ster, se recomienda la vacunaci\u00f3n con la vacuna contra la varicela-z\u00f3ster <sup>Shingrix\u00ae <\/sup>.<\/p>\n\n<p><em>Congreso: Swiss Derma Day<\/em><\/p>\n\n<p><\/p>\n\n<p>Literatura: <\/p>\n\n<ol class=\"wp-block-list\">\n<li>Busch D, Sticherling M: Die Alopecia areata \u2013 klinisches Bild und Therapieansprechen einer heterogenen Erkrankung. P091, <a href=\"https:\/\/onlinelibrary.wiley.com\/doi\/full\/10.1111\/ddg.13796\" target=\"_blank\" rel=\"noreferrer noopener\">https:\/\/onlinelibrary.wiley.com\/doi\/full\/10.1111\/ddg.13796,<\/a>(\u00faltima consulta: 13.01.2023)<\/li>\n\n\n\n<li>Lee YB, Jun M, Lee WS: Alopecia areata and poliosis: A retrospective analysis of 258 cases. JAAD 2019; 80: 1776\u20131778.<\/li>\n\n\n\n<li>Lintzeri DA, et al.: Alopecia areata \u2013 Aktuelles Verst\u00e4ndnis und Management. JDDG 2022; 20(1): 59\u201393.<\/li>\n\n\n\n<li>Bruhn I, Frenzel U-R, Landeck L: Pigmentierter Haarwuchs nach kombinierter systemischer Kortikosteroidtherapie mit intral\u00e4sionaler Triamcinoloninjektion bei Alopecia areata. P090, <a href=\"https:\/\/onlinelibrary.wiley.com\/doi\/full\/10.1111\/ddg.13796\" target=\"_blank\" rel=\"noreferrer noopener\">https:\/\/onlinelibrary.wiley.com\/doi\/full\/10.1111\/ddg.13796<\/a>, (letzter Abruf 13.01.2023) <\/li>\n\n\n\n<li>\u00abAlopecia areata \u2013 neue Evidenz\u00bb, Dr. med. Stephanie Marie Huber, Swiss Derma Day and STI reviews and updates, 12.01.2023<\/li>\n\n\n\n<li>Olsen EA, et al.: Alopecia areata investigational assessment guidelines \u2013 Part II. National Alopecia Areata Foundation. JAAD 2004; 51: 440\u2013447.<\/li>\n\n\n\n<li>Meah N, et al.: The Alopecia Areata Consensus of Experts (ACE) study part II: Results of an international expert opinion on diagnosis and laboratory evaluation for alopecia areata. JAAD 2021; 84: 1594\u20131601.<\/li>\n\n\n\n<li>King B, et al.: BRAVE-AA Investigators. Two Phase 3 Trials of Baricitinib for Alopecia Areata. N Engl J Med 2022; 386(18): 1687\u20131699. <\/li>\n\n\n\n<li>Peeva E, et al.: Maintenance, withdrawal, and re-treatment with ritlecitinib and brepocitinib in patients with alopecia areata in a single-blind extension of a phase 2a randomized clinical trial. JAAD 2022; 87(2): 390\u2013393.<\/li>\n\n\n\n<li>Messenger AG, et al.: British Association of Dermatologists\u2019 guidelines for the management of alopecia areata 2012. Br J Dermatol 2012; 166(5): 916\u2013926.<\/li>\n\n\n\n<li>Carrasco E, Soto-Heredero G, Mittelbrunn M: The Role of Extracellular Vesicles in Cutaneous Remodeling and Hair Follicle Dynamics. Int J Mol Sci 2019; 20(11): 2758.<\/li>\n\n\n\n<li>Klein B, Treudler R, Simon JC: JAK-Inhibitoren in der Dermatologie \u2013 kleine Molek\u00fcle, grosse Wirkung? \u00dcbersicht \u00fcber Wirkmechanismus, Studienergebnisse und m\u00f6gliche unerw\u00fcnschte Wirkungen. JDDG 2022; 20(1): 19\u201325.<\/li>\n\n\n\n<li>Swissmedic: Arzneimittelinformation, <a href=\"http:\/\/www.swissmedicinfo.ch\" target=\"_blank\" rel=\"noreferrer noopener\">www.swissmedicinfo.ch<\/a>, (letzter Abruf 16.01.2023) <\/li>\n<\/ol>\n\n<p><\/p>\n\n<p><em>DERMATOLOGIE PRAXIS 2023; 33(1): 30\u201331<\/em><\/p>\n","protected":false},"excerpt":{"rendered":"<p>La alopecia areata (AA) se manifiesta mediante una p\u00e9rdida de cabello aguda o cr\u00f3nica no cicatricial. La difenilciclopropenona y los inhibidores de la quinasa Janus tienen una tasa de remisi\u00f3n&hellip;<\/p>\n","protected":false},"author":7,"featured_media":351384,"comment_status":"closed","ping_status":"closed","sticky":false,"template":"","format":"standard","meta":{"_acf_changed":false,"pmpro_default_level":"","cat_1_feature_home_top":false,"cat_2_editor_pick":false,"csco_eyebrow_text":"Alopecia areata: tratamiento farmacol\u00f3gico  ","footnotes":""},"category":[11298,11310,11483,11475,11372,11552],"tags":[19950,51458,17623,65869,65870,12278,26854,46230,65873,65874,13567,20415,65868,65876,65872,28845,31174,14069,65875,12061,11810,12059,65871],"powerkit_post_featured":[],"class_list":["post-352332","post","type-post","status-publish","format-standard","has-post-thumbnail","category-alergologia-e-inmunologia-clinica","category-dermatologia-y-venereologia","category-el-congreso-informa","category-estudios","category-infectologia","category-rx-es","tag-alopecia-es-2","tag-alopecia-areata-es","tag-baricitinib-es","tag-brave-aa2-es","tag-brepocitinib-es","tag-caida-del-cabello","tag-corticosteroides-topicos-es","tag-dia-suizo-del-derma","tag-difenilciclopropenona-es","tag-dpcp-es","tag-enfermedad-autoinmune","tag-fuera-de-etiqueta","tag-inhibidores-de-la-cinasa-janus","tag-inmunoterapia-topica","tag-jak-i-es","tag-medicinal-es","tag-minoxidil-es","tag-opciones-de-tratamiento","tag-ritlecitinib-es","tag-shingrix-es","tag-terapia-es","tag-vacunacion","tag-via-de-senalizacion-jak-stat","pmpro-has-access"],"acf":[],"publishpress_future_action":{"enabled":false,"date":"2026-05-06 17:27:45","action":"change-status","newStatus":"draft","terms":[],"taxonomy":"category","extraData":[]},"publishpress_future_workflow_manual_trigger":{"enabledWorkflows":[]},"wpml_current_locale":"es_ES","wpml_translations":[],"_links":{"self":[{"href":"https:\/\/medizinonline.com\/es\/wp-json\/wp\/v2\/posts\/352332","targetHints":{"allow":["GET"]}}],"collection":[{"href":"https:\/\/medizinonline.com\/es\/wp-json\/wp\/v2\/posts"}],"about":[{"href":"https:\/\/medizinonline.com\/es\/wp-json\/wp\/v2\/types\/post"}],"author":[{"embeddable":true,"href":"https:\/\/medizinonline.com\/es\/wp-json\/wp\/v2\/users\/7"}],"replies":[{"embeddable":true,"href":"https:\/\/medizinonline.com\/es\/wp-json\/wp\/v2\/comments?post=352332"}],"version-history":[{"count":3,"href":"https:\/\/medizinonline.com\/es\/wp-json\/wp\/v2\/posts\/352332\/revisions"}],"predecessor-version":[{"id":355200,"href":"https:\/\/medizinonline.com\/es\/wp-json\/wp\/v2\/posts\/352332\/revisions\/355200"}],"wp:featuredmedia":[{"embeddable":true,"href":"https:\/\/medizinonline.com\/es\/wp-json\/wp\/v2\/media\/351384"}],"wp:attachment":[{"href":"https:\/\/medizinonline.com\/es\/wp-json\/wp\/v2\/media?parent=352332"}],"wp:term":[{"taxonomy":"category","embeddable":true,"href":"https:\/\/medizinonline.com\/es\/wp-json\/wp\/v2\/category?post=352332"},{"taxonomy":"post_tag","embeddable":true,"href":"https:\/\/medizinonline.com\/es\/wp-json\/wp\/v2\/tags?post=352332"},{"taxonomy":"powerkit_post_featured","embeddable":true,"href":"https:\/\/medizinonline.com\/es\/wp-json\/wp\/v2\/powerkit_post_featured?post=352332"}],"curies":[{"name":"wp","href":"https:\/\/api.w.org\/{rel}","templated":true}]}}