{"id":352620,"date":"2023-02-28T00:59:00","date_gmt":"2023-02-27T23:59:00","guid":{"rendered":"https:\/\/medizinonline.com\/cooperacion-interdisciplinaria-en-general\/"},"modified":"2023-03-22T10:19:39","modified_gmt":"2023-03-22T09:19:39","slug":"cooperacion-interdisciplinaria-en-general","status":"publish","type":"post","link":"https:\/\/medizinonline.com\/es\/cooperacion-interdisciplinaria-en-general\/","title":{"rendered":"Cooperaci\u00f3n interdisciplinaria en general"},"content":{"rendered":"\n<p><strong>Se calcula que entre el uno y el dos por ciento de los adultos en Alemania tienen un aneurisma vascular en el cerebro. Si este aneurisma estalla, es una emergencia potencialmente mortal. Aqu\u00ed se requiere un trabajo en equipo interdisciplinar. Un enfoque especial puesto en el taller de este a\u00f1o. Adem\u00e1s, tambi\u00e9n se explor\u00f3 la cuesti\u00f3n de qu\u00e9 partes de este tratamiento deben llevarse a cabo en unidades de cuidados neurointensivos debidamente equipadas y formadas.<\/strong><\/p>\n\n<!--more-->\n\n<p>El cambio demogr\u00e1fico y los factores medioambientales en particular ya est\u00e1n teniendo una influencia previsible en el n\u00famero de pacientes que requieren cuidados neurointensivos, afirman el Dr. Julian Zimmermann y el Dr. Felix Lehmann, secretarios de conferencia de ANIM 2023, raz\u00f3n por la cual \u00e9ste fue tambi\u00e9n uno de los temas principales del congreso. Optimizar las estructuras de los cuidados m\u00e9dicos intensivos para pacientes neurol\u00f3gicos y neuroquir\u00fargicos de forma r\u00e1pida y sostenible constituye un reto especial. El presidente del congreso, el Prof. Dr. med. Hartmut Vatter, a\u00f1adi\u00f3: &#8220;Por supuesto, la enorme presi\u00f3n sobre las camas en el contexto de la pandemia de COVID fue la fuerza motriz y el motivo de reflexi\u00f3n aqu\u00ed. A pesar de la presi\u00f3n de camas, sigue plante\u00e1ndose la cuesti\u00f3n de hasta qu\u00e9 punto la medicina neurointensiva es espec\u00edfica dentro de la medicina intensiva y qu\u00e9 partes de ella deben dejarse estructuralmente o hasta qu\u00e9 punto pueden ser cubiertas tambi\u00e9n por la medicina interna o la medicina intensiva puramente anestesiol\u00f3gica.&#8221; Aqu\u00ed hay dos aspectos relevantes: por un lado, los cuadros cl\u00ednicos en s\u00ed y, por otro, su curso temporal. En la primera fase de una hemorragia subaracnoidea, un ictus o una lesi\u00f3n cerebral traum\u00e1tica, la atenci\u00f3n se centra sin duda en la pericia neuroquir\u00fargica-neurol\u00f3gica en cuanto al tratamiento del edema cerebral, la alteraci\u00f3n de la perfusi\u00f3n cerebral y algunos otros problemas cerebrales. Que los pacientes sean tratados en una unidad general de cuidados intensivos en esta fase temprana es bastante cr\u00edtico.<\/p>\n\n<p>El punto central del cambio demogr\u00e1fico es sobre todo el envejecimiento de la poblaci\u00f3n. En consecuencia, cabe esperar que un n\u00famero cada vez mayor de pacientes con ictus requiera un tratamiento adecuado. Adem\u00e1s, los retos que plantean los cuidados intensivos tambi\u00e9n son considerablemente mayores para los pacientes mayores con lesiones cerebrales traum\u00e1ticas y con el resto de enfermedades. Se trata de mezclar en todo el pa\u00eds una atenci\u00f3n de alta calidad para afecciones relativamente comunes, como el ictus o el traumatismo craneoencef\u00e1lico, y un tratamiento altamente especializado para las hemorragias subaracnoideas aneurism\u00e1ticas o las malformaciones vasculares, que, simplemente por su volumen, s\u00f3lo pueden llevarse a cabo en unos pocos centros que tengan la experiencia suficiente con su n\u00famero de casos. De ello se encargar\u00e1n las redes neurovasculares y los centros neurovasculares de excelencia, que interact\u00faan entre s\u00ed para ofrecer una atenci\u00f3n espacial de alto nivel.<\/p>\n\n<h3 id=\"cada-uno-en-su-campo\" class=\"wp-block-heading\">Cada uno en su campo<\/h3>\n\n<p>Por qu\u00e9 la interdisciplinariedad desempe\u00f1a un papel importante en la medicina neurointensiva en particular puede explicarse por la competencia necesaria. Vatter est\u00e1 seguro de que, sobre todo en una medicina moderna, la idea de que pueda haber un &#8220;gato de todos los oficios&#8221; est\u00e1 anticuada. Por eso es muy importante que cada uno haga lo que mejor sabe hacer y en lo que su formaci\u00f3n tambi\u00e9n est\u00e1 especializada. Los cuidados neurointensivos son sin duda una intersecci\u00f3n en este sentido. Aqu\u00ed es importante que se a\u00fanen las competencias anestesiol\u00f3gicas, de medicina interna, neurol\u00f3gicas y neuroquir\u00fargicas. Por supuesto, todo ello debe apoyarse en un diagn\u00f3stico por imagen \u00f3ptimo, as\u00ed como en las posibilidades de las intervenciones neurorradiol\u00f3gicas. Sin embargo, no hay que descuidar el hecho de que una unidad de cuidados neurointensivos s\u00f3lo funciona bien si, de forma similar a la cooperaci\u00f3n entre neur\u00f3logos, neurocirujanos, internistas y anestesistas, la enfermer\u00eda, los fisioterapeutas y, sobre todo, los logopedas tambi\u00e9n funcionan bien juntos. En particular, el reto reside en el hecho de que las disciplinas individuales y tambi\u00e9n los sectores de la enfermer\u00eda y la terapia interact\u00faan e intercambian entre s\u00ed y no s\u00f3lo coexisten, subray\u00f3 el experto.<\/p>\n\n<p><em>Congreso: Conferencia de Trabajo sobre Medicina Neurointensiva (ANIM)<\/em><br\/><\/p>\n\n<p><em>InFo NEUROLOGIE &amp; PSYCHIATRIE 2023; 21(1): 29<\/em><\/p>\n","protected":false},"excerpt":{"rendered":"<p>Se calcula que entre el uno y el dos por ciento de los adultos en Alemania tienen un aneurisma vascular en el cerebro. Si este aneurisma estalla, es una emergencia&hellip;<\/p>\n","protected":false},"author":7,"featured_media":350574,"comment_status":"closed","ping_status":"closed","sticky":false,"template":"","format":"standard","meta":{"_acf_changed":false,"pmpro_default_level":"","cat_1_feature_home_top":false,"cat_2_editor_pick":false,"csco_eyebrow_text":"Medicina neurointensiva","footnotes":""},"category":[11346,11483,11289,11288,11328,11430,11552,11292],"tags":[31619,32189,12525,32656,15193,28122],"powerkit_post_featured":[],"class_list":["post-352620","post","type-post","status-publish","format-standard","has-post-thumbnail","category-cirugia","category-el-congreso-informa","category-medicina-de-urgencias-y-cuidados-intensivos","category-medicina-interna-general","category-neurologia","category-prevencion-y-asistencia-sanitaria","category-rx-es","category-traumatologia-y-cirugia-traumatologica","tag-aneurisma-es","tag-emergencia","tag-interdisciplinario","tag-lesion-cerebral-traumatica","tag-medicina-neurointensiva","tag-neurocirugia","pmpro-has-access"],"acf":[],"publishpress_future_action":{"enabled":false,"date":"2026-05-09 00:34:54","action":"change-status","newStatus":"draft","terms":[],"taxonomy":"category","extraData":[]},"publishpress_future_workflow_manual_trigger":{"enabledWorkflows":[]},"wpml_current_locale":"es_ES","wpml_translations":[],"_links":{"self":[{"href":"https:\/\/medizinonline.com\/es\/wp-json\/wp\/v2\/posts\/352620","targetHints":{"allow":["GET"]}}],"collection":[{"href":"https:\/\/medizinonline.com\/es\/wp-json\/wp\/v2\/posts"}],"about":[{"href":"https:\/\/medizinonline.com\/es\/wp-json\/wp\/v2\/types\/post"}],"author":[{"embeddable":true,"href":"https:\/\/medizinonline.com\/es\/wp-json\/wp\/v2\/users\/7"}],"replies":[{"embeddable":true,"href":"https:\/\/medizinonline.com\/es\/wp-json\/wp\/v2\/comments?post=352620"}],"version-history":[{"count":3,"href":"https:\/\/medizinonline.com\/es\/wp-json\/wp\/v2\/posts\/352620\/revisions"}],"predecessor-version":[{"id":354225,"href":"https:\/\/medizinonline.com\/es\/wp-json\/wp\/v2\/posts\/352620\/revisions\/354225"}],"wp:featuredmedia":[{"embeddable":true,"href":"https:\/\/medizinonline.com\/es\/wp-json\/wp\/v2\/media\/350574"}],"wp:attachment":[{"href":"https:\/\/medizinonline.com\/es\/wp-json\/wp\/v2\/media?parent=352620"}],"wp:term":[{"taxonomy":"category","embeddable":true,"href":"https:\/\/medizinonline.com\/es\/wp-json\/wp\/v2\/category?post=352620"},{"taxonomy":"post_tag","embeddable":true,"href":"https:\/\/medizinonline.com\/es\/wp-json\/wp\/v2\/tags?post=352620"},{"taxonomy":"powerkit_post_featured","embeddable":true,"href":"https:\/\/medizinonline.com\/es\/wp-json\/wp\/v2\/powerkit_post_featured?post=352620"}],"curies":[{"name":"wp","href":"https:\/\/api.w.org\/{rel}","templated":true}]}}