{"id":357915,"date":"2023-05-08T16:58:05","date_gmt":"2023-05-08T14:58:05","guid":{"rendered":"https:\/\/medizinonline.com\/terapia-si-la-quimioterapia-intensiva-no-es-posible\/"},"modified":"2023-05-15T09:53:37","modified_gmt":"2023-05-15T07:53:37","slug":"terapia-si-la-quimioterapia-intensiva-no-es-posible","status":"publish","type":"post","link":"https:\/\/medizinonline.com\/es\/terapia-si-la-quimioterapia-intensiva-no-es-posible\/","title":{"rendered":"Terapia &#8211; si la quimioterapia intensiva no es posible"},"content":{"rendered":"\n<p><strong>La LMA afecta predominantemente a personas mayores, que a menudo no son aptas para la quimioterapia intensiva debido a su edad y a enfermedades previas. Los pacientes m\u00e1s j\u00f3venes tambi\u00e9n pueden no ser aptos para recibir quimioterapia intensiva debido a comorbilidades o caracter\u00edsticas gen\u00e9ticas desfavorables<sup>.1<\/sup> El tratamiento con Venclyxto\u00ae + Aza demostr\u00f3 su eficacia en este grupo de pacientes con LMA reci\u00e9n diagnosticada en el ensayo VIALE- A (NCT02993523)<sup>.1<\/sup> En el webcast, PD. El Dr. med. Boris Schleiffenbaum present\u00f3 los datos del estudio actual y el caso de un paciente.  <\/strong><\/p>\n\n<!--more-->\n\n<figure class=\"wp-block-image size-full is-resized\"><img decoding=\"async\" data-src=\"https:\/\/medizinonline.com\/wp-content\/uploads\/2023\/04\/4159-pd-dr-med-boris-schleiffenbaum-1.webp\" alt=\"\" class=\"wp-image-357079 lazyload\" width=\"219\" height=\"219\" data-srcset=\"https:\/\/medizinonline.com\/wp-content\/uploads\/2023\/04\/4159-pd-dr-med-boris-schleiffenbaum-1.webp 400w, https:\/\/medizinonline.com\/wp-content\/uploads\/2023\/04\/4159-pd-dr-med-boris-schleiffenbaum-1-80x80.webp 80w, https:\/\/medizinonline.com\/wp-content\/uploads\/2023\/04\/4159-pd-dr-med-boris-schleiffenbaum-1-120x120.webp 120w, https:\/\/medizinonline.com\/wp-content\/uploads\/2023\/04\/4159-pd-dr-med-boris-schleiffenbaum-1-90x90.webp 90w, https:\/\/medizinonline.com\/wp-content\/uploads\/2023\/04\/4159-pd-dr-med-boris-schleiffenbaum-1-320x320.webp 320w\" data-sizes=\"(max-width: 219px) 100vw, 219px\" src=\"data:image\/svg+xml;base64,PHN2ZyB3aWR0aD0iMSIgaGVpZ2h0PSIxIiB4bWxucz0iaHR0cDovL3d3dy53My5vcmcvMjAwMC9zdmciPjwvc3ZnPg==\" style=\"--smush-placeholder-width: 219px; --smush-placeholder-aspect-ratio: 219\/219;\" \/><\/figure>\n\n<div class=\"wp-block-group is-vertical is-layout-flex wp-container-core-group-is-layout-fe9cc265 wp-block-group-is-layout-flex\">\n<p><strong>PD Dr. med. Boris Schleiffenbaum<\/strong><br\/>Hematolog\u00eda y Medicina Interna General<br\/>Grupo Hirslanden<\/p>\n<\/div>\n\n<p><\/p>\n\n<figure class=\"wp-block-embed is-type-video is-provider-vimeo wp-block-embed-vimeo wp-embed-aspect-16-9 wp-has-aspect-ratio\"><div class=\"wp-block-embed__wrapper\">\n<iframe title=\"Webcaste_Schleiffenbaum_JBe_1.2\" data-src=\"https:\/\/player.vimeo.com\/video\/822050035?h=b0d60194ea&amp;dnt=1&amp;app_id=122963\" width=\"1160\" height=\"653\" frameborder=\"0\" allow=\"autoplay; fullscreen; picture-in-picture\" allowfullscreen src=\"data:image\/svg+xml;base64,PHN2ZyB3aWR0aD0iMSIgaGVpZ2h0PSIxIiB4bWxucz0iaHR0cDovL3d3dy53My5vcmcvMjAwMC9zdmciPjwvc3ZnPg==\" class=\"lazyload\" data-load-mode=\"1\"><\/iframe>\n<\/div><\/figure>\n\n<p>Dr. sc. nat. Katja Becker<\/p>\n\n<p>Este art\u00edculo ha sido elaborado con el apoyo financiero de AbbVie AG, Alte Steinhauserstrasse 14, Cham.<\/p>\n\n<p>CH-VNCAML-230008 04\/2023<\/p>\n\n<p><a href=\"https:\/\/medizinonline.com\/es\/breve-informacion-tematica\/\">La informaci\u00f3n resumida de <\/a><a href=\"https:\/\/medizinonline.com\/es\/breve-informacion-tematica\/\" target=\"_blank\" rel=\"noreferrer noopener\">Venetoclax<\/a><a href=\"https:\/\/medizinonline.com\/es\/breve-informacion-tematica\/\">\u00ae<\/a> <\/p>\n\n<p><strong>Literatura<\/strong><\/p>\n\n<p>1 DiNardo CD et al. Azacitidina y venetoclax en la leucemia mieloide aguda no tratada previamente<em>.<\/em> N Engl J Med, 2020. 383(7): p. 617-629.<\/p>\n\n<p> Los profesionales pueden solicitar las referencias en medinfo.ch@abbvie.com.<\/p>\n\n<p>Contribuci\u00f3n en l\u00ednea desde el 08.05.2023<\/p>\n","protected":false},"excerpt":{"rendered":"<p>La LMA afecta predominantemente a personas mayores, que a menudo no son aptas para la quimioterapia intensiva debido a su edad y a enfermedades previas. Los pacientes m\u00e1s j\u00f3venes tambi\u00e9n&hellip;<\/p>\n","protected":false},"author":17,"featured_media":357921,"comment_status":"closed","ping_status":"closed","sticky":false,"template":"","format":"standard","meta":{"_acf_changed":false,"pmpro_default_level":"","cat_1_feature_home_top":false,"cat_2_editor_pick":false,"csco_eyebrow_text":"Leucemia mieloide aguda","footnotes":""},"category":[11296,11321,11288,11336,11552],"tags":[],"powerkit_post_featured":[],"class_list":["post-357915","post","type-post","status-publish","format-standard","has-post-thumbnail","category-contenido-para-socios","category-hematologia","category-medicina-interna-general","category-oncologia","category-rx-es","pmpro-has-access"],"acf":[],"publishpress_future_action":{"enabled":false,"date":"2026-05-03 23:42:19","action":"change-status","newStatus":"draft","terms":[],"taxonomy":"category","extraData":[]},"publishpress_future_workflow_manual_trigger":{"enabledWorkflows":[]},"wpml_current_locale":"es_ES","wpml_translations":[],"_links":{"self":[{"href":"https:\/\/medizinonline.com\/es\/wp-json\/wp\/v2\/posts\/357915","targetHints":{"allow":["GET"]}}],"collection":[{"href":"https:\/\/medizinonline.com\/es\/wp-json\/wp\/v2\/posts"}],"about":[{"href":"https:\/\/medizinonline.com\/es\/wp-json\/wp\/v2\/types\/post"}],"author":[{"embeddable":true,"href":"https:\/\/medizinonline.com\/es\/wp-json\/wp\/v2\/users\/17"}],"replies":[{"embeddable":true,"href":"https:\/\/medizinonline.com\/es\/wp-json\/wp\/v2\/comments?post=357915"}],"version-history":[{"count":1,"href":"https:\/\/medizinonline.com\/es\/wp-json\/wp\/v2\/posts\/357915\/revisions"}],"predecessor-version":[{"id":357927,"href":"https:\/\/medizinonline.com\/es\/wp-json\/wp\/v2\/posts\/357915\/revisions\/357927"}],"wp:featuredmedia":[{"embeddable":true,"href":"https:\/\/medizinonline.com\/es\/wp-json\/wp\/v2\/media\/357921"}],"wp:attachment":[{"href":"https:\/\/medizinonline.com\/es\/wp-json\/wp\/v2\/media?parent=357915"}],"wp:term":[{"taxonomy":"category","embeddable":true,"href":"https:\/\/medizinonline.com\/es\/wp-json\/wp\/v2\/category?post=357915"},{"taxonomy":"post_tag","embeddable":true,"href":"https:\/\/medizinonline.com\/es\/wp-json\/wp\/v2\/tags?post=357915"},{"taxonomy":"powerkit_post_featured","embeddable":true,"href":"https:\/\/medizinonline.com\/es\/wp-json\/wp\/v2\/powerkit_post_featured?post=357915"}],"curies":[{"name":"wp","href":"https:\/\/api.w.org\/{rel}","templated":true}]}}