{"id":358990,"date":"2023-07-09T00:01:00","date_gmt":"2023-07-08T22:01:00","guid":{"rendered":"https:\/\/medizinonline.com\/?p=358990"},"modified":"2023-07-28T10:17:51","modified_gmt":"2023-07-28T08:17:51","slug":"en-que-medida-ayuda-la-actividad-fisica-con-la-fibrosis-quistica","status":"publish","type":"post","link":"https:\/\/medizinonline.com\/es\/en-que-medida-ayuda-la-actividad-fisica-con-la-fibrosis-quistica\/","title":{"rendered":"\u00bfEn qu\u00e9 medida ayuda la actividad f\u00edsica con la fibrosis qu\u00edstica?"},"content":{"rendered":"\n<p><strong>Los efectos de la fibrosis qu\u00edstica (FQ), como la disfunci\u00f3n pancre\u00e1tica, los electrolitos elevados en el sudor y la infertilidad masculina, pueden tener un efecto acumulativo a lo largo del tiempo que supone una gran carga terap\u00e9utica. Junto con el sufrimiento causado por la enfermedad, esto puede afectar a la actividad f\u00edsica de los afectados. En un art\u00edculo de revisi\u00f3n, las correlaciones se pusieron bajo el microscopio.<\/strong><\/p>\n\n<!--more-->\n\n<p>Los beneficios inmediatos y a largo plazo de la actividad f\u00edsica regular para las personas con buena salud general han sido ampliamente demostrados. Y para las personas con fibrosis qu\u00edstica, las investigaciones tambi\u00e9n sugieren que existen beneficios espec\u00edficos para la salud, tales como<\/p>\n\n<ul class=\"wp-block-list\">\n<li>Deterioro m\u00e1s lento de la funci\u00f3n pulmonar<\/li>\n\n\n\n<li>Menos estancias hospitalarias<\/li>\n\n\n\n<li>Mejora de la calidad de vida (CdV) y del estado nutricional<\/li>\n\n\n\n<li>Mejorar el pron\u00f3stico tanto en ni\u00f1os como en adultos con fibrosis qu\u00edstica.<\/li>\n<\/ul>\n\n<p>Los niveles m\u00e1s altos de actividad f\u00edsica intensa (KA), denominados de moderada a intensa (MIKA) e intensa (IKA), mejoran la protecci\u00f3n de la salud a largo plazo en comparaci\u00f3n con los niveles relativamente bajos, escriben la Dra. Manon Kinaupenne de la Universidad de Gante y sus colegas [1]. De hecho, con una disminuci\u00f3n general del KA, se observa un aumento de los casos de enfermedad grave.<\/p>\n\n<p>En 2020, la OMS public\u00f3 nuevas directrices KA para la poblaci\u00f3n general, pero hasta la fecha no existen criterios de este tipo espec\u00edficos para las personas con fibrosis qu\u00edstica. La ERR (Revisi\u00f3n Respiratoria Europea) revis\u00f3 la bibliograf\u00eda sobre los niveles de KA en personas con FQ en comparaci\u00f3n con sus pares sanos e identific\u00f3 los correlatos generales y espec\u00edficos de la enfermedad de los niveles de KA en pacientes con FQ para desarrollar futuras intervenciones para este grupo.<\/p>\n\n<h3 id=\"el-entrenamiento-intensivo-mejora-la-funcion-pulmonar\" class=\"wp-block-heading\">El entrenamiento intensivo mejora la funci\u00f3n pulmonar<\/h3>\n\n<p>La revisi\u00f3n hall\u00f3 que la actividad f\u00edsica ligera (LKA) y la cantidad total de actividad f\u00edsica en personas con FQ era comparable a la de la poblaci\u00f3n sana, aunque el tiempo dedicado a la M(I)KA era menos frecuente, y espec\u00edficamente en los pacientes con FQ m\u00e1s j\u00f3venes. Los beneficios de la KA se manifiestan en t\u00e9rminos de calidad de vida, funci\u00f3n pulmonar, rendimiento f\u00edsico m\u00e1ximo y densidad mineral \u00f3sea, entre otros.<\/p>\n\n<p>Debido a la limitada capacidad aer\u00f3bica, se depende m\u00e1s del metabolismo anaer\u00f3bico durante la actividad f\u00edsica. Como resultado, hay una mayor producci\u00f3n de lactato y di\u00f3xido de carbono, lo que estresa el sistema de ventilaci\u00f3n. El malestar asociado probablemente disuade a algunos de los pacientes m\u00e1s j\u00f3venes con FQ de pasar a una actividad m\u00e1s intensa. Algunos estudios apoyan la suposici\u00f3n de que las personas m\u00e1s j\u00f3venes con FQ tienen en general una forma f\u00edsica aer\u00f3bica inferior en comparaci\u00f3n con sus compa\u00f1eros sanos. Una confirmaci\u00f3n adicional de esta tesis procede del descenso relativamente precoz de la MICA en pacientes precl\u00ednicos con enfermedades obstructivas cr\u00f3nicas. Lo que est\u00e1 claro, sin embargo, es que ninguno de los dos grupos (sanos o no) alcanza los 60 minutos diarios de actividad f\u00edsica recomendados.<\/p>\n\n<p>Los estudios centrados tanto en la poblaci\u00f3n sana como en individuos enfermos han demostrado que los periodos prolongados de M(I)KA alterada son precursores de una aparici\u00f3n m\u00e1s temprana de obesidad y enfermedades no transmisibles en la edad adulta (por ejemplo, enfermedades cardiovasculares y metab\u00f3licas).<\/p>\n\n<p>Con el desarrollo de los moduladores del CFTR**, el 80% de los pacientes con FQ tienen la opci\u00f3n de este tipo de terapia, que mejora la funci\u00f3n pulmonar; se ha observado que el \u00faltimo de estos moduladores mejora <sub>el FEV1<\/sub> en un 15%. Tambi\u00e9n resultan prometedores en otras \u00e1reas, pero se necesita m\u00e1s investigaci\u00f3n; los datos sobre c\u00f3mo afectan los moduladores del CFTR al rendimiento f\u00edsico tambi\u00e9n son limitados en la actualidad. Saber que el 20% de los pacientes no son aptos para estos moduladores podr\u00eda impulsar el desarrollo de intervenciones de KA que podr\u00edan integrarse como parte de un r\u00e9gimen de tratamiento m\u00e1s espec\u00edfico para cada paciente.<\/p>\n\n<p class=\"has-small-font-size\"><em>** CFTR = Regulador de la conductancia transmembrana<\/em><br\/><\/p>\n\n<h3 id=\"correlacion-positiva-tambien-entre-ka-y-calidad-de-vida\" class=\"wp-block-heading\">Correlaci\u00f3n positiva tambi\u00e9n entre KA y calidad de vida  <\/h3>\n\n<p>La calidad de vida de las personas con FQ suele describirse como pobre, y existen algunas pruebas de una asociaci\u00f3n positiva entre el KA y la calidad de vida en esta poblaci\u00f3n. Sin embargo, debido a los limitados datos disponibles y a la calidad de los datos existentes, hay m\u00e1s preguntas que respuestas a la hora de hacer recomendaciones sobre los momentos ideales para una posible rutina KA. Los autores escriben que se necesitan m\u00e1s estudios para averiguar si el tiempo y la rutina desempe\u00f1an un papel y si ciertas recomendaciones deben ser espec\u00edficas para cada sexo o no.<\/p>\n\n<p>Un signo de progresi\u00f3n de la enfermedad es la reducci\u00f3n de la funci\u00f3n pulmonar, que a su vez se asocia a una reducci\u00f3n de los niveles de M(I)KA; esto refleja los resultados observados en otros grupos con enfermedades respiratorias cr\u00f3nicas. El deterioro de la funci\u00f3n pulmonar aumenta el riesgo de exacerbaci\u00f3n pulmonar, lo que tiene el esperado efecto domin\u00f3 sobre el KA.<\/p>\n\n<p>Los investigadores concluyen que es necesario seguir investigando sobre la cuesti\u00f3n de la terapia. Algunos puntos que se consideran especialmente relevantes para seguir investigando en la revisi\u00f3n son la cuesti\u00f3n de qu\u00e9 factores intrapersonales modificables determinan los valores de KA de los pacientes con FQ y c\u00f3mo difieren de los de la poblaci\u00f3n sana, as\u00ed como la cuesti\u00f3n de hasta qu\u00e9 punto influye la terapia con moduladores de CFTR.<\/p>\n\n<p><\/p>\n\n<p>Literatura:<\/p>\n\n<ol class=\"wp-block-list\">\n<li>Kinaupenne M, De Craemer M, Schaballie H, et al: European Respiratory Review 2022; 31: 220010; doi: 10.1183\/16000617.0010-2022.<\/li>\n<\/ol>\n\n<p><\/p>\n\n<p class=\"has-small-font-size\"><em>InFo NEUMOLOG\u00cdA Y ALERGOLOG\u00cdA 2023; 5(2): 20<\/em><\/p>\n","protected":false},"excerpt":{"rendered":"<p>Los efectos de la fibrosis qu\u00edstica (FQ), como la disfunci\u00f3n pancre\u00e1tica, los electrolitos elevados en el sudor y la infertilidad masculina, pueden tener un efecto acumulativo a lo largo del&hellip;<\/p>\n","protected":false},"author":7,"featured_media":358992,"comment_status":"closed","ping_status":"closed","sticky":false,"template":"","format":"standard","meta":{"_acf_changed":false,"pmpro_default_level":"","cat_1_feature_home_top":false,"cat_2_editor_pick":false,"csco_eyebrow_text":"Fibrosis qu\u00edstica","footnotes":""},"category":[11298,11475,11478,11291,11288,11424,11552],"tags":[15522,42756,15524,12210,35371,47311,12211],"powerkit_post_featured":[],"class_list":["post-358990","post","type-post","status-publish","format-standard","has-post-thumbnail","category-alergologia-e-inmunologia-clinica","category-estudios","category-formacion-continua","category-medicina-deportiva","category-medicina-interna-general","category-neumologia","category-rx-es","tag-cf-es","tag-electrolitos-es","tag-fibrosis-quistica-es","tag-fibrosis-quistica","tag-funcion-pulmonar","tag-infertilidad","tag-moduladores-cftr-es","pmpro-has-access"],"acf":[],"publishpress_future_action":{"enabled":false,"date":"2026-05-03 20:34:05","action":"change-status","newStatus":"draft","terms":[],"taxonomy":"category","extraData":[]},"publishpress_future_workflow_manual_trigger":{"enabledWorkflows":[]},"wpml_current_locale":"es_ES","wpml_translations":[],"_links":{"self":[{"href":"https:\/\/medizinonline.com\/es\/wp-json\/wp\/v2\/posts\/358990","targetHints":{"allow":["GET"]}}],"collection":[{"href":"https:\/\/medizinonline.com\/es\/wp-json\/wp\/v2\/posts"}],"about":[{"href":"https:\/\/medizinonline.com\/es\/wp-json\/wp\/v2\/types\/post"}],"author":[{"embeddable":true,"href":"https:\/\/medizinonline.com\/es\/wp-json\/wp\/v2\/users\/7"}],"replies":[{"embeddable":true,"href":"https:\/\/medizinonline.com\/es\/wp-json\/wp\/v2\/comments?post=358990"}],"version-history":[{"count":1,"href":"https:\/\/medizinonline.com\/es\/wp-json\/wp\/v2\/posts\/358990\/revisions"}],"predecessor-version":[{"id":358993,"href":"https:\/\/medizinonline.com\/es\/wp-json\/wp\/v2\/posts\/358990\/revisions\/358993"}],"wp:featuredmedia":[{"embeddable":true,"href":"https:\/\/medizinonline.com\/es\/wp-json\/wp\/v2\/media\/358992"}],"wp:attachment":[{"href":"https:\/\/medizinonline.com\/es\/wp-json\/wp\/v2\/media?parent=358990"}],"wp:term":[{"taxonomy":"category","embeddable":true,"href":"https:\/\/medizinonline.com\/es\/wp-json\/wp\/v2\/category?post=358990"},{"taxonomy":"post_tag","embeddable":true,"href":"https:\/\/medizinonline.com\/es\/wp-json\/wp\/v2\/tags?post=358990"},{"taxonomy":"powerkit_post_featured","embeddable":true,"href":"https:\/\/medizinonline.com\/es\/wp-json\/wp\/v2\/powerkit_post_featured?post=358990"}],"curies":[{"name":"wp","href":"https:\/\/api.w.org\/{rel}","templated":true}]}}