{"id":359781,"date":"2023-06-16T00:03:00","date_gmt":"2023-06-15T22:03:00","guid":{"rendered":"https:\/\/medizinonline.com\/?p=359781"},"modified":"2023-06-14T12:11:13","modified_gmt":"2023-06-14T10:11:13","slug":"alergenos-importantes-y-comunes-una-vision-general-actualizada","status":"publish","type":"post","link":"https:\/\/medizinonline.com\/es\/alergenos-importantes-y-comunes-una-vision-general-actualizada\/","title":{"rendered":"Al\u00e9rgenos importantes y comunes &#8211; una visi\u00f3n general actualizada"},"content":{"rendered":"\n<p><strong>El eccema de contacto cr\u00f3nico suele ser una combinaci\u00f3n de eccema irritativo y al\u00e9rgico de contacto. La selecci\u00f3n de los al\u00e9rgenos de prueba est\u00e1 guiada por la anamnesis. Adem\u00e1s del n\u00edquel -que sigue siendo el desencadenante m\u00e1s com\u00fan de una alergia de contacto-, a menudo se produce una sensibilizaci\u00f3n de contacto a los ingredientes del caucho, los tintes textiles y las resinas epoxi, pero tambi\u00e9n a algunos de los conservantes que contienen los cosm\u00e9ticos. Tambi\u00e9n es frecuente la sensibilizaci\u00f3n a la parafenilendiamina, y la tendencia a la sensibilizaci\u00f3n a los acrilatos ha ido en aumento durante varios a\u00f1os.<\/strong><\/p>\n\n<!--more-->\n\n<p><\/p>\n\n<p>El a\u00f1o pasado se public\u00f3 una directriz S1 actualizada sobre el eccema de contacto, raz\u00f3n suficiente para arrojar nueva luz sobre el eccema de contacto, su evaluaci\u00f3n y los al\u00e9rgenos de contacto actuales. El eccema al\u00e9rgico de contacto es frecuente, con una prevalencia de hasta el 20%. Las mujeres se ven afectadas con m\u00e1s frecuencia que los hombres. En particular, debe diferenciarse el eccema de contacto irritante, pero existe toda una gama de otros diagn\u00f3sticos diferenciales <strong>(visi\u00f3n general 1) <\/strong>. El eccema de contacto cr\u00f3nico suele ser una combinaci\u00f3n de eccema irritativo y al\u00e9rgico de contacto, especialmente en las manos. En el caso de las manifestaciones de eccema, el reconocimiento del patr\u00f3n y, por tanto, del agente nocivo que podr\u00eda ser el desencadenante puede ser dif\u00edcil de reconocer porque el al\u00e9rgeno puede transmitirse de forma aer\u00f3gena o desde la pareja, o dislocado s\u00f3lo conduce al eccema (por ejemplo, se transmite de las manos a los p\u00e1rpados).<\/p>\n<div class=\"wp-block-image\">\n<figure class=\"aligncenter size-full is-resized\"><a href=\"https:\/\/medizinonline.com\/wp-content\/uploads\/2023\/06\/ubersicht1-DP3_s5.png\"><img fetchpriority=\"high\" decoding=\"async\" src=\"https:\/\/medizinonline.com\/wp-content\/uploads\/2023\/06\/ubersicht1-DP3_s5.png\" alt=\"\" class=\"wp-image-359452\" width=\"552\" height=\"240\" srcset=\"https:\/\/medizinonline.com\/wp-content\/uploads\/2023\/06\/ubersicht1-DP3_s5.png 1103w, https:\/\/medizinonline.com\/wp-content\/uploads\/2023\/06\/ubersicht1-DP3_s5-800x347.png 800w, https:\/\/medizinonline.com\/wp-content\/uploads\/2023\/06\/ubersicht1-DP3_s5-120x52.png 120w, https:\/\/medizinonline.com\/wp-content\/uploads\/2023\/06\/ubersicht1-DP3_s5-90x39.png 90w, https:\/\/medizinonline.com\/wp-content\/uploads\/2023\/06\/ubersicht1-DP3_s5-320x139.png 320w, https:\/\/medizinonline.com\/wp-content\/uploads\/2023\/06\/ubersicht1-DP3_s5-560x243.png 560w, https:\/\/medizinonline.com\/wp-content\/uploads\/2023\/06\/ubersicht1-DP3_s5-240x104.png 240w, https:\/\/medizinonline.com\/wp-content\/uploads\/2023\/06\/ubersicht1-DP3_s5-180x78.png 180w, https:\/\/medizinonline.com\/wp-content\/uploads\/2023\/06\/ubersicht1-DP3_s5-640x278.png 640w\" sizes=\"(max-width: 552px) 100vw, 552px\" \/><\/a><\/figure>\n<\/div>\n<h3 id=\"sustancias-alergenicas-historia-clinica-y-tendencias-de-frecuencia\" class=\"wp-block-heading\">Sustancias alerg\u00e9nicas: Historia cl\u00ednica y tendencias de frecuencia<\/h3>\n\n<p>La selecci\u00f3n de los al\u00e9rgenos que deben someterse a las pruebas debe guiarse por el historial m\u00e9dico. Independientemente de ello, las pruebas de la serie est\u00e1ndar<strong> (Tab. 1<\/strong> ) pueden detectar a menudo la sensibilizaci\u00f3n incluso en el caso de una anamnesis discreta. Los pacientes deben ser informados de antemano sobre los posibles riesgos. As\u00ed, la prueba epicut\u00e1nea puede provocar reacciones cut\u00e1neas irritativas pero tambi\u00e9n eccematosas de mayor duraci\u00f3n. Otro riesgo son los cambios de pigmento en la zona de prueba. En raras ocasiones, puede producirse un brote del eccema original o una sensibilizaci\u00f3n activa a causa de la prueba.<\/p>\n<div class=\"wp-block-image\">\n<figure class=\"aligncenter size-full is-resized\"><a href=\"https:\/\/medizinonline.com\/wp-content\/uploads\/2023\/06\/Tab1_DP3_s6.png\"><img decoding=\"async\" data-src=\"https:\/\/medizinonline.com\/wp-content\/uploads\/2023\/06\/Tab1_DP3_s6.png\" alt=\"\" class=\"wp-image-359453 lazyload\" width=\"220\" height=\"571\" data-srcset=\"https:\/\/medizinonline.com\/wp-content\/uploads\/2023\/06\/Tab1_DP3_s6.png 880w, https:\/\/medizinonline.com\/wp-content\/uploads\/2023\/06\/Tab1_DP3_s6-800x2075.png 800w, https:\/\/medizinonline.com\/wp-content\/uploads\/2023\/06\/Tab1_DP3_s6-789x2048.png 789w, https:\/\/medizinonline.com\/wp-content\/uploads\/2023\/06\/Tab1_DP3_s6-120x311.png 120w, https:\/\/medizinonline.com\/wp-content\/uploads\/2023\/06\/Tab1_DP3_s6-90x233.png 90w, https:\/\/medizinonline.com\/wp-content\/uploads\/2023\/06\/Tab1_DP3_s6-320x830.png 320w, https:\/\/medizinonline.com\/wp-content\/uploads\/2023\/06\/Tab1_DP3_s6-560x1453.png 560w, https:\/\/medizinonline.com\/wp-content\/uploads\/2023\/06\/Tab1_DP3_s6-240x623.png 240w, https:\/\/medizinonline.com\/wp-content\/uploads\/2023\/06\/Tab1_DP3_s6-180x467.png 180w, https:\/\/medizinonline.com\/wp-content\/uploads\/2023\/06\/Tab1_DP3_s6-640x1660.png 640w\" data-sizes=\"(max-width: 220px) 100vw, 220px\" src=\"data:image\/svg+xml;base64,PHN2ZyB3aWR0aD0iMSIgaGVpZ2h0PSIxIiB4bWxucz0iaHR0cDovL3d3dy53My5vcmcvMjAwMC9zdmciPjwvc3ZnPg==\" style=\"--smush-placeholder-width: 220px; --smush-placeholder-aspect-ratio: 220\/571;\" \/><\/a><\/figure>\n<\/div>\n<p><strong>N\u00edquel, cobalto: <\/strong>La &#8220;lista negra&#8221; de al\u00e9rgenos sigue encabezada por el n\u00edquel, aunque se observa una disminuci\u00f3n de la sensibilizaci\u00f3n. Sin embargo, el contenido de n\u00edquel en los materiales de joyer\u00eda y piercing sigue superando ocasionalmente los l\u00edmites permitidos por la directiva de la UE, por lo que sigue produci\u00e9ndose sensibilizaci\u00f3n, sobre todo en los pacientes m\u00e1s j\u00f3venes.<strong>  (Fig. 1).<\/strong>  Las maquinillas de afeitar y, algo menos claramente, los ratones de ordenador, los port\u00e1tiles y los tel\u00e9fonos m\u00f3viles tambi\u00e9n pueden ser fuentes de n\u00edquel, que debe registrarse anamn\u00e9sicamente en funci\u00f3n de la localizaci\u00f3n del eccema.<\/p>\n<div class=\"wp-block-image\">\n<figure class=\"aligncenter size-full is-resized\"><a href=\"https:\/\/medizinonline.com\/wp-content\/uploads\/2023\/06\/abb1_DP3_s6.jpg\"><img decoding=\"async\" data-src=\"https:\/\/medizinonline.com\/wp-content\/uploads\/2023\/06\/abb1_DP3_s6.jpg\" alt=\"\" class=\"wp-image-359454 lazyload\" width=\"231\" height=\"314\" data-srcset=\"https:\/\/medizinonline.com\/wp-content\/uploads\/2023\/06\/abb1_DP3_s6.jpg 923w, https:\/\/medizinonline.com\/wp-content\/uploads\/2023\/06\/abb1_DP3_s6-800x1087.jpg 800w, https:\/\/medizinonline.com\/wp-content\/uploads\/2023\/06\/abb1_DP3_s6-120x163.jpg 120w, https:\/\/medizinonline.com\/wp-content\/uploads\/2023\/06\/abb1_DP3_s6-90x122.jpg 90w, https:\/\/medizinonline.com\/wp-content\/uploads\/2023\/06\/abb1_DP3_s6-320x435.jpg 320w, https:\/\/medizinonline.com\/wp-content\/uploads\/2023\/06\/abb1_DP3_s6-560x761.jpg 560w, https:\/\/medizinonline.com\/wp-content\/uploads\/2023\/06\/abb1_DP3_s6-240x326.jpg 240w, https:\/\/medizinonline.com\/wp-content\/uploads\/2023\/06\/abb1_DP3_s6-180x245.jpg 180w, https:\/\/medizinonline.com\/wp-content\/uploads\/2023\/06\/abb1_DP3_s6-640x870.jpg 640w\" data-sizes=\"(max-width: 231px) 100vw, 231px\" src=\"data:image\/svg+xml;base64,PHN2ZyB3aWR0aD0iMSIgaGVpZ2h0PSIxIiB4bWxucz0iaHR0cDovL3d3dy53My5vcmcvMjAwMC9zdmciPjwvc3ZnPg==\" style=\"--smush-placeholder-width: 231px; --smush-placeholder-aspect-ratio: 231\/314;\" \/><\/a><\/figure>\n<\/div>\n<p>La sensibilizaci\u00f3n al cobalto tambi\u00e9n es frecuente y suele ir asociada a la sensibilizaci\u00f3n al n\u00edquel. Sin embargo, adem\u00e1s de esta alergia de acoplamiento a las sales met\u00e1licas de las joyas, el cobalto tambi\u00e9n puede observarse como al\u00e9rgeno aislado. Las fuentes de al\u00e9rgenos pueden ser los colores y el cuero. <\/p>\n\n<p><strong>Fragancias: <\/strong>Entre las causas crecientes de alergias de contacto a las fragancias se encuentran los hidroper\u00f3xidos de terpeno como el limoneno, el linalool y, ocasionalmente, el geraniol.<\/p>\n\n<p><strong>( <\/strong>Cloro)<strong>-metilisotiazolinona: <\/strong>El conservante (cloro)-metilisotiazolinona(MI) se utiliza cada vez m\u00e1s en cosm\u00e9ticos, productos de cuidado personal y del hogar desde la d\u00e9cada de 1980 y ha provocado una aut\u00e9ntica epidemia de sensibilizaci\u00f3n por contacto. Debido a una enmienda al Anexo V de la UE sobre Cosm\u00e9ticos V. 2018, se prohibi\u00f3 el uso de MI en productos cosm\u00e9ticos sin aclarado y se limit\u00f3 en los productos con aclarado a una concentraci\u00f3n que ya no es suficiente para un efecto conservante, por lo que el uso a este respecto en los productos ya no tiene sentido. La MI tambi\u00e9n puede observarse como toxina ocupacional<strong> (Fig. 2 <\/strong>) y entonces afecta principalmente a esteticistas y pintores.<\/p>\n<div class=\"wp-block-image\">\n<figure class=\"aligncenter size-large is-resized\"><a href=\"https:\/\/medizinonline.com\/wp-content\/uploads\/2023\/06\/abb2_DP3_s6.jpg\"><img decoding=\"async\" data-src=\"https:\/\/medizinonline.com\/wp-content\/uploads\/2023\/06\/abb2_DP3_s6-1160x954.jpg\" alt=\"\" class=\"wp-image-359457 lazyload\" width=\"290\" height=\"239\" data-srcset=\"https:\/\/medizinonline.com\/wp-content\/uploads\/2023\/06\/abb2_DP3_s6-1160x954.jpg 1160w, https:\/\/medizinonline.com\/wp-content\/uploads\/2023\/06\/abb2_DP3_s6-800x658.jpg 800w, https:\/\/medizinonline.com\/wp-content\/uploads\/2023\/06\/abb2_DP3_s6-120x99.jpg 120w, https:\/\/medizinonline.com\/wp-content\/uploads\/2023\/06\/abb2_DP3_s6-90x74.jpg 90w, https:\/\/medizinonline.com\/wp-content\/uploads\/2023\/06\/abb2_DP3_s6-320x263.jpg 320w, https:\/\/medizinonline.com\/wp-content\/uploads\/2023\/06\/abb2_DP3_s6-560x460.jpg 560w, https:\/\/medizinonline.com\/wp-content\/uploads\/2023\/06\/abb2_DP3_s6-240x197.jpg 240w, https:\/\/medizinonline.com\/wp-content\/uploads\/2023\/06\/abb2_DP3_s6-180x148.jpg 180w, https:\/\/medizinonline.com\/wp-content\/uploads\/2023\/06\/abb2_DP3_s6-640x526.jpg 640w, https:\/\/medizinonline.com\/wp-content\/uploads\/2023\/06\/abb2_DP3_s6-1120x921.jpg 1120w, https:\/\/medizinonline.com\/wp-content\/uploads\/2023\/06\/abb2_DP3_s6.jpg 1277w\" data-sizes=\"(max-width: 290px) 100vw, 290px\" src=\"data:image\/svg+xml;base64,PHN2ZyB3aWR0aD0iMSIgaGVpZ2h0PSIxIiB4bWxucz0iaHR0cDovL3d3dy53My5vcmcvMjAwMC9zdmciPjwvc3ZnPg==\" style=\"--smush-placeholder-width: 290px; --smush-placeholder-aspect-ratio: 290\/239;\" \/><\/a><\/figure>\n<\/div>\n<p><strong>Resina epoxi: <\/strong>La sensibilizaci\u00f3n a la resina epoxi, que se encuentra principalmente en la industria de la construcci\u00f3n, tambi\u00e9n es relevante desde el punto de vista ocupacional. Las alergias pueden producirse no s\u00f3lo a las resinas en s\u00ed, sino tambi\u00e9n de forma aislada a los diluyentes y endurecedores necesarios, por lo que \u00e9stos tambi\u00e9n deben analizarse siempre que se sospeche de su presencia.<\/p>\n\n<p><strong>Ingredientes de caucho: <\/strong>La sensibilizaci\u00f3n por contacto a los ingredientes de caucho tambi\u00e9n es frecuente. La sensibilizaci\u00f3n al tiuram es la m\u00e1s frecuente, seguida del ditiocarbamato y el mercaptobenzotiazol. Estas alergias pueden ser especialmente problem\u00e1ticas con los guantes de protecci\u00f3n, aunque no contengan l\u00e1tex.<\/p>\n\n<p><strong>Tintes textiles: <\/strong>muestran frecuencias de sensibilizaci\u00f3n de &gt;1%, por lo que debe considerarse la realizaci\u00f3n de pruebas epicut\u00e1neas de estos tintes en casos de eccema persistente o cr\u00f3nicamente recurrente de origen poco claro, especialmente en el tronco. Los pacientes afectados deben evitar los tejidos sint\u00e9ticos, ya que \u00e9stos se tratan m\u00e1s a menudo con tintes alerg\u00e9nicos (azoicos) que los tejidos de fibras naturales.<\/p>\n\n<p><strong>para-fenilendiamina: <\/strong>La sensibilizaci\u00f3n a la para-fenilendiamina por los tatuajes denominados &#8220;de henna negra&#8221; es una tendencia ininterrumpida <strong>(Fig. 3)<\/strong> en la sensibilizaci\u00f3n de contacto adquirida en vacaciones. Esta sensibilizaci\u00f3n imposibilita el posterior oscurecimiento del cabello (por ejemplo, con tintes que contengan toluylendiamina) y el trabajo en la peluquer\u00eda. Los supuestamente inofensivos &#8220;tatuajes temporales&#8221;, que s\u00f3lo se pintan, y que se ofrecen en las playas de vacaciones, pero ocasionalmente tambi\u00e9n en los hoteles o en las peluquer\u00edas, deben evitarse definitivamente.<\/p>\n<div class=\"wp-block-image\">\n<figure class=\"aligncenter size-full is-resized\"><a href=\"https:\/\/medizinonline.com\/wp-content\/uploads\/2023\/06\/abb3_DP3_s7.jpg\"><img decoding=\"async\" data-src=\"https:\/\/medizinonline.com\/wp-content\/uploads\/2023\/06\/abb3_DP3_s7.jpg\" alt=\"\" class=\"wp-image-359458 lazyload\" width=\"228\" height=\"342\" data-srcset=\"https:\/\/medizinonline.com\/wp-content\/uploads\/2023\/06\/abb3_DP3_s7.jpg 911w, https:\/\/medizinonline.com\/wp-content\/uploads\/2023\/06\/abb3_DP3_s7-800x1202.jpg 800w, https:\/\/medizinonline.com\/wp-content\/uploads\/2023\/06\/abb3_DP3_s7-120x180.jpg 120w, https:\/\/medizinonline.com\/wp-content\/uploads\/2023\/06\/abb3_DP3_s7-90x135.jpg 90w, https:\/\/medizinonline.com\/wp-content\/uploads\/2023\/06\/abb3_DP3_s7-320x481.jpg 320w, https:\/\/medizinonline.com\/wp-content\/uploads\/2023\/06\/abb3_DP3_s7-560x842.jpg 560w, https:\/\/medizinonline.com\/wp-content\/uploads\/2023\/06\/abb3_DP3_s7-240x361.jpg 240w, https:\/\/medizinonline.com\/wp-content\/uploads\/2023\/06\/abb3_DP3_s7-180x270.jpg 180w, https:\/\/medizinonline.com\/wp-content\/uploads\/2023\/06\/abb3_DP3_s7-640x962.jpg 640w\" data-sizes=\"(max-width: 228px) 100vw, 228px\" src=\"data:image\/svg+xml;base64,PHN2ZyB3aWR0aD0iMSIgaGVpZ2h0PSIxIiB4bWxucz0iaHR0cDovL3d3dy53My5vcmcvMjAwMC9zdmciPjwvc3ZnPg==\" style=\"--smush-placeholder-width: 228px; --smush-placeholder-aspect-ratio: 228\/342;\" \/><\/a><\/figure>\n<\/div>\n<p><strong>Sensibilizaciones al acrilato: <\/strong>est\u00e1n aumentando como consecuencia del uso de los correspondientes productos de laca de u\u00f1as y de adhesivos de acrilato para fijar sistemas de medici\u00f3n de glucosa y bombas de insulina.<\/p>\n\n<h3 id=\"recomendaciones-para-las-pruebas-epicutaneas\" class=\"wp-block-heading\">Recomendaciones para las pruebas epicut\u00e1neas<\/h3>\n\n<p>La prueba en s\u00ed s\u00f3lo debe realizarse despu\u00e9s de que el eczema agudo se haya curado. Los lugares de prueba son la espalda o los muslos. La zona de prueba no debe exponerse a los rayos UV durante las cuatro semanas anteriores a la aplicaci\u00f3n de la prueba. niveles, los corticosteroides locales deben suspenderse siete d\u00edas antes de la prueba en la zona de prueba. Los corticosteroides sist\u00e9micos y los antihistam\u00ednicos H1 tambi\u00e9n deber\u00edan haberse suspendido cinco d\u00edas antes de la prueba. La prueba debe pegarse durante 48 horas con lecturas despu\u00e9s de 48 y 72 horas. Este protocolo de prueba ofrece una mayor sensibilidad. En cambio, una lectura despu\u00e9s de 24 horas puede aumentar la especificidad. Una lectura posterior puede ser \u00fatil para ciertos al\u00e9rgenos (corticosteroides, formaldeh\u00eddo, liberadores de formaldeh\u00eddo\/resinas, p-fenilendiamina, metales) para poder registrar reacciones positivas.<\/p>\n\n<p>Las reacciones positivas se caracterizan por p\u00e1pulas e infiltrado. Si no son claramente visibles, la palpaci\u00f3n o la luz tangencial de una linterna pueden ser \u00fatiles. Las reacciones al\u00e9rgicas se caracterizan por la dispersi\u00f3n y un crescendo de la reacci\u00f3n, las reacciones irritantes est\u00e1n m\u00e1s definidas y son atr\u00f3ficas. Por \u00faltimo, los resultados deben evaluarse junto con la historia cl\u00ednica en lo que respecta a su relevancia cl\u00ednica. A efectos de documentaci\u00f3n, se entrega al paciente un documento escrito (pasaporte de alergia) en el que se enumeran las sustancias que han dado positivo y su posible aparici\u00f3n.<\/p>\n\n<p><strong>Mensajes para llevarse a casa<\/strong><\/p>\n\n<ul class=\"wp-block-list\">\n<li>El eccema de contacto irritante y al\u00e9rgico puede aparecer tras un da\u00f1o agudo, repetitivo o cr\u00f3nico de la barrera epid\u00e9rmica por irritantes.<\/li>\n\n\n\n<li>El diagn\u00f3stico de la dermatitis al\u00e9rgica de contacto se realiza probando la sensibilizaci\u00f3n de contacto a los al\u00e9rgenos causantes en la prueba epicut\u00e1nea.  <\/li>\n\n\n\n<li>La selecci\u00f3n de los al\u00e9rgenos de prueba debe guiarse por el historial m\u00e9dico. Los al\u00e9rgenos importantes son el n\u00edquel, el cobalto, los ingredientes del caucho, los tintes textiles y las resinas epoxi. Adem\u00e1s, el conservante (cloro)metilisotiazolinona (MI), cada vez m\u00e1s presente en los cosm\u00e9ticos, ha provocado una aut\u00e9ntica epidemia de sensibilizaci\u00f3n por contacto.  <\/li>\n\n\n\n<li>La sensibilizaci\u00f3n a la parafenilendiamina a trav\u00e9s de los llamados tatuajes de &#8220;henna negra&#8221; tambi\u00e9n se produce una y otra vez, y la sensibilizaci\u00f3n a los acrilatos aumenta constantemente como consecuencia del uso de los productos industriales correspondientes.<\/li>\n<\/ul>\n\n<p><\/p>\n\n<p>Para saber m\u00e1s:<\/p>\n\n<ul class=\"wp-block-list\">\n<li>Dickel H, et al: S1-Leitlinie Kontaktekzem. J Dtsch Dermatol Ges 2022; 20: 711-734.  <\/li>\n\n\n\n<li>Alinaghi F, et al: Prevalencia de la alergia de contacto en la poblaci\u00f3n general: Una revisi\u00f3n sistem\u00e1tica y metaan\u00e1lisis. Dermatitis de contacto 2019; 80: 77-85.  <\/li>\n\n\n\n<li>Johansen JD, Werfel T: Lo m\u00e1s destacado en dermatitis al\u00e9rgica de contacto 2018\/2019. Curr Opin Allergy Clin Immunol 2019; 19: 334-340.  <\/li>\n\n\n\n<li>Kreft B, Geier J: La perenne cuesti\u00f3n de la alergia a los conservantes: \u00bfqu\u00e9 se va, qu\u00e9 viene, qu\u00e9 se queda? Dermat\u00f3logo 2020; 71: 190-196.  <\/li>\n\n\n\n<li>Skudlik C, Geier J, John SM: Tendencias actuales en dermatolog\u00eda laboral. Dermatologist 2014; 65: 983-995. <\/li>\n\n\n\n<li>Richardson C, et al: Dermatitis por tel\u00e9fono m\u00f3vil en ni\u00f1os y adultos: una revisi\u00f3n de la literatura. Alergia, Inmunolog\u00eda y Neumolog\u00eda Pedi\u00e1tricas 2014; 27: 60-68.  <\/li>\n\n\n\n<li>L\u00e4uchli S, Lautenschlager S: Dermatitis de contacto tras tatuajes temporales de henna: un fen\u00f3meno en aumento. Swiss Med Wkly 2001; 131: 199-202. <\/li>\n\n\n\n<li>Kind F, Scherer K, Bircher AJ: Dermatitis de contacto a la parafenilendiamina del tinte capilar tras la sensibilizaci\u00f3n a los tatuajes de henna negra: un problema actual. JDDG 2012; 10: 572-578. <\/li>\n\n\n\n<li>Wagner N, Kamann S, Oppel E: Alergia de contacto a los sistemas de monitorizaci\u00f3n de la glucosa y a las bombas de insulina. Dermat\u00f3logo 2020; 71: 205-210.  <\/li>\n\n\n\n<li>Uter W, et al: Alergia de contacto emergente. Allergens and Public Health Impact. Int J Environ Res Public Health 2020; 17: 2404.  <\/li>\n\n\n\n<li>Oppel E, et al: Contact allergy to the Dexcom G6 glucose monitoring system-Role of 2,2&#8242;-methylenebis(6-tert-butyl-4-methylphenol) monoacrylate in the new adhesive. Dermatitis de contacto 2022; 87: 258-264.<\/li>\n<\/ul>\n\n<p><\/p>\n\n<p class=\"has-small-font-size\"><em>PR\u00c1CTICA DERMATOL\u00d3GICA 2023; 33(3): 5-7<\/em><\/p>\n","protected":false},"excerpt":{"rendered":"<p>El eccema de contacto cr\u00f3nico suele ser una combinaci\u00f3n de eccema irritativo y al\u00e9rgico de contacto. La selecci\u00f3n de los al\u00e9rgenos de prueba est\u00e1 guiada por la anamnesis. Adem\u00e1s del&hellip;<\/p>\n","protected":false},"author":7,"featured_media":359802,"comment_status":"closed","ping_status":"closed","sticky":false,"template":"","format":"standard","meta":{"_acf_changed":false,"pmpro_default_level":"","cat_1_feature_home_top":false,"cat_2_editor_pick":false,"csco_eyebrow_text":"Aclaraci\u00f3n sobre el eczema de contacto","footnotes":""},"category":[11298,11310,22619,11552],"tags":[25240,48707,61163,68820,68816,68804,68808,39251,68812,68788,68799,68781,68794],"powerkit_post_featured":[],"class_list":["post-359781","post","type-post","status-publish","format-standard","has-post-thumbnail","category-alergologia-e-inmunologia-clinica","category-dermatologia-y-venereologia","category-formacion-cme","category-rx-es","tag-alergenos","tag-conservante-es","tag-dermatitis-de-contacto","tag-eczema-alergico-de-contacto-es","tag-eczema-de-contacto-es-2","tag-eczema-irritante-es","tag-ingredientes-del-caucho","tag-niquel-es","tag-para-fenilendiamina","tag-pruebas-epicutaneas","tag-resinas-epoxi","tag-sustancias-alergenicas","tag-tintes-textiles","pmpro-has-access"],"acf":[],"publishpress_future_action":{"enabled":false,"date":"2026-05-06 15:50:21","action":"change-status","newStatus":"draft","terms":[],"taxonomy":"category","extraData":[]},"publishpress_future_workflow_manual_trigger":{"enabledWorkflows":[]},"wpml_current_locale":"es_ES","wpml_translations":[],"_links":{"self":[{"href":"https:\/\/medizinonline.com\/es\/wp-json\/wp\/v2\/posts\/359781","targetHints":{"allow":["GET"]}}],"collection":[{"href":"https:\/\/medizinonline.com\/es\/wp-json\/wp\/v2\/posts"}],"about":[{"href":"https:\/\/medizinonline.com\/es\/wp-json\/wp\/v2\/types\/post"}],"author":[{"embeddable":true,"href":"https:\/\/medizinonline.com\/es\/wp-json\/wp\/v2\/users\/7"}],"replies":[{"embeddable":true,"href":"https:\/\/medizinonline.com\/es\/wp-json\/wp\/v2\/comments?post=359781"}],"version-history":[{"count":1,"href":"https:\/\/medizinonline.com\/es\/wp-json\/wp\/v2\/posts\/359781\/revisions"}],"predecessor-version":[{"id":359821,"href":"https:\/\/medizinonline.com\/es\/wp-json\/wp\/v2\/posts\/359781\/revisions\/359821"}],"wp:featuredmedia":[{"embeddable":true,"href":"https:\/\/medizinonline.com\/es\/wp-json\/wp\/v2\/media\/359802"}],"wp:attachment":[{"href":"https:\/\/medizinonline.com\/es\/wp-json\/wp\/v2\/media?parent=359781"}],"wp:term":[{"taxonomy":"category","embeddable":true,"href":"https:\/\/medizinonline.com\/es\/wp-json\/wp\/v2\/category?post=359781"},{"taxonomy":"post_tag","embeddable":true,"href":"https:\/\/medizinonline.com\/es\/wp-json\/wp\/v2\/tags?post=359781"},{"taxonomy":"powerkit_post_featured","embeddable":true,"href":"https:\/\/medizinonline.com\/es\/wp-json\/wp\/v2\/powerkit_post_featured?post=359781"}],"curies":[{"name":"wp","href":"https:\/\/api.w.org\/{rel}","templated":true}]}}