{"id":368116,"date":"2023-10-29T00:01:00","date_gmt":"2023-10-28T22:01:00","guid":{"rendered":"https:\/\/medizinonline.com\/?p=368116"},"modified":"2023-10-26T22:41:28","modified_gmt":"2023-10-26T20:41:28","slug":"el-paciente-en-el-centro-de-la-gestion-del-tratamiento-2","status":"publish","type":"post","link":"https:\/\/medizinonline.com\/es\/el-paciente-en-el-centro-de-la-gestion-del-tratamiento-2\/","title":{"rendered":"El paciente en el centro de la gesti\u00f3n del tratamiento"},"content":{"rendered":"\n<p><strong>La esquizofrenia es una de las enfermedades mentales m\u00e1s graves y tambi\u00e9n es relativamente frecuente. El objetivo terap\u00e9utico general en el tratamiento de la esquizofrenia debe ser mantener o restaurar la funcionalidad cotidiana y la calidad de vida. El requisito previo para ello es un control suficiente de los s\u00edntomas y una buena prevenci\u00f3n de las reca\u00eddas.<\/strong><\/p>\n\n<!--more-->\n\n<p>La esquizofrenia es una de las enfermedades mentales m\u00e1s graves y es relativamente com\u00fan, con una prevalencia de alrededor del 1% de la poblaci\u00f3n mundial [1]. La tasa media de incidencia anual es de unos 15 casos nuevos por cada 100.000 habitantes [2]. La probabilidad de desarrollar esquizofrenia a lo largo de la vida es de alrededor del 0,6-1% en la poblaci\u00f3n general. Adem\u00e1s de las molestias relacionadas con los s\u00edntomas, conlleva un deterioro significativo de la funci\u00f3n ocupacional y psicosocial y, por tanto, de la calidad de vida. Seg\u00fan la OMS, es una de las diez principales razones de &#8220;a\u00f1os de vida afectados por la discapacidad&#8221; [1]. En algo menos de una cuarta parte de los pacientes, tras un tratamiento exitoso, s\u00f3lo queda un episodio psic\u00f3tico en su vida y su salud mental puede restablecerse por completo. Sin embargo, \u00e9ste no es el caso de m\u00e1s del 75% de los afectados [1]. Despu\u00e9s de fases de remisi\u00f3n (casi) completa, puede experimentar reca\u00eddas repetidas, a veces con s\u00edntomas residuales considerables con trastornos cognitivos y sociales <strong>(Fig. 1) <\/strong>. Esto hace que el empleo remunerado sea limitado o completamente imposible para aproximadamente el 70% de los pacientes [1]. Al mismo tiempo, las psicosis esquizofr\u00e9nicas ocasionan costes considerables para la econom\u00eda nacional. En Alemania, se calcula que alrededor del 2-4% de los costes totales de los servicios sanitarios se destinan a los pacientes esquizofr\u00e9nicos. En Suiza, es probable que las cifras sean similares. <\/p>\n<div class=\"wp-block-image\">\n<figure class=\"aligncenter size-full\"><a href=\"https:\/\/medizinonline.com\/wp-content\/uploads\/2023\/10\/abb1_NP5_s7.png\"><img fetchpriority=\"high\" decoding=\"async\" width=\"2002\" height=\"814\" src=\"https:\/\/medizinonline.com\/wp-content\/uploads\/2023\/10\/abb1_NP5_s7.png\" alt=\"\" class=\"wp-image-367846\" srcset=\"https:\/\/medizinonline.com\/wp-content\/uploads\/2023\/10\/abb1_NP5_s7.png 2002w, https:\/\/medizinonline.com\/wp-content\/uploads\/2023\/10\/abb1_NP5_s7-800x325.png 800w, https:\/\/medizinonline.com\/wp-content\/uploads\/2023\/10\/abb1_NP5_s7-1160x472.png 1160w, https:\/\/medizinonline.com\/wp-content\/uploads\/2023\/10\/abb1_NP5_s7-120x49.png 120w, https:\/\/medizinonline.com\/wp-content\/uploads\/2023\/10\/abb1_NP5_s7-90x37.png 90w, https:\/\/medizinonline.com\/wp-content\/uploads\/2023\/10\/abb1_NP5_s7-320x130.png 320w, https:\/\/medizinonline.com\/wp-content\/uploads\/2023\/10\/abb1_NP5_s7-560x228.png 560w, https:\/\/medizinonline.com\/wp-content\/uploads\/2023\/10\/abb1_NP5_s7-1920x781.png 1920w, https:\/\/medizinonline.com\/wp-content\/uploads\/2023\/10\/abb1_NP5_s7-240x98.png 240w, https:\/\/medizinonline.com\/wp-content\/uploads\/2023\/10\/abb1_NP5_s7-180x73.png 180w, https:\/\/medizinonline.com\/wp-content\/uploads\/2023\/10\/abb1_NP5_s7-640x260.png 640w, https:\/\/medizinonline.com\/wp-content\/uploads\/2023\/10\/abb1_NP5_s7-1120x455.png 1120w, https:\/\/medizinonline.com\/wp-content\/uploads\/2023\/10\/abb1_NP5_s7-1600x651.png 1600w\" sizes=\"(max-width: 2002px) 100vw, 2002px\" \/><\/a><\/figure>\n<\/div>\n<p>El desarrollo de antipsic\u00f3ticos con un perfil de eficacia\/efectos secundarios favorable fue el primer requisito previo para una gesti\u00f3n eficaz del tratamiento. \u00c9sta debe adaptarse a la fase respectiva de la enfermedad, as\u00ed como a las necesidades y deseos de los afectados [3]. El objetivo primordial de la terapia es ahora mantener la funcionalidad cotidiana y la calidad de vida. Ya en 2011, una revisi\u00f3n resum\u00eda que los nuevos antipsic\u00f3ticos deber\u00edan tener preferiblemente un perfil farmacodin\u00e1mico &#8220;equilibrado&#8221; que aborde la necesidad de eficacia sin comprometer el bienestar psiqui\u00e1trico o f\u00edsico. Adem\u00e1s, deben incluir un perfil farmacocin\u00e9tico seguro, r\u00e1pido y favorable, tener una ventana terap\u00e9utica definible y estar disponibles en diferentes formulaciones [4]. En comparaci\u00f3n con los agentes disponibles anteriormente, lo ideal ser\u00eda que mostraran al menos una eficacia similar para los s\u00edntomas positivos, la agitaci\u00f3n y la agresividad, y una mejor eficacia para los s\u00edntomas negativos o cognitivos, la prevenci\u00f3n de reca\u00eddas, las afecciones resistentes al tratamiento y los problemas relacionados como la depresi\u00f3n, la ansiedad y el consumo de sustancias.  <strong>(Tab. 1).  <\/strong>Una mejor tolerabilidad y la aceptaci\u00f3n subjetiva por parte de los pacientes tambi\u00e9n son importantes para promover el cumplimiento y la continuaci\u00f3n del tratamiento.<\/p>\n<div class=\"wp-block-image\">\n<figure class=\"aligncenter size-full\"><a href=\"https:\/\/medizinonline.com\/wp-content\/uploads\/2023\/10\/tab1_NP5_s7.png\"><img decoding=\"async\" width=\"1112\" height=\"914\" data-src=\"https:\/\/medizinonline.com\/wp-content\/uploads\/2023\/10\/tab1_NP5_s7.png\" alt=\"\" class=\"wp-image-367847 lazyload\" data-srcset=\"https:\/\/medizinonline.com\/wp-content\/uploads\/2023\/10\/tab1_NP5_s7.png 1112w, https:\/\/medizinonline.com\/wp-content\/uploads\/2023\/10\/tab1_NP5_s7-800x658.png 800w, https:\/\/medizinonline.com\/wp-content\/uploads\/2023\/10\/tab1_NP5_s7-120x99.png 120w, https:\/\/medizinonline.com\/wp-content\/uploads\/2023\/10\/tab1_NP5_s7-90x74.png 90w, https:\/\/medizinonline.com\/wp-content\/uploads\/2023\/10\/tab1_NP5_s7-320x263.png 320w, https:\/\/medizinonline.com\/wp-content\/uploads\/2023\/10\/tab1_NP5_s7-560x460.png 560w, https:\/\/medizinonline.com\/wp-content\/uploads\/2023\/10\/tab1_NP5_s7-240x197.png 240w, https:\/\/medizinonline.com\/wp-content\/uploads\/2023\/10\/tab1_NP5_s7-180x148.png 180w, https:\/\/medizinonline.com\/wp-content\/uploads\/2023\/10\/tab1_NP5_s7-640x526.png 640w\" data-sizes=\"(max-width: 1112px) 100vw, 1112px\" src=\"data:image\/svg+xml;base64,PHN2ZyB3aWR0aD0iMSIgaGVpZ2h0PSIxIiB4bWxucz0iaHR0cDovL3d3dy53My5vcmcvMjAwMC9zdmciPjwvc3ZnPg==\" style=\"--smush-placeholder-width: 1112px; --smush-placeholder-aspect-ratio: 1112\/914;\" \/><\/a><\/figure>\n<\/div>\n<h3 id=\"parametros-de-resultados-comunicados-por-los-pacientes\" class=\"wp-block-heading\">Par\u00e1metros de resultados comunicados por los pacientes <\/h3>\n\n<p>Desde entonces, el aspecto de los resultados relacionados con el paciente (PRO) se ha ido desplazando cada vez m\u00e1s hacia el centro de las consideraciones de una planificaci\u00f3n terap\u00e9utica centrada en el paciente y optimizada. El mero control de los s\u00edntomas ya no es suficiente hoy en d\u00eda. Porque esto no es sin\u00f3nimo de salud, bienestar y calidad de vida. M\u00e1s bien debe tenerse m\u00e1s en cuenta la calidad de vida a la hora de evaluar el \u00e9xito de la terapia [5]. Sin embargo, esto requiere fundamentalmente una adherencia adecuada para poder conseguir los efectos correspondientes. Aqu\u00ed es importante la relaci\u00f3n m\u00e9dico-paciente, con una buena comunicaci\u00f3n y una toma de decisiones compartida. Los criterios de los objetivos de un tratamiento centrados en el paciente incluyen los resultados funcionales, la recuperaci\u00f3n funcional, la recuperaci\u00f3n subjetiva y la calidad de vida <strong>(Fig. 2) <\/strong>.  <\/p>\n<div class=\"wp-block-image\">\n<figure class=\"aligncenter size-full\"><a href=\"https:\/\/medizinonline.com\/wp-content\/uploads\/2023\/10\/abb2_NP5_s7.png\"><img decoding=\"async\" width=\"1311\" height=\"1095\" data-src=\"https:\/\/medizinonline.com\/wp-content\/uploads\/2023\/10\/abb2_NP5_s7.png\" alt=\"\" class=\"wp-image-367848 lazyload\" data-srcset=\"https:\/\/medizinonline.com\/wp-content\/uploads\/2023\/10\/abb2_NP5_s7.png 1311w, https:\/\/medizinonline.com\/wp-content\/uploads\/2023\/10\/abb2_NP5_s7-800x668.png 800w, https:\/\/medizinonline.com\/wp-content\/uploads\/2023\/10\/abb2_NP5_s7-1160x969.png 1160w, https:\/\/medizinonline.com\/wp-content\/uploads\/2023\/10\/abb2_NP5_s7-120x100.png 120w, https:\/\/medizinonline.com\/wp-content\/uploads\/2023\/10\/abb2_NP5_s7-90x75.png 90w, https:\/\/medizinonline.com\/wp-content\/uploads\/2023\/10\/abb2_NP5_s7-320x267.png 320w, https:\/\/medizinonline.com\/wp-content\/uploads\/2023\/10\/abb2_NP5_s7-560x468.png 560w, https:\/\/medizinonline.com\/wp-content\/uploads\/2023\/10\/abb2_NP5_s7-240x200.png 240w, https:\/\/medizinonline.com\/wp-content\/uploads\/2023\/10\/abb2_NP5_s7-180x150.png 180w, https:\/\/medizinonline.com\/wp-content\/uploads\/2023\/10\/abb2_NP5_s7-640x535.png 640w, https:\/\/medizinonline.com\/wp-content\/uploads\/2023\/10\/abb2_NP5_s7-1120x935.png 1120w\" data-sizes=\"(max-width: 1311px) 100vw, 1311px\" src=\"data:image\/svg+xml;base64,PHN2ZyB3aWR0aD0iMSIgaGVpZ2h0PSIxIiB4bWxucz0iaHR0cDovL3d3dy53My5vcmcvMjAwMC9zdmciPjwvc3ZnPg==\" style=\"--smush-placeholder-width: 1311px; --smush-placeholder-aspect-ratio: 1311\/1095;\" \/><\/a><\/figure>\n<\/div>\n<p>El resultado funcional se basa generalmente en un nivel de funcionamiento (psico)social. Los d\u00e9ficits incluyen problemas con el manejo del rol social, la participaci\u00f3n en la comunidad, el afrontamiento de la vida cotidiana, la ocupaci\u00f3n y el manejo del hogar, la medicaci\u00f3n regular y el autocuidado b\u00e1sico [6]. En el curso a largo plazo, se atribuye gran importancia a las alteraciones neurocognitivas en particular. La recuperaci\u00f3n, definida como la remisi\u00f3n sintom\u00e1tica y funcional, as\u00ed como la mejor calidad de vida posible, es hoy en d\u00eda el objetivo terap\u00e9utico de las directrices. Esto requiere una mejora multidimensional y la estabilizaci\u00f3n de la enfermedad. Hasta ahora, s\u00f3lo uno de cada siete pacientes logra recuperarse durante al menos dos a\u00f1os [7,8].<\/p>\n\n<h3 id=\"del-control-de-los-sintomas-a-la-profilaxis-de-las-recaidas\" class=\"wp-block-heading\">Del control de los s\u00edntomas a la profilaxis de las reca\u00eddas<\/h3>\n\n<p>\u00bfQu\u00e9 significa esto para la gesti\u00f3n del tratamiento en la consulta? Existe consenso internacional en que el riesgo de recurrencia s\u00f3lo puede reducirse de forma sostenible mediante una combinaci\u00f3n de medidas medicinales, psicoterap\u00e9uticas y psicosociales [5]. Para una profilaxis eficaz de las reca\u00eddas, debe encontrarse para cada paciente el nivel ideal de protecci\u00f3n antipsic\u00f3tica con el menor n\u00famero posible de acontecimientos adversos. Pero encontrar la intervenci\u00f3n farmacol\u00f3gica adecuada no siempre es f\u00e1cil. Esto se debe a que apenas existen diferencias entre los distintos antipsic\u00f3ticos en cuanto a su eficacia sobre los s\u00edntomas positivos y negativos. Siempre que se tomen con regularidad. <\/p>\n\n<p>Una revisi\u00f3n sistem\u00e1tica examin\u00f3 32 antipsic\u00f3ticos orales para el tratamiento agudo de adultos esquizofr\u00e9nicos [9]. Se identificaron 54 417 estudios y finalmente se incluyeron en el an\u00e1lisis 402 estudios con datos de 53 463 participantes. Se observ\u00f3 que las estimaciones individuales del tama\u00f1o del efecto indicaban que todos los antipsic\u00f3ticos reduc\u00edan los s\u00edntomas generales m\u00e1s que el placebo (no significativo para seis f\u00e1rmacos), con tama\u00f1os medios del efecto que oscilaban entre -0,89 y -0,03 (mediana -0,42). Tambi\u00e9n se pudo concluir que las diferencias entre la mayor\u00eda de los f\u00e1rmacos no eran significativas. En t\u00e9rminos de eficacia y seguridad, muchos antipsic\u00f3ticos antiguos, que permiten pocas comparaciones directas, tambi\u00e9n obtuvieron buenos resultados en comparaci\u00f3n con los preparados m\u00e1s recientes. En general, los investigadores concluyen que existen algunas diferencias de eficacia entre los antipsic\u00f3ticos, pero que \u00e9stas son de naturaleza m\u00e1s gradual. Por otro lado, las diferencias en los efectos secundarios son m\u00e1s evidentes. <\/p>\n\n<p>Sin embargo, no se oculta el hecho de que estudios m\u00e1s antiguos pueden haber permanecido sin publicar debido a resultados negativos. Esto hace que una comparaci\u00f3n objetiva sea mucho m\u00e1s dif\u00edcil. Otro metaan\u00e1lisis aborda limitaciones similares con respecto a la respuesta al placebo [10]. Esto se debe a que result\u00f3 ser el predictor individual m\u00e1s fuerte del tama\u00f1o del efecto en an\u00e1lisis anteriores. Ahora se ha demostrado que se ve atenuada por una serie de factores relacionados con el dise\u00f1o y el paciente. En los an\u00e1lisis univariables, el a\u00f1o de publicaci\u00f3n m\u00e1s reciente, el mayor tama\u00f1o del estudio, el mayor n\u00famero de centros de estudio, el uso de la escala PANSS en lugar de la escala BPRS para medir la respuesta, los periodos de lavado m\u00e1s cortos, la menor duraci\u00f3n del estudio, la edad media m\u00e1s baja y la menor duraci\u00f3n de la enfermedad se asociaron a una mayor respuesta al placebo. En un an\u00e1lisis multivariable, s\u00f3lo el n\u00famero de participantes en el estudio y la edad media de los participantes influyeron en la respuesta al placebo. En definitiva, demuestra que evaluar la eficacia diferencial de los antipsic\u00f3ticos es muy dif\u00edcil en ausencia de estudios cara a cara.<\/p>\n\n<h3 id=\"criterio-de-decision-efectos-secundarios\" class=\"wp-block-heading\">Criterio de decisi\u00f3n efectos secundarios<\/h3>\n\n<p>Sin embargo, el espectro de efectos secundarios es especialmente relevante para una buena adherencia. Esto se debe a que, en los pacientes con esquizofrenia, los acontecimientos adversos est\u00e1n estrechamente relacionados con la falta de adherencia a la medicaci\u00f3n. Por lo tanto, la prevenci\u00f3n, la detecci\u00f3n y la gesti\u00f3n eficaz de los efectos secundarios relacionados con la medicaci\u00f3n son importantes para maximizar la adherencia al tratamiento y reducir el uso de recursos sanitarios en la esquizofrenia. Se ha comprobado que los efectos sedantes y el aumento de peso son relevantes para el paciente y un motivo frecuente de interrupci\u00f3n del tratamiento [11]. Aunque cierta sedaci\u00f3n en el contexto agudo puede ser considerada beneficiosa por el equipo de tratamiento. Sin embargo, esto deber\u00eda conseguirse m\u00e1s bien mediante una adici\u00f3n temporal de sustancias sedantes como las benzodiacepinas. A largo plazo, el uso de antipsic\u00f3ticos con efecto sedante obstaculiza los objetivos terap\u00e9uticos primordiales de funcionalidad y calidad de vida.<\/p>\n\n<p>Por lo tanto, para aplicar la gesti\u00f3n \u00f3ptima del tratamiento para el paciente individual, es extremadamente relevante conocer las caracter\u00edsticas y, sobre todo, el perfil de efectos secundarios de las opciones farmacol\u00f3gicas disponibles [12\u201315]. De este modo, pueden adaptarse a las preferencias de la persona en cuesti\u00f3n y evitar acontecimientos no deseados. De este modo, no s\u00f3lo se refuerza la adherencia sino tambi\u00e9n la alianza terap\u00e9utica. <\/p>\n\n<h3 id=\"antipsicoticos-en-el-banco-de-pruebas\" class=\"wp-block-heading\">Antipsic\u00f3ticos en el banco de pruebas<\/h3>\n\n<p>Desde el descubrimiento de la clorpromazina en 1952, los antipsic\u00f3ticos de primera generaci\u00f3n (AGP) han revolucionado la atenci\u00f3n psiqui\u00e1trica al facilitar el alta hospitalaria y permitir que un gran n\u00famero de pacientes con enfermedades mentales graves sean tratados en la comunidad. Los antipsic\u00f3ticos de segunda generaci\u00f3n (AGS) iniciaron un cambio gradual desde el tratamiento paternalista de los s\u00edntomas del SMI hacia un enfoque centrado en el paciente que se centra en los objetivos que son importantes para los pacientes: el funcionamiento psicosocial, la calidad de vida y la recuperaci\u00f3n. Existen pruebas de que los AGS presentan un mejor perfil de seguridad y tolerabilidad en comparaci\u00f3n con los AGF. La incidencia de efectos secundarios extrapiramidales relacionados con el tratamiento es menor, y el deterioro de la funci\u00f3n cognitiva y los s\u00edntomas negativos relacionados con el tratamiento se producen con menos frecuencia. Sin embargo, el tratamiento con AGS se asocia a una serie de efectos adversos, de los cuales el aumento de peso relacionado con el tratamiento y las anomal\u00edas metab\u00f3licas son especialmente preocupantes [12]. En este caso, el cambio a antipsic\u00f3ticos con un bajo riesgo de aumento de peso puede ser prometedor. La suplementaci\u00f3n con medicamentos para perder peso, como la metformina o los GLP1-RA, tambi\u00e9n puede resultar una estrategia eficaz [15]. En cuanto a los efectos secundarios metab\u00f3licos, tambi\u00e9n existen claras diferencias, siendo la olanzapina y la clozapina las que presentan los peores perfiles y el aripiprazol, el brexpiprazol, la cariprazina, la lurasidona y la ziprasidona los que presentan los perfiles m\u00e1s favorables. El aumento del peso basal, el sexo masculino y la etnia no blanca son factores predictivos de la susceptibilidad a los cambios metab\u00f3licos inducidos por los antipsic\u00f3ticos . <\/p>\n\n<h3 id=\"conclusion\" class=\"wp-block-heading\">Conclusi\u00f3n<\/h3>\n\n<p>Las posibilidades de mantener o recuperar la funcionalidad cotidiana y la calidad de vida de los pacientes esquizofr\u00e9nicos han aumentado considerablemente. Los antipsic\u00f3ticos de segunda generaci\u00f3n se\u00f1alan el camino y ofrecen las posibilidades de una planificaci\u00f3n terap\u00e9utica centrada en el paciente y optimizada. <\/p>\n\n<h3 id=\"mensajes-para-llevarse-a-casa\" class=\"wp-block-heading\">Mensajes para llevarse a casa<\/h3>\n\n<ul class=\"wp-block-list\">\n<li>El objetivo terap\u00e9utico general en el tratamiento de la esquizofrenia debe ser mantener o restaurar la funcionalidad cotidiana y la calidad de vida.<\/li>\n\n\n\n<li>El requisito previo para ello es un control suficiente de los s\u00edntomas y una buena prevenci\u00f3n de las reca\u00eddas.<\/li>\n\n\n\n<li>Los antipsic\u00f3ticos individuales difieren menos en cuanto a su eficacia sobre los s\u00edntomas positivos y negativos, pero s\u00ed difieren en sus perfiles de efectos secundarios.<\/li>\n\n\n\n<li>Una gesti\u00f3n eficaz del tratamiento requiere una buena adherencia. Esto se basa en la toma de decisiones compartida y en evitar los acontecimientos adversos relevantes para el paciente.<\/li>\n\n\n\n<li>Los principales efectos secundarios para la interrupci\u00f3n de la terapia son un<br\/>efecto sedante as\u00ed como aumento de peso.<\/li>\n\n\n\n<li>El conocimiento de las caracter\u00edsticas respectivas de las opciones disponibles ayuda a reforzar la adherencia y, por tanto, tambi\u00e9n la alianza terap\u00e9utica.<\/li>\n<\/ul>\n\n<p><\/p>\n\n<p>Literatura:<\/p>\n\n<ol class=\"wp-block-list\">\n<li><a href=\"http:\/\/www.rki.de\/DE\/Content\/Gesundheitsmonitoring\/Gesundheitsberichterstattung\/GBEDownloadsT\/Schizophrenie.pdf?__blob=publicationFile\" target=\"_blank\" rel=\"noopener\">www.rki.de\/DE\/Content\/Gesundheitsmonitoring\/Gesundheitsberichterstattung\/GBEDownloadsT\/Schizophrenie.pdf?__blob=publicationFile<\/a> (\u00faltima consulta: 12.10.2023)<\/li>\n\n\n\n<li>R\u00f6ssler W: Epidemiolog\u00eda de la esquizofrenia. Foro M\u00e9dico Suizo; 2011: 11(48): 885-888.<\/li>\n\n\n\n<li>S3 Guideline Schizophrenia; Disponible en: <a href=\"http:\/\/www.dgppn.de\/%20_Resources\/Persistent\/88074695aeb16cfa00f4ac2d7174cd068d0658be\/038-009l_S3_Schizophrenie_2019-03.pdf\" target=\"_blank\" rel=\"noopener\">www.dgppn.de\/<br\/><\/a> _Resources\/Persistent\/88074695aeb16cfa00f4ac2d7174cd068d0658be\/038-009l_S3_Schizophrenia_2019-03 <a href=\"http:\/\/www.dgppn.de\/%20_Resources\/Persistent\/88074695aeb16cfa00f4ac2d7174cd068d0658be\/038-009l_S3_Schizophrenie_2019-03.pdf\" target=\"_blank\" rel=\"noopener\">.pdf<\/a> (\u00faltimo acceso 12.10.2023).<\/li>\n\n\n\n<li>Correll CU: \u00bfQu\u00e9 buscamos en los nuevos antipsic\u00f3ticos? J Clin Psychiatry 2011; 72: 9-13.<\/li>\n\n\n\n<li>Wietfeld R, Pechler S, Janetzky W, Leopold K: \u00c9xito de la terapia en la esquizofrenia: \u00bfes necesario un cambio de perspectiva? Un documento de debate. Psicofarmacoterapia 2019; 26: 185-191.<\/li>\n\n\n\n<li>Harvey PD, Velligan DI, Bellack AS: Medidas basadas en el rendimiento de las habilidades funcionales: utilidad en los estudios de tratamiento cl\u00ednico. Schizophr Bull 2007; 33: 1138-1148.<\/li>\n\n\n\n<li>Jaaskelainen E, Juola P, Hirvonen N, et al: Revisi\u00f3n sistem\u00e1tica y metaan\u00e1lisis de la recuperaci\u00f3n en la esquizofrenia. Schizophr Bull 2013; 39: 1296-1306.<\/li>\n\n\n\n<li>Kohl S, Kuhn J, Wiedemann K: Justificaci\u00f3n y objetivos del tratamiento farmacol\u00f3gico de la esquizofrenia. Psicofarmacoterapia 2014; 21: 85-95.<\/li>\n\n\n\n<li>Huhn M, Nikolakopoulou A, Schneider-Thoma J, et al: Eficacia comparativa y tolerabilidad de 32 antipsic\u00f3ticos orales para el tratamiento agudo de adultos con esquizofrenia multiepis\u00f3dica: una revisi\u00f3n sistem\u00e1tica y un metaan\u00e1lisis en red. Lancet 2019; 394: 939-951.<\/li>\n\n\n\n<li>Leucht S, Chaimani A, Leucht C, et al: 60 a\u00f1os de ensayos de f\u00e1rmacos antipsic\u00f3ticos controlados con placebo en la esquizofrenia aguda: metarregresi\u00f3n de los predictores de la respuesta al placebo. Investigaci\u00f3n sobre la esquizofrenia 2018; 201: 315-323.<\/li>\n\n\n\n<li>DiBonaventura M, Gabriel S, Dupclay L, et al: Una perspectiva del paciente sobre el impacto de los efectos secundarios de la medicaci\u00f3n en la adherencia: resultados de una encuesta transversal a nivel nacional de pacientes con esquizofrenia. BMC Psiquiatr\u00eda 2012; 12: 20.<\/li>\n\n\n\n<li>Solmi M, Murru A, Pacchiarotti I, et al: Seguridad, tolerabilidad y riesgos asociados a los antipsic\u00f3ticos de primera y segunda generaci\u00f3n: una revisi\u00f3n cl\u00ednica actualizada. Terap\u00e9utica y gesti\u00f3n de riesgos cl\u00ednicos 2017; 13: 757-777.<\/li>\n\n\n\n<li>Citrome L: Efectos adversos activadores y sedantes de los antipsic\u00f3ticos de segunda generaci\u00f3n en el tratamiento de la esquizofrenia y el trastorno depresivo mayor. J Clin Psychopharmacol 2017; 37: 138-147.<\/li>\n\n\n\n<li>Pillinger T, McCutcheon RA, Vano L, et al: Efectos comparativos de 18 antipsic\u00f3ticos sobre la funci\u00f3n metab\u00f3lica en pacientes con esquizofrenia, predictores de la desregulaci\u00f3n metab\u00f3lica y asociaci\u00f3n con la psicopatolog\u00eda: una revisi\u00f3n sistem\u00e1tica y un metaan\u00e1lisis en red. Lancet Psychiatry 2020; 7: 64-77.<\/li>\n\n\n\n<li>Marteene W, Winckel K, Hollingworth S, et al: Estrategias para contrarrestar el aumento de peso asociado a los antipsic\u00f3ticos en pacientes con esquizofrenia. Opini\u00f3n experta sobre la seguridad de los medicamentos 2019; 18: 1149-1160.<\/li>\n<\/ol>\n\n<p class=\"has-small-font-size\"><em>InFo NEUROLOG\u00edA Y PSIQUIATR\u00cdA 2023; 21(5): 6-9.<\/em><\/p>\n","protected":false},"excerpt":{"rendered":"<p>La esquizofrenia es una de las enfermedades mentales m\u00e1s graves y tambi\u00e9n es relativamente frecuente. El objetivo terap\u00e9utico general en el tratamiento de la esquizofrenia debe ser mantener o restaurar&hellip;<\/p>\n","protected":false},"author":7,"featured_media":368118,"comment_status":"closed","ping_status":"closed","sticky":false,"template":"","format":"standard","meta":{"_acf_changed":false,"pmpro_default_level":"","cat_1_feature_home_top":false,"cat_2_editor_pick":false,"csco_eyebrow_text":"Esquizofrenia","footnotes":""},"category":[11475,22619,11435,11552],"tags":[11881,11865,11882],"powerkit_post_featured":[],"class_list":["post-368116","post","type-post","status-publish","format-standard","has-post-thumbnail","category-estudios","category-formacion-cme","category-psiquiatria-y-psicoterapia","category-rx-es","tag-adherencia","tag-esquizofrenia-es","tag-terapia-centrada-en-el-paciente","pmpro-has-access"],"acf":[],"publishpress_future_action":{"enabled":false,"date":"2026-05-08 01:57:36","action":"change-status","newStatus":"draft","terms":[],"taxonomy":"category","extraData":[]},"publishpress_future_workflow_manual_trigger":{"enabledWorkflows":[]},"wpml_current_locale":"es_ES","wpml_translations":[],"_links":{"self":[{"href":"https:\/\/medizinonline.com\/es\/wp-json\/wp\/v2\/posts\/368116","targetHints":{"allow":["GET"]}}],"collection":[{"href":"https:\/\/medizinonline.com\/es\/wp-json\/wp\/v2\/posts"}],"about":[{"href":"https:\/\/medizinonline.com\/es\/wp-json\/wp\/v2\/types\/post"}],"author":[{"embeddable":true,"href":"https:\/\/medizinonline.com\/es\/wp-json\/wp\/v2\/users\/7"}],"replies":[{"embeddable":true,"href":"https:\/\/medizinonline.com\/es\/wp-json\/wp\/v2\/comments?post=368116"}],"version-history":[{"count":1,"href":"https:\/\/medizinonline.com\/es\/wp-json\/wp\/v2\/posts\/368116\/revisions"}],"predecessor-version":[{"id":368122,"href":"https:\/\/medizinonline.com\/es\/wp-json\/wp\/v2\/posts\/368116\/revisions\/368122"}],"wp:featuredmedia":[{"embeddable":true,"href":"https:\/\/medizinonline.com\/es\/wp-json\/wp\/v2\/media\/368118"}],"wp:attachment":[{"href":"https:\/\/medizinonline.com\/es\/wp-json\/wp\/v2\/media?parent=368116"}],"wp:term":[{"taxonomy":"category","embeddable":true,"href":"https:\/\/medizinonline.com\/es\/wp-json\/wp\/v2\/category?post=368116"},{"taxonomy":"post_tag","embeddable":true,"href":"https:\/\/medizinonline.com\/es\/wp-json\/wp\/v2\/tags?post=368116"},{"taxonomy":"powerkit_post_featured","embeddable":true,"href":"https:\/\/medizinonline.com\/es\/wp-json\/wp\/v2\/powerkit_post_featured?post=368116"}],"curies":[{"name":"wp","href":"https:\/\/api.w.org\/{rel}","templated":true}]}}