{"id":368888,"date":"2023-12-09T00:01:00","date_gmt":"2023-12-08T23:01:00","guid":{"rendered":"https:\/\/medizinonline.com\/?p=368888"},"modified":"2023-12-20T13:15:04","modified_gmt":"2023-12-20T12:15:04","slug":"dermatitis-atopica-y-microbioma-cutaneo-resultados-de-un-nuevo-estudio","status":"publish","type":"post","link":"https:\/\/medizinonline.com\/es\/dermatitis-atopica-y-microbioma-cutaneo-resultados-de-un-nuevo-estudio\/","title":{"rendered":"Dermatitis at\u00f3pica y microbioma cut\u00e1neo: resultados de un nuevo estudio"},"content":{"rendered":"\n<p><strong>Explorar los v\u00ednculos entre el microbioma cut\u00e1neo y la gravedad de la dermatitis at\u00f3pica (DA) y los cofactores relacionados con el paciente es un aspecto importante en el desarrollo de nuevas terapias personalizadas para la DA, especialmente las dirigidas al microbioma cut\u00e1neo. Teniendo esto en cuenta, un equipo de investigaci\u00f3n internacional puso en marcha un interesante estudio que se public\u00f3 en JEADV en 2023.<\/strong><\/p>\n\n<!--more-->\n\n<p>La dermatitis at\u00f3pica (DA) se caracteriza por lesiones eccematosas polimorfas con picor intenso y persistente [1\u20133,10]. La etiolog\u00eda es compleja y a\u00fan no se comprende del todo. En la patog\u00e9nesis intervienen diversos factores gen\u00e9ticos y ambientales. Entre ellas se incluyen reacciones inmunitarias proinflamatorias desreguladas y una barrera epid\u00e9rmica deteriorada debido a mutaciones de la filagrina [4,5]. Adem\u00e1s, los estudios emp\u00edricos indican que la EA est\u00e1 asociada a una disbiosis del microbioma cut\u00e1neo [6].<\/p>\n\n<h3 id=\"analisis-biologico-molecular-del-microbioma-cutaneo\" class=\"wp-block-heading\">An\u00e1lisis biol\u00f3gico molecular del microbioma cut\u00e1neo<\/h3>\n\n<p>En resumen de los hallazgos anteriores, puede afirmarse que el microbioma cut\u00e1neo de los pacientes con EA se caracteriza por una diversidad microbiana reducida y una composici\u00f3n alterada en comparaci\u00f3n con los individuos con piel sana [6]. Existen pruebas de que el aumento de la colonizaci\u00f3n por <em>Staphylococcus aureus (S. aureus<\/em> ) reduce la diversidad de la microbiota cut\u00e1nea en la zona de los lugares predilectos para la EA y de que la gravedad de la EA est\u00e1 asociada al microbioma cut\u00e1neo [7\u20139,10]. Para saber m\u00e1s, un equipo de investigaci\u00f3n internacional puso en marcha un estudio en el que se analiz\u00f3 el microbioma de la piel de 48 adultos con EA de moderada a grave mediante secuenciaci\u00f3n de nueva generaci\u00f3n (secuenciaci\u00f3n de amplicones** del gen ARNr 16S) [9].  <\/p>\n\n<p class=\"has-small-font-size\"><em>** Los &#8220;amplicones&#8221; son los fragmentos de ADN amplificados selectivamente<\/em><\/p>\n\n<p><\/p>\n\n<p><\/p>\n<div class=\"wp-block-image\">\n<figure class=\"aligncenter size-full is-resized\"><a href=\"https:\/\/medizinonline.com\/wp-content\/uploads\/2023\/11\/DP5-23_Druckdaten-21.png\"><img fetchpriority=\"high\" decoding=\"async\" width=\"2187\" height=\"984\" src=\"https:\/\/medizinonline.com\/wp-content\/uploads\/2023\/11\/DP5-23_Druckdaten-21.png\" alt=\"\" class=\"wp-image-368736\" style=\"width:500px\" srcset=\"https:\/\/medizinonline.com\/wp-content\/uploads\/2023\/11\/DP5-23_Druckdaten-21.png 2187w, https:\/\/medizinonline.com\/wp-content\/uploads\/2023\/11\/DP5-23_Druckdaten-21-800x360.png 800w, https:\/\/medizinonline.com\/wp-content\/uploads\/2023\/11\/DP5-23_Druckdaten-21-1160x522.png 1160w, https:\/\/medizinonline.com\/wp-content\/uploads\/2023\/11\/DP5-23_Druckdaten-21-2048x921.png 2048w, https:\/\/medizinonline.com\/wp-content\/uploads\/2023\/11\/DP5-23_Druckdaten-21-120x54.png 120w, https:\/\/medizinonline.com\/wp-content\/uploads\/2023\/11\/DP5-23_Druckdaten-21-90x40.png 90w, https:\/\/medizinonline.com\/wp-content\/uploads\/2023\/11\/DP5-23_Druckdaten-21-320x144.png 320w, https:\/\/medizinonline.com\/wp-content\/uploads\/2023\/11\/DP5-23_Druckdaten-21-560x252.png 560w, https:\/\/medizinonline.com\/wp-content\/uploads\/2023\/11\/DP5-23_Druckdaten-21-1920x864.png 1920w, https:\/\/medizinonline.com\/wp-content\/uploads\/2023\/11\/DP5-23_Druckdaten-21-240x108.png 240w, https:\/\/medizinonline.com\/wp-content\/uploads\/2023\/11\/DP5-23_Druckdaten-21-180x81.png 180w, https:\/\/medizinonline.com\/wp-content\/uploads\/2023\/11\/DP5-23_Druckdaten-21-640x288.png 640w, https:\/\/medizinonline.com\/wp-content\/uploads\/2023\/11\/DP5-23_Druckdaten-21-1120x504.png 1120w, https:\/\/medizinonline.com\/wp-content\/uploads\/2023\/11\/DP5-23_Druckdaten-21-1600x720.png 1600w\" sizes=\"(max-width: 2187px) 100vw, 2187px\" \/><\/a><\/figure>\n<\/div>\n<h3 id=\"conclusion-la-gravedad-de-la-ea-y-la-diversidad-microbiana-estan-asociadas\" class=\"wp-block-heading\">Conclusi\u00f3n: la gravedad de la EA y la diversidad microbiana est\u00e1n asociadas  <\/h3>\n\n<p>Los an\u00e1lisis mostraron que, en la piel lesional, la gravedad de la EA est\u00e1 asociada positivamente con la frecuencia relativa de <em>S. aureus<\/em> (r=0<sup>,53$<\/sup>, p&lt;0,001) y que existe una correlaci\u00f3n negativa con la &#8220;uniformidad&#8221;, es decir, una distribuci\u00f3n equitativa de las diferentes especies bacterianas (r= -0,58, p&lt;0,001) [9]. La regresi\u00f3n m\u00faltiple confirm\u00f3 la asociaci\u00f3n entre la gravedad de la EA y la diversidad del microbioma, incluidos el \u00edndice de <sup> Shannon&amp;<\/sup> (en la piel lesional, p&lt;0,001), la uniformidad (en la piel no lesional, p=0,015) y la abundancia relativa de<em> S. aureus<\/em> (p &lt;0,012). Estos resultados son coherentes con las conclusiones de estudios anteriores y aportan valiosas perspectivas adicionales. Por ejemplo, la menor &#8220;uniformidad&#8221; se debe principalmente a la abundancia relativa de <em>S. aureus<\/em> y menos a una menor &#8220;riqueza&#8221; (n\u00famero de g\u00e9neros\/especies bacterianas) del microbioma. Adem\u00e1s, la gravedad de la EA se asoci\u00f3 con los niveles de IgE de los pacientes (p&lt;0,001), la edad (p&lt;0,034) y el sexo (p=0,012).<\/p>\n\n<p class=\"has-small-font-size\"><em><sup>$<\/sup> r=coeficiente de correlaci\u00f3n (coeficiente de correlaci\u00f3n de rango de Spearman)<\/em><br\/><em><sup>&amp;<\/sup> \u00cdndice de Shannon = \u00cdndice de diversidad seg\u00fan Shannon<\/em><\/p>\n\n<p>\u00a0<\/p>\n\n<p class=\"has-small-font-size\"><\/p>\n\n<p>Literatura:<\/p>\n\n<ol class=\"wp-block-list\">\n<li>Weidinger S, et al: Nature Rev Dis Primers 2018; 4(1): 1.  <\/li>\n\n\n\n<li>Sroka-Tomaszewska J, Trzeciak M: Int J Mol Sci 2021; 22(8): 4130.  <\/li>\n\n\n\n<li>Wasserbauer N, Ballow M: Am J Med 2009; 122(2): 121-125.  <\/li>\n\n\n\n<li>Guttman-Yassky E, et al: Semin Cutan Med Surg 2017; 36(3): 100-103.<\/li>\n\n\n\n<li>Sacotte R, Silverberg JI: Clin Dermatol. 2018; 36(5): 595-605.<\/li>\n\n\n\n<li>Paller AS, et al: J Allergy Clin Immunol 2019; 143(1): 26-35.  <\/li>\n\n\n\n<li>Nakatsuji T, et al: Sci Transl Med 2017; 9(378).  <\/li>\n\n\n\n<li>Kong HH, et al: Genome Res 2012; 22(5): 850-859.  <\/li>\n\n\n\n<li>Rauer L, et al: JEADV 2023; 37(4): 772-782.  <\/li>\n\n\n\n<li>Deng T, et al: Clin Cosmet Investig Dermatol 2023; 16: 2153-2173.<\/li>\n\n\n\n<li>Kim JE, Kim HS: Microbioma de la piel y el intestino en la dermatitis at\u00f3pica (DA): comprensi\u00f3n de la fisiopatolog\u00eda y b\u00fasqueda de nuevas estrategias de tratamiento. Journal of Clinical Medicine 2019; 8(4): 444. www. <a href=\"http:\/\/www.mdpi.com\/2077-0383\/8\/4\/444#\" target=\"_blank\" rel=\"noopener\">mdpi.com\/2077-0383\/8\/4\/444#,<\/a>(\u00faltima consulta: 17 de octubre de 2023).<\/li>\n<\/ol>\n\n<p class=\"has-small-font-size\"><em>PR\u00c1CTICA DERMATOL\u00d3GICA 2023; 33(5): 19<\/em><\/p>\n","protected":false},"excerpt":{"rendered":"<p>Explorar los v\u00ednculos entre el microbioma cut\u00e1neo y la gravedad de la dermatitis at\u00f3pica (DA) y los cofactores relacionados con el paciente es un aspecto importante en el desarrollo de&hellip;<\/p>\n","protected":false},"author":7,"featured_media":368894,"comment_status":"closed","ping_status":"closed","sticky":false,"template":"","format":"standard","meta":{"_acf_changed":false,"pmpro_default_level":"","cat_1_feature_home_top":false,"cat_2_editor_pick":false,"csco_eyebrow_text":"Journal Club  ","footnotes":""},"category":[11298,11310,11475,11478,11372,11552],"tags":[12531,71949,67703,21681,71950,71948],"powerkit_post_featured":[],"class_list":["post-368888","post","type-post","status-publish","format-standard","has-post-thumbnail","category-alergologia-e-inmunologia-clinica","category-dermatologia-y-venereologia","category-estudios","category-formacion-continua","category-infectologia","category-rx-es","tag-dermatitis-atopica","tag-diversidad-microbiana","tag-jeadv-es","tag-microbioma-cutaneo","tag-rauer-et-al-es","tag-s-aureus-es","pmpro-has-access"],"acf":[],"publishpress_future_action":{"enabled":false,"date":"2026-05-05 04:17:48","action":"change-status","newStatus":"draft","terms":[],"taxonomy":"category","extraData":[]},"publishpress_future_workflow_manual_trigger":{"enabledWorkflows":[]},"wpml_current_locale":"es_ES","wpml_translations":[],"_links":{"self":[{"href":"https:\/\/medizinonline.com\/es\/wp-json\/wp\/v2\/posts\/368888","targetHints":{"allow":["GET"]}}],"collection":[{"href":"https:\/\/medizinonline.com\/es\/wp-json\/wp\/v2\/posts"}],"about":[{"href":"https:\/\/medizinonline.com\/es\/wp-json\/wp\/v2\/types\/post"}],"author":[{"embeddable":true,"href":"https:\/\/medizinonline.com\/es\/wp-json\/wp\/v2\/users\/7"}],"replies":[{"embeddable":true,"href":"https:\/\/medizinonline.com\/es\/wp-json\/wp\/v2\/comments?post=368888"}],"version-history":[{"count":1,"href":"https:\/\/medizinonline.com\/es\/wp-json\/wp\/v2\/posts\/368888\/revisions"}],"predecessor-version":[{"id":368895,"href":"https:\/\/medizinonline.com\/es\/wp-json\/wp\/v2\/posts\/368888\/revisions\/368895"}],"wp:featuredmedia":[{"embeddable":true,"href":"https:\/\/medizinonline.com\/es\/wp-json\/wp\/v2\/media\/368894"}],"wp:attachment":[{"href":"https:\/\/medizinonline.com\/es\/wp-json\/wp\/v2\/media?parent=368888"}],"wp:term":[{"taxonomy":"category","embeddable":true,"href":"https:\/\/medizinonline.com\/es\/wp-json\/wp\/v2\/category?post=368888"},{"taxonomy":"post_tag","embeddable":true,"href":"https:\/\/medizinonline.com\/es\/wp-json\/wp\/v2\/tags?post=368888"},{"taxonomy":"powerkit_post_featured","embeddable":true,"href":"https:\/\/medizinonline.com\/es\/wp-json\/wp\/v2\/powerkit_post_featured?post=368888"}],"curies":[{"name":"wp","href":"https:\/\/api.w.org\/{rel}","templated":true}]}}