{"id":369290,"date":"2023-12-08T00:01:00","date_gmt":"2023-12-07T23:01:00","guid":{"rendered":"https:\/\/medizinonline.com\/los-resultados-del-estudio-actual-subrayan-el-riesgo-de-cancer-de-piel\/"},"modified":"2023-12-08T00:01:07","modified_gmt":"2023-12-07T23:01:07","slug":"los-resultados-del-estudio-actual-subrayan-el-riesgo-de-cancer-de-piel","status":"publish","type":"post","link":"https:\/\/medizinonline.com\/es\/los-resultados-del-estudio-actual-subrayan-el-riesgo-de-cancer-de-piel\/","title":{"rendered":"Los resultados del estudio actual subrayan el riesgo de c\u00e1ncer de piel"},"content":{"rendered":"\n<p><strong>El Congreso de la EADV es el congreso internacional anual de los \u00faltimos avances cient\u00edficos y de investigaci\u00f3n en dermatolog\u00eda y venereolog\u00eda. El variado programa cient\u00edfico re\u00fane a profesionales sanitarios, organizaciones e industria de todo el mundo para transformar el campo.<\/strong><\/p>\n\n<!--more-->\n\n<p>Un estudio reciente ha revelado que el c\u00e1ncer de piel no melanoc\u00edtico (CPNM) causa m\u00e1s muertes en todo el mundo que el melanoma, la forma m\u00e1s grave de c\u00e1ncer de piel. Los investigadores tambi\u00e9n creen que se sabe demasiado poco sobre el NMSC y que el impacto real de esta enfermedad puede ser incluso mayor de lo que se supone. El profesor Thierry Passeron, autor principal del estudio, explica: &#8220;Aunque el NMSC tiene menos probabilidades de ser mortal que el melanoma, su prevalencia es sorprendentemente mayor. En 2020, el NMSC represent\u00f3 el 78% de todos los casos de c\u00e1ncer de piel, lo que provoc\u00f3 m\u00e1s de 63.700 muertes. En contraste, el melanoma caus\u00f3 unas 57.000 muertes en el mismo a\u00f1o. La incidencia significativamente mayor del NMSC ha provocado, por tanto, un mayor impacto global&#8221;. Adem\u00e1s, el NMSC suele estar infrarregistrado en los registros de c\u00e1ncer, lo que dificulta la comprensi\u00f3n de la verdadera carga.  <\/p>\n\n<p>Sin embargo, los investigadores no s\u00f3lo analizaron la carga global del c\u00e1ncer de piel, sino que tambi\u00e9n identificaron grupos de poblaci\u00f3n espec\u00edficos con mayor riesgo de padecer la enfermedad, entre ellos las personas que trabajan al aire libre, los receptores de trasplantes de \u00f3rganos y las personas con la enfermedad cut\u00e1nea xeroderma pigmentoso (una sensibilidad extrema hereditaria al sol). El estudio, que utiliz\u00f3 datos de la Agencia Internacional para la Investigaci\u00f3n del C\u00e1ncer (OMS) de la Organizaci\u00f3n Mundial de la Salud, detect\u00f3 una alta incidencia de c\u00e1ncer de piel en poblaciones de piel clara y de edad avanzada de EE.UU., Alemania, Reino Unido, Francia, Australia e Italia. Pero ni siquiera los pa\u00edses con una elevada proporci\u00f3n de fenotipos oscuros eran inmunes al riesgo de morir por c\u00e1ncer de piel, como demuestran las 11.281 muertes registradas en \u00c1frica. En 2020, se registraron casi 1,2 millones de casos de CPNM en todo el mundo, frente a 324.635 casos de melanoma. La mayor\u00eda de los c\u00e1nceres de piel son no melanomas, es decir, un grupo de c\u00e1nceres que se desarrollan lentamente en las capas superiores de la piel, siendo los m\u00e1s comunes los carcinomas de c\u00e9lulas basales y los carcinomas de c\u00e9lulas escamosas. En comparaci\u00f3n con el melanoma, un tipo de c\u00e1ncer de piel que se desarrolla en los melanocitos, el CPNM tiene menos probabilidades de extenderse a otras partes del cuerpo y es m\u00e1s f\u00e1cil de tratar.<\/p>\n\n<p>Passerson concluy\u00f3: &#8220;Tenemos que difundir el mensaje de que no s\u00f3lo el melanoma, sino tambi\u00e9n el CPNM pueden ser mortales. Es importante destacar que las personas con piel rica en melanina tambi\u00e9n corren el riesgo de morir de c\u00e1ncer de piel. Es necesario aplicar estrategias eficaces para reducir el n\u00famero de muertes asociadas a todos los tipos de c\u00e1ncer de piel.&#8221;<\/p>\n\n<p>Sin embargo, el estudio no encontr\u00f3 pruebas consistentes de que un mayor n\u00famero de dermat\u00f3logos per c\u00e1pita pudiera reducir la tasa de mortalidad. Sorprendentemente, pa\u00edses como Australia, el Reino Unido y Canad\u00e1, donde hay menos dermat\u00f3logos, presentaron una baja relaci\u00f3n entre mortalidad e incidencia. Por lo tanto, es necesario investigar con m\u00e1s detalle qu\u00e9 estrategias utilizan estos pa\u00edses para reducir el impacto del c\u00e1ncer de piel. El \u00e9xito puede explicarse en parte por el hecho de que otras profesiones sanitarias, como los m\u00e9dicos generalistas, tambi\u00e9n participan en el reconocimiento y el tratamiento de esta enfermedad. En todo el mundo existe todav\u00eda un gran potencial para reforzar el papel de los m\u00e9dicos de cabecera y otros profesionales sanitarios en este proceso y para formarles en el reconocimiento de lesiones sospechosas en una fase temprana. El experto concluy\u00f3: &#8220;El c\u00e1ncer de piel es prevenible y tratable, por lo que tenemos que hacer m\u00e1s para asegurarnos de que detenemos la progresi\u00f3n de esta enfermedad lo antes posible para salvar vidas.&#8221;<\/p>\n\n<h3 id=\"inteligencia-artificial-en-la-deteccion-precoz\" class=\"wp-block-heading\">Inteligencia artificial en la detecci\u00f3n precoz<\/h3>\n\n<p>La detecci\u00f3n del c\u00e1ncer de piel mediante software de inteligencia artificial (IA) ha mejorado r\u00e1pidamente, seg\u00fan demuestra una nueva investigaci\u00f3n, en la que el software m\u00e1s reciente alcanza una tasa de detecci\u00f3n del melanoma del 100%. En un estudio, se examin\u00f3 a 22.356 pacientes con sospecha de c\u00e1ncer de piel durante un periodo de 2,5 a\u00f1os. Adem\u00e1s de una sensibilidad del 100% (59\/59 casos identificados) en la detecci\u00f3n de melanomas, el nuevo software reconoci\u00f3 correctamente el 99,5% (189\/190) de todos los c\u00e1nceres de piel y el 92,5% (541\/585) de las lesiones precancerosas. Aunque los datos son muy alentadores, el equipo de investigaci\u00f3n se\u00f1ala que la IA no debe utilizarse como herramienta de detecci\u00f3n aut\u00f3noma sin el apoyo de un dermat\u00f3logo consultor. De los 190 carcinomas basocelulares, se pas\u00f3 por alto un \u00fanico caso, que fue identificado posteriormente durante un segundo examen realizado por una &#8220;red de seguridad&#8221; de dermat\u00f3logos. Esto demuestra una vez m\u00e1s la importancia de un seguimiento cl\u00ednico adecuado de la IA.<\/p>\n\n<p><em>Congreso: Academia Europea de Dermatolog\u00eda y Venerolog\u00eda (EADV)<\/em><\/p>\n\n<p><\/p>\n\n<p>Para saber m\u00e1s:<\/p>\n\n<ul class=\"wp-block-list\">\n<li>Salah S, et al: Un an\u00e1lisis exhaustivo de la incidencia y la mortalidad mundiales por c\u00e1ncer de piel con especial atenci\u00f3n a la densidad de dermat\u00f3logos y los factores de riesgo de la poblaci\u00f3n. Presentado en el Congreso EADV 2023; 11 de octubre de 2023; Berl\u00edn, Alemania.<\/li>\n\n\n\n<li>NHS. Panorama general: C\u00e1ncer de piel (no melanoma). (\u00daltima actualizaci\u00f3n: enero de 2020). Disponible en: <a href=\"http:\/\/www.nhs.uk\/conditions\/non-melanoma-skin-cancer\" target=\"_blank\" rel=\"noopener\">www.nhs.uk\/conditions\/non-melanoma-skin-cancer<\/a> (Acceso: septiembre de 2023).<\/li>\n\n\n\n<li>Fondo Mundial para la Investigaci\u00f3n del C\u00e1ncer Internacional. Estad\u00edsticas sobre el c\u00e1ncer de piel. (\u00daltima actualizaci\u00f3n: marzo de 2022). Disponible en: <a href=\"http:\/\/www.wcrf.org\/cancer-trends\/skin-cancer-statistics\" target=\"_blank\" rel=\"noopener\">www.wcrf.org\/cancer-trends\/skin-cancer-statistics<\/a> (Acceso: septiembre de 2023).<\/li>\n\n\n\n<li>Cancer.Net. Xeroderma pigmentoso. Noviembre de 2022. Disponible en: <a href=\"http:\/\/www.cancer.net\/cancer-types\/xeroderma-pigmentosum\" target=\"_blank\" rel=\"noopener\">www.cancer.net\/cancer-types\/xeroderma-pigmentosum<\/a> (Acceso: septiembre de 2023).<\/li>\n\n\n\n<li>Premier Surgical: \u00bfCu\u00e1l es la diferencia entre el melanoma y el c\u00e1ncer de piel no melanoma? Enero de 2016. Disponible en: <a href=\"http:\/\/www.premiersurgical.com\/01\/whats-the-difference-between-melanoma-and-non-melanoma-skin-cancer\" target=\"_blank\" rel=\"noopener\">www.premiersurgical.com\/01\/whats-the-difference-between-melanoma-and-non-melanoma-skin-cancer<\/a> (Acceso: septiembre de 2023).<\/li>\n\n\n\n<li>Cl\u00ednica Mayo: Melanoma. Julio de 2023. Disponible en:<br \/><a href=\"http:\/\/www.mayoclinic.org\/diseases-conditions\/melanoma\/symptoms-causes\/syc-20374884\" target=\"_blank\" rel=\"noopener\">www.mayoclinic.org\/diseases-conditions\/melanoma\/symptoms-causes\/syc-20374884<\/a> (consultado en septiembre de 2023).<\/li>\n\n\n\n<li>Andrew K, et al: Mejora continua de la inteligencia artificial en la identificaci\u00f3n del c\u00e1ncer de piel (p\u00f3ster electr\u00f3nico). Presentado en el Congreso EADV 2023; 12 de octubre de 2023; Berl\u00edn, Alemania.<\/li>\n\n\n\n<li>NHS. Panorama general: C\u00e1ncer de piel (no melanoma). (\u00daltima actualizaci\u00f3n: enero de 2020). Disponible en: <a href=\"http:\/\/www.nhs.uk\/conditions\/non-melanoma-skin-cancer\" target=\"_blank\" rel=\"noopener\">www.nhs.uk\/conditions\/non-melanoma-skin-cancer<\/a> (Acceso: septiembre de 2023).<\/li>\n\n\n\n<li>Andrew K, et al: Mejora continua de la inteligencia artificial en la identificaci\u00f3n del c\u00e1ncer de piel ( Presentado en el Congreso EADV 2023; 12 de octubre de 2023; Berl\u00edn, Alemania.<\/li>\n<\/ul>\n\n<p><\/p>\n\n<p class=\"has-small-font-size\"><em>InFo ONCOLOG\u00cdA Y HEMATOLOG\u00cdA 2023; 11(5): 24<\/em><\/p>\n","protected":false},"excerpt":{"rendered":"<p>El Congreso de la EADV es el congreso internacional anual de los \u00faltimos avances cient\u00edficos y de investigaci\u00f3n en dermatolog\u00eda y venereolog\u00eda. El variado programa cient\u00edfico re\u00fane a profesionales sanitarios,&hellip;<\/p>\n","protected":false},"author":7,"featured_media":104729,"comment_status":"closed","ping_status":"closed","sticky":false,"template":"","format":"standard","meta":{"_acf_changed":false,"pmpro_default_level":"","cat_1_feature_home_top":false,"cat_2_editor_pick":false,"csco_eyebrow_text":"Dermato-oncolog\u00eda","footnotes":""},"category":[11310,11483,11475,11336,11430,11552],"tags":[12286,72097,16732,12288],"powerkit_post_featured":[],"class_list":["post-369290","post","type-post","status-publish","format-standard","has-post-thumbnail","category-dermatologia-y-venereologia","category-el-congreso-informa","category-estudios","category-oncologia","category-prevencion-y-asistencia-sanitaria","category-rx-es","tag-cancer-de-piel","tag-dermato-oncologia","tag-eadv-es","tag-melanoma","pmpro-has-access"],"acf":[],"publishpress_future_action":{"enabled":false,"date":"2026-05-05 16:39:34","action":"change-status","newStatus":"draft","terms":[],"taxonomy":"category","extraData":[]},"publishpress_future_workflow_manual_trigger":{"enabledWorkflows":[]},"wpml_current_locale":"es_ES","wpml_translations":[],"_links":{"self":[{"href":"https:\/\/medizinonline.com\/es\/wp-json\/wp\/v2\/posts\/369290","targetHints":{"allow":["GET"]}}],"collection":[{"href":"https:\/\/medizinonline.com\/es\/wp-json\/wp\/v2\/posts"}],"about":[{"href":"https:\/\/medizinonline.com\/es\/wp-json\/wp\/v2\/types\/post"}],"author":[{"embeddable":true,"href":"https:\/\/medizinonline.com\/es\/wp-json\/wp\/v2\/users\/7"}],"replies":[{"embeddable":true,"href":"https:\/\/medizinonline.com\/es\/wp-json\/wp\/v2\/comments?post=369290"}],"version-history":[{"count":2,"href":"https:\/\/medizinonline.com\/es\/wp-json\/wp\/v2\/posts\/369290\/revisions"}],"predecessor-version":[{"id":371596,"href":"https:\/\/medizinonline.com\/es\/wp-json\/wp\/v2\/posts\/369290\/revisions\/371596"}],"wp:featuredmedia":[{"embeddable":true,"href":"https:\/\/medizinonline.com\/es\/wp-json\/wp\/v2\/media\/104729"}],"wp:attachment":[{"href":"https:\/\/medizinonline.com\/es\/wp-json\/wp\/v2\/media?parent=369290"}],"wp:term":[{"taxonomy":"category","embeddable":true,"href":"https:\/\/medizinonline.com\/es\/wp-json\/wp\/v2\/category?post=369290"},{"taxonomy":"post_tag","embeddable":true,"href":"https:\/\/medizinonline.com\/es\/wp-json\/wp\/v2\/tags?post=369290"},{"taxonomy":"powerkit_post_featured","embeddable":true,"href":"https:\/\/medizinonline.com\/es\/wp-json\/wp\/v2\/powerkit_post_featured?post=369290"}],"curies":[{"name":"wp","href":"https:\/\/api.w.org\/{rel}","templated":true}]}}