{"id":377910,"date":"2024-05-21T00:01:00","date_gmt":"2024-05-20T22:01:00","guid":{"rendered":"https:\/\/medizinonline.com\/?p=377910"},"modified":"2024-05-31T23:44:20","modified_gmt":"2024-05-31T21:44:20","slug":"dolor-abdominal-apendicitis","status":"publish","type":"post","link":"https:\/\/medizinonline.com\/es\/dolor-abdominal-apendicitis\/","title":{"rendered":"Dolor abdominal &#8211; Apendicitis"},"content":{"rendered":"\n<p><strong>El dolor abdominal en la parte inferior derecha del abdomen, acompa\u00f1ado de n\u00e1useas o fiebre, es un s\u00edntoma t\u00edpico de apendicitis. Si existe una sintomatolog\u00eda cl\u00e1sica de apendicitis, el diagn\u00f3stico puede hacerse cl\u00ednicamente. Sin embargo, tambi\u00e9n existen s\u00edntomas y cursos at\u00edpicos, especialmente en ni\u00f1os peque\u00f1os, pacientes de edad avanzada y mujeres embarazadas. Sin embargo, en los pacientes con hallazgos at\u00edpicos o dudosos, debe recurrirse r\u00e1pidamente a los procedimientos de diagn\u00f3stico por imagen.<\/strong><\/p>\n\n<!--more-->\n\n<p>La apendicitis aguda es la causa m\u00e1s frecuente de intervenci\u00f3n quir\u00fargica por abdomen agudo. M\u00e1s del 5% de la poblaci\u00f3n desarrollar\u00e1 una apendicitis en alg\u00fan momento de su vida. Es m\u00e1s frecuente en la adolescencia y en la tercera d\u00e9cada de la vida, pero puede aparecer a cualquier edad [3]. En ni\u00f1os y adolescentes, deben considerarse varios diagn\u00f3sticos diferenciales [6] <strong>(tabla 1)<\/strong>. Otros hallazgos que pueden aparecer bajo el cuadro de apendicitis son carcinoides, carcinomas, adenomas vellosos y divert\u00edculos. El ap\u00e9ndice tambi\u00e9n puede verse afectado en la enfermedad de Crohn y la colitis ulcerosa con pancolitis (enfermedad inflamatoria intestinal).<\/p>\n<div class=\"wp-block-image\">\n<figure class=\"aligncenter size-full is-resized\"><a href=\"https:\/\/medizinonline.com\/wp-content\/uploads\/2024\/04\/tab1-HP4_s47.png\"><img fetchpriority=\"high\" decoding=\"async\" width=\"1288\" height=\"504\" src=\"https:\/\/medizinonline.com\/wp-content\/uploads\/2024\/04\/tab1-HP4_s47.png\" alt=\"\" class=\"wp-image-377843\" style=\"width:500px\" srcset=\"https:\/\/medizinonline.com\/wp-content\/uploads\/2024\/04\/tab1-HP4_s47.png 1288w, https:\/\/medizinonline.com\/wp-content\/uploads\/2024\/04\/tab1-HP4_s47-800x313.png 800w, https:\/\/medizinonline.com\/wp-content\/uploads\/2024\/04\/tab1-HP4_s47-1160x454.png 1160w, https:\/\/medizinonline.com\/wp-content\/uploads\/2024\/04\/tab1-HP4_s47-120x47.png 120w, https:\/\/medizinonline.com\/wp-content\/uploads\/2024\/04\/tab1-HP4_s47-90x35.png 90w, https:\/\/medizinonline.com\/wp-content\/uploads\/2024\/04\/tab1-HP4_s47-320x125.png 320w, https:\/\/medizinonline.com\/wp-content\/uploads\/2024\/04\/tab1-HP4_s47-560x219.png 560w, https:\/\/medizinonline.com\/wp-content\/uploads\/2024\/04\/tab1-HP4_s47-240x94.png 240w, https:\/\/medizinonline.com\/wp-content\/uploads\/2024\/04\/tab1-HP4_s47-180x70.png 180w, https:\/\/medizinonline.com\/wp-content\/uploads\/2024\/04\/tab1-HP4_s47-640x250.png 640w, https:\/\/medizinonline.com\/wp-content\/uploads\/2024\/04\/tab1-HP4_s47-1120x438.png 1120w\" sizes=\"(max-width: 1288px) 100vw, 1288px\" \/><\/a><\/figure>\n<\/div>\n<p>En la mayor\u00eda de los casos, la causa de la apendicitis es una obstrucci\u00f3n de la luz del ap\u00e9ndice, provocada normalmente por una hiperplasia linfoide, menos frecuentemente por c\u00e1lculos fecales, cuerpos extra\u00f1os o incluso par\u00e1sitos. La oclusi\u00f3n provoca edema inflamatorio, sobrecrecimiento bacteriano, isquemia e inflamaci\u00f3n. Entre los pat\u00f3genos t\u00edpicos de la apendicitis se encuentran Escherichia coli, Pseudomonas aeruginosa o Klebsiella pneumoniae [1]. Si no se trata, se produce necrosis, gangrena y perforaci\u00f3n. Si la perforaci\u00f3n queda envuelta por la malla circundante, puede formarse un absceso. <strong>El cuadro 1 <\/strong>enumera los s\u00edntomas y signos cl\u00ednicos de la apendicitis.<\/p>\n<div class=\"wp-block-image\">\n<figure class=\"aligncenter size-full is-resized\"><a href=\"https:\/\/medizinonline.com\/wp-content\/uploads\/2024\/04\/Ubersicht1_HP4_s47.png\"><img decoding=\"async\" width=\"1274\" height=\"1211\" data-src=\"https:\/\/medizinonline.com\/wp-content\/uploads\/2024\/04\/Ubersicht1_HP4_s47.png\" alt=\"\" class=\"wp-image-377844 lazyload\" style=\"--smush-placeholder-width: 1274px; --smush-placeholder-aspect-ratio: 1274\/1211;width:500px\" data-srcset=\"https:\/\/medizinonline.com\/wp-content\/uploads\/2024\/04\/Ubersicht1_HP4_s47.png 1274w, https:\/\/medizinonline.com\/wp-content\/uploads\/2024\/04\/Ubersicht1_HP4_s47-800x760.png 800w, https:\/\/medizinonline.com\/wp-content\/uploads\/2024\/04\/Ubersicht1_HP4_s47-1160x1103.png 1160w, https:\/\/medizinonline.com\/wp-content\/uploads\/2024\/04\/Ubersicht1_HP4_s47-120x114.png 120w, https:\/\/medizinonline.com\/wp-content\/uploads\/2024\/04\/Ubersicht1_HP4_s47-90x86.png 90w, https:\/\/medizinonline.com\/wp-content\/uploads\/2024\/04\/Ubersicht1_HP4_s47-320x304.png 320w, https:\/\/medizinonline.com\/wp-content\/uploads\/2024\/04\/Ubersicht1_HP4_s47-560x532.png 560w, https:\/\/medizinonline.com\/wp-content\/uploads\/2024\/04\/Ubersicht1_HP4_s47-240x228.png 240w, https:\/\/medizinonline.com\/wp-content\/uploads\/2024\/04\/Ubersicht1_HP4_s47-180x171.png 180w, https:\/\/medizinonline.com\/wp-content\/uploads\/2024\/04\/Ubersicht1_HP4_s47-640x608.png 640w, https:\/\/medizinonline.com\/wp-content\/uploads\/2024\/04\/Ubersicht1_HP4_s47-1120x1065.png 1120w\" data-sizes=\"(max-width: 1274px) 100vw, 1274px\" src=\"data:image\/svg+xml;base64,PHN2ZyB3aWR0aD0iMSIgaGVpZ2h0PSIxIiB4bWxucz0iaHR0cDovL3d3dy53My5vcmcvMjAwMC9zdmciPjwvc3ZnPg==\" \/><\/a><\/figure>\n<\/div>\n<p>Los distintos estadios de la apendicitis se enumeran en<strong> el cuadro 2<\/strong>.<\/p>\n<div class=\"wp-block-image\">\n<figure class=\"aligncenter size-full is-resized\"><a href=\"https:\/\/medizinonline.com\/wp-content\/uploads\/2024\/04\/Ubersicht2_HP4_s47.png\"><img decoding=\"async\" width=\"902\" height=\"789\" data-src=\"https:\/\/medizinonline.com\/wp-content\/uploads\/2024\/04\/Ubersicht2_HP4_s47.png\" alt=\"\" class=\"wp-image-377845 lazyload\" style=\"--smush-placeholder-width: 902px; --smush-placeholder-aspect-ratio: 902\/789;width:400px\" data-srcset=\"https:\/\/medizinonline.com\/wp-content\/uploads\/2024\/04\/Ubersicht2_HP4_s47.png 902w, https:\/\/medizinonline.com\/wp-content\/uploads\/2024\/04\/Ubersicht2_HP4_s47-800x700.png 800w, https:\/\/medizinonline.com\/wp-content\/uploads\/2024\/04\/Ubersicht2_HP4_s47-120x105.png 120w, https:\/\/medizinonline.com\/wp-content\/uploads\/2024\/04\/Ubersicht2_HP4_s47-90x79.png 90w, https:\/\/medizinonline.com\/wp-content\/uploads\/2024\/04\/Ubersicht2_HP4_s47-320x280.png 320w, https:\/\/medizinonline.com\/wp-content\/uploads\/2024\/04\/Ubersicht2_HP4_s47-560x490.png 560w, https:\/\/medizinonline.com\/wp-content\/uploads\/2024\/04\/Ubersicht2_HP4_s47-240x210.png 240w, https:\/\/medizinonline.com\/wp-content\/uploads\/2024\/04\/Ubersicht2_HP4_s47-180x157.png 180w, https:\/\/medizinonline.com\/wp-content\/uploads\/2024\/04\/Ubersicht2_HP4_s47-640x560.png 640w\" data-sizes=\"(max-width: 902px) 100vw, 902px\" src=\"data:image\/svg+xml;base64,PHN2ZyB3aWR0aD0iMSIgaGVpZ2h0PSIxIiB4bWxucz0iaHR0cDovL3d3dy53My5vcmcvMjAwMC9zdmciPjwvc3ZnPg==\" \/><\/a><\/figure>\n<\/div>\n<p>Si los s\u00edntomas persisten en el postoperatorio, dependiendo del estadio de la apendicitis, tambi\u00e9n debe considerarse una complicaci\u00f3n postoperatoria con absceso o una reacci\u00f3n inflamatoria pronunciada con cicatrizaci\u00f3n hipertr\u00f3fica, como se muestra en el <strong>estudio de caso 2 <\/strong>.<\/p>\n\n<p><em>Los ex\u00e1menes radiogr\u00e1ficos<\/em> carecen de valor en el diagn\u00f3stico de la apendicitis aguda.  <\/p>\n\n<p>En los \u00faltimos a\u00f1os, <em>la ecograf\u00eda<\/em> se ha consolidado como una herramienta fiable en el diagn\u00f3stico de la apendicitis. Los metaan\u00e1lisis atestiguan al m\u00e9todo una sensibilidad de hasta el 87% y una especificidad de hasta el 94%. La ecograf\u00eda abdominal suele mostrar un di\u00e1metro del ap\u00e9ndice aumentado de m\u00e1s de 6 mm, un engrosamiento de la pared y un fen\u00f3meno de escarapela, as\u00ed como una acumulaci\u00f3n circular de l\u00edquido alrededor del \u00f3rgano. La hiperemia puede detectarse a menudo mediante Doppler color.<\/p>\n\n<p>El uso de la imagen es ahora est\u00e1ndar en el diagn\u00f3stico de la apendicitis. Esto reduce el n\u00famero de intervenciones quir\u00fargicas negativas y los costes globales del tratamiento. Aunque la ecograf\u00eda se utiliza a menudo en pacientes pedi\u00e1tricos para evitar la exposici\u00f3n a la radiaci\u00f3n, seg\u00fan un informe publicado en el British Journal of Surgery, <em>la tomograf\u00eda computarizada<\/em> es la forma m\u00e1s precisa de realizar un diagn\u00f3stico en adultos [2]. La precisi\u00f3n de las exploraciones en la identificaci\u00f3n de pacientes con y sin apendicitis aguda fue del 98 y el 98,5% respectivamente.  <\/p>\n\n<p>La <em>resonancia magn\u00e9tica<\/em> puede utilizarse como alternativa a la TC en ni\u00f1os y adolescentes para evitar la exposici\u00f3n a la radiaci\u00f3n [4]. Los signos de apendicitis en el examen por resonancia magn\u00e9tica con contraste fueron acumulaci\u00f3n de l\u00edquido con engrosamiento de la pared, realce at\u00edpico del contraste en la pared intestinal, agrandamiento del ap\u00e9ndice (&gt;6 mm), c\u00e1lculos fecales (apendicolitos), encallamiento inflamatorio de grasa alrededor del ap\u00e9ndice y trastornos de la difusi\u00f3n. Las acumulaciones de l\u00edquido en las inmediaciones, el flem\u00f3n y los abscesos que se acumulan alrededor de los bordes, incluso sin un ap\u00e9ndice reconociblemente inflamado, se consideraron signos de perforaci\u00f3n del ap\u00e9ndice [5].<\/p>\n\n<h3 id=\"estudio-de-caso\" class=\"wp-block-heading\">Estudio de caso<\/h3>\n\n<p>En el <strong>ejemplo de caso 1 (Fig. 1A a 1C)<\/strong>, la RM muestra una apendicitis aguda en una paciente de 22 a\u00f1os. El ap\u00e9ndice mostraba un engrosamiento inflamatorio edematoso de la pared de 5 mm y un di\u00e1metro de 1,3 cm. En las secuencias de KM ya se reconoc\u00eda una reacci\u00f3n inflamatoria ambiental en el tejido adiposo. Los s\u00edntomas fueron recurrentes durante un periodo de cuatro semanas, los par\u00e1metros inflamatorios estaban alternativamente ligeramente elevados. La operaci\u00f3n realizada inmediatamente despu\u00e9s de la resonancia confirm\u00f3 la apendicitis aguda preperforante.<\/p>\n<div class=\"wp-block-image\">\n<figure class=\"aligncenter size-full is-resized\"><a href=\"https:\/\/medizinonline.com\/wp-content\/uploads\/2024\/04\/abb1_HP4_s48-scaled.jpg\"><img decoding=\"async\" width=\"827\" height=\"2560\" data-src=\"https:\/\/medizinonline.com\/wp-content\/uploads\/2024\/04\/abb1_HP4_s48-scaled.jpg\" alt=\"\" class=\"wp-image-377846 lazyload\" style=\"--smush-placeholder-width: 827px; --smush-placeholder-aspect-ratio: 827\/2560;width:300px\" data-srcset=\"https:\/\/medizinonline.com\/wp-content\/uploads\/2024\/04\/abb1_HP4_s48-scaled.jpg 827w, https:\/\/medizinonline.com\/wp-content\/uploads\/2024\/04\/abb1_HP4_s48-800x2475.jpg 800w, https:\/\/medizinonline.com\/wp-content\/uploads\/2024\/04\/abb1_HP4_s48-662x2048.jpg 662w, https:\/\/medizinonline.com\/wp-content\/uploads\/2024\/04\/abb1_HP4_s48-120x371.jpg 120w, https:\/\/medizinonline.com\/wp-content\/uploads\/2024\/04\/abb1_HP4_s48-90x278.jpg 90w, https:\/\/medizinonline.com\/wp-content\/uploads\/2024\/04\/abb1_HP4_s48-320x990.jpg 320w, https:\/\/medizinonline.com\/wp-content\/uploads\/2024\/04\/abb1_HP4_s48-560x1733.jpg 560w, https:\/\/medizinonline.com\/wp-content\/uploads\/2024\/04\/abb1_HP4_s48-240x743.jpg 240w, https:\/\/medizinonline.com\/wp-content\/uploads\/2024\/04\/abb1_HP4_s48-180x557.jpg 180w, https:\/\/medizinonline.com\/wp-content\/uploads\/2024\/04\/abb1_HP4_s48-640x1980.jpg 640w\" data-sizes=\"(max-width: 827px) 100vw, 827px\" src=\"data:image\/svg+xml;base64,PHN2ZyB3aWR0aD0iMSIgaGVpZ2h0PSIxIiB4bWxucz0iaHR0cDovL3d3dy53My5vcmcvMjAwMC9zdmciPjwvc3ZnPg==\" \/><\/a><\/figure>\n<\/div>\n<p>El <strong>caso 2<\/strong> muestra <strong>(Fig. 2A a 2C) <\/strong>el estado tras una apendicitis perforada, un absceso localizado y una peritonitis. Trastorno de cicatrizaci\u00f3n de heridas con flem\u00f3n localizado. En la paciente de 18 a\u00f1os se detect\u00f3 una reacci\u00f3n cicatricial pronunciada con dolor persistente dos meses despu\u00e9s de la operaci\u00f3n y se descart\u00f3 un absceso recurrente.<\/p>\n<div class=\"wp-block-image\">\n<figure class=\"aligncenter size-full is-resized\"><a href=\"https:\/\/medizinonline.com\/wp-content\/uploads\/2024\/04\/abb2_HP4_s48-scaled.jpg\"><img decoding=\"async\" width=\"773\" height=\"2560\" data-src=\"https:\/\/medizinonline.com\/wp-content\/uploads\/2024\/04\/abb2_HP4_s48-scaled.jpg\" alt=\"\" class=\"wp-image-377847 lazyload\" style=\"--smush-placeholder-width: 773px; --smush-placeholder-aspect-ratio: 773\/2560;width:300px\" data-srcset=\"https:\/\/medizinonline.com\/wp-content\/uploads\/2024\/04\/abb2_HP4_s48-scaled.jpg 773w, https:\/\/medizinonline.com\/wp-content\/uploads\/2024\/04\/abb2_HP4_s48-800x2649.jpg 800w, https:\/\/medizinonline.com\/wp-content\/uploads\/2024\/04\/abb2_HP4_s48-120x397.jpg 120w, https:\/\/medizinonline.com\/wp-content\/uploads\/2024\/04\/abb2_HP4_s48-90x298.jpg 90w, https:\/\/medizinonline.com\/wp-content\/uploads\/2024\/04\/abb2_HP4_s48-320x1060.jpg 320w, https:\/\/medizinonline.com\/wp-content\/uploads\/2024\/04\/abb2_HP4_s48-560x1854.jpg 560w, https:\/\/medizinonline.com\/wp-content\/uploads\/2024\/04\/abb2_HP4_s48-240x795.jpg 240w, https:\/\/medizinonline.com\/wp-content\/uploads\/2024\/04\/abb2_HP4_s48-180x596.jpg 180w, https:\/\/medizinonline.com\/wp-content\/uploads\/2024\/04\/abb2_HP4_s48-640x2119.jpg 640w\" data-sizes=\"(max-width: 773px) 100vw, 773px\" src=\"data:image\/svg+xml;base64,PHN2ZyB3aWR0aD0iMSIgaGVpZ2h0PSIxIiB4bWxucz0iaHR0cDovL3d3dy53My5vcmcvMjAwMC9zdmciPjwvc3ZnPg==\" \/><\/a><\/figure>\n<\/div>\n<p><strong>Mensajes para llevar a casa<\/strong><\/p>\n\n<ul class=\"wp-block-list\">\n<li>La apendicitis suele presentarse con s\u00edntomas t\u00edpicos en la parte inferior derecha del abdomen, pero tambi\u00e9n puede tener s\u00edntomas variables y valores de laboratorio que se desv\u00edan de la norma.<\/li>\n\n\n\n<li>En pacientes j\u00f3venes en particular, deben considerarse varios diagn\u00f3sticos diferenciales.<\/li>\n\n\n\n<li>Los ex\u00e1menes de imagen son muy importantes para evaluar el estadio de la inflamaci\u00f3n con el fin de evitar una escalada potencialmente mortal.<\/li>\n\n\n\n<li>El tratamiento quir\u00fargico conduce a la rehabilitaci\u00f3n definitiva y evita complicaciones.<\/li>\n<\/ul>\n\n<p><\/p>\n\n<p>Literatura:  <\/p>\n\n<ol class=\"wp-block-list\">\n<li>&#8220;Apendicitis&#8221;, <a href=\"https:\/\/flexicon.doccheck.com\/de\/Appendizitis\" target=\"_blank\" rel=\"noreferrer noopener\">https:\/\/flexicon.doccheck.com\/de\/Appendizitis,<\/a>(\u00faltimo acceso 19\/03\/2024)  <\/li>\n\n\n\n<li>Haijanen J, et al: Precisi\u00f3n diagn\u00f3stica mediante TC de dosis baja frente a dosis est\u00e1ndar de radiaci\u00f3n en la sospecha de apendicitis aguda: estudio prospectivo de cohortes. Br J Surg 2021; 108(12): 1483-1490.<\/li>\n\n\n\n<li>&#8220;Enfermedades gastrointestinales&#8221;, <a href=\"http:\/\/www.msdmanuals.com\/de-de\/profi\/gastrointestinale-erkrankungen\" target=\"_blank\" rel=\"noreferrer noopener\">www.msdmanuals.com\/de-de\/profi\/gastrointestinale-erkrankungen,<\/a>(\u00faltimo acceso 19\/03\/2024)  <\/li>\n\n\n\n<li>Dingemann J, Ure B: El diagn\u00f3stico por imagen y el uso de puntuaciones para el diagn\u00f3stico de apendicitis en ni\u00f1os. Eur J Pediatr Surg 2012; 22(03): 195-200.  <\/li>\n\n\n\n<li>Koning JL, Naheedy JH, Kruk PG: Rendimiento diagn\u00f3stico de la RM con contraste para la apendicitis aguda y causas alternativas de dolor abdominal en ni\u00f1os. Pediatr Radiol 2014; 44: 948-955.<\/li>\n\n\n\n<li>Staatz G, Schneider K: Diagn\u00f3stico diferencial del abdomen agudo. Parte IV (abdomen agudo en la infancia). Radiolog\u00eda up2date 2; 2010: 103-116.<\/li>\n\n\n\n<li>Wiesner W, Kirchhoff TD, Opherk JP: Diagn\u00f3stico diferencial del abdomen agudo. Parte II. radiology up2date 1; 2009; 35-45.<\/li>\n<\/ol>\n\n<p><\/p>\n\n<p><\/p>\n\n<p class=\"has-small-font-size\"><em>PR\u00c1CTICA M\u00c9DICA GENERAL 2024; 19(4): 47-49<\/em><\/p>\n","protected":false},"excerpt":{"rendered":"<p>El dolor abdominal en la parte inferior derecha del abdomen, acompa\u00f1ado de n\u00e1useas o fiebre, es un s\u00edntoma t\u00edpico de apendicitis. Si existe una sintomatolog\u00eda cl\u00e1sica de apendicitis, el diagn\u00f3stico&hellip;<\/p>\n","protected":false},"author":7,"featured_media":377913,"comment_status":"closed","ping_status":"closed","sticky":false,"template":"","format":"standard","meta":{"_acf_changed":false,"pmpro_default_level":"","cat_1_feature_home_top":false,"cat_2_editor_pick":false,"csco_eyebrow_text":"Del s\u00edntoma al diagn\u00f3stico","footnotes":""},"category":[11493,11478,11358,11372,11288,11441,11552],"tags":[57037,75235,15209,67018,75233,12534],"powerkit_post_featured":[],"class_list":["post-377910","post","type-post","status-publish","format-standard","has-post-thumbnail","category-casos","category-formacion-continua","category-gastroenterologia-y-hepatologia","category-infectologia","category-medicina-interna-general","category-radiologia","category-rx-es","tag-apendicitis","tag-apendicitis-es","tag-dolor-abdominal","tag-dolor-abdominal-es-3","tag-sintomas-atipicos","tag-tecnicas-de-imagen","pmpro-has-access"],"acf":[],"publishpress_future_action":{"enabled":false,"date":"2026-05-07 08:06:36","action":"change-status","newStatus":"draft","terms":[],"taxonomy":"category","extraData":[]},"publishpress_future_workflow_manual_trigger":{"enabledWorkflows":[]},"wpml_current_locale":"es_ES","wpml_translations":[],"_links":{"self":[{"href":"https:\/\/medizinonline.com\/es\/wp-json\/wp\/v2\/posts\/377910","targetHints":{"allow":["GET"]}}],"collection":[{"href":"https:\/\/medizinonline.com\/es\/wp-json\/wp\/v2\/posts"}],"about":[{"href":"https:\/\/medizinonline.com\/es\/wp-json\/wp\/v2\/types\/post"}],"author":[{"embeddable":true,"href":"https:\/\/medizinonline.com\/es\/wp-json\/wp\/v2\/users\/7"}],"replies":[{"embeddable":true,"href":"https:\/\/medizinonline.com\/es\/wp-json\/wp\/v2\/comments?post=377910"}],"version-history":[{"count":1,"href":"https:\/\/medizinonline.com\/es\/wp-json\/wp\/v2\/posts\/377910\/revisions"}],"predecessor-version":[{"id":377918,"href":"https:\/\/medizinonline.com\/es\/wp-json\/wp\/v2\/posts\/377910\/revisions\/377918"}],"wp:featuredmedia":[{"embeddable":true,"href":"https:\/\/medizinonline.com\/es\/wp-json\/wp\/v2\/media\/377913"}],"wp:attachment":[{"href":"https:\/\/medizinonline.com\/es\/wp-json\/wp\/v2\/media?parent=377910"}],"wp:term":[{"taxonomy":"category","embeddable":true,"href":"https:\/\/medizinonline.com\/es\/wp-json\/wp\/v2\/category?post=377910"},{"taxonomy":"post_tag","embeddable":true,"href":"https:\/\/medizinonline.com\/es\/wp-json\/wp\/v2\/tags?post=377910"},{"taxonomy":"powerkit_post_featured","embeddable":true,"href":"https:\/\/medizinonline.com\/es\/wp-json\/wp\/v2\/powerkit_post_featured?post=377910"}],"curies":[{"name":"wp","href":"https:\/\/api.w.org\/{rel}","templated":true}]}}