{"id":382582,"date":"2024-08-25T00:01:00","date_gmt":"2024-08-24T22:01:00","guid":{"rendered":"https:\/\/medizinonline.com\/?p=382582"},"modified":"2024-08-25T00:04:07","modified_gmt":"2024-08-24T22:04:07","slug":"dolor-abdominal-quiste-esplenico","status":"publish","type":"post","link":"https:\/\/medizinonline.com\/es\/dolor-abdominal-quiste-esplenico\/","title":{"rendered":"Dolor abdominal &#8211; Quiste espl\u00e9nico"},"content":{"rendered":"\n<p><strong>Si el bazo se agranda y como consecuencia irrita la c\u00e1psula espl\u00e9nica, los pacientes suelen sentir una sensaci\u00f3n de presi\u00f3n o incluso un dolor intenso. Si se sospecha un agrandamiento del bazo, la forma m\u00e1s f\u00e1cil de aclararlo es mediante procedimientos de diagn\u00f3stico por imagen. En el caso de los quistes espl\u00e9nicos, puede distinguirse entre quistes verdaderos y pseudoquistes. Si experimenta un dolor agudo en la regi\u00f3n abdominal superior, debe pensar siempre en una rotura de quiste.<\/strong><\/p>\n\n<!--more-->\n\n<p>Los quistes son masas encapsuladas y llenas de l\u00edquido en un tejido u \u00f3rgano. Puede haber una o varias c\u00e1maras en el interior. Se distingue entre verdaderos y pseudoquistes. Los quistes aut\u00e9nticos est\u00e1n revestidos por su propia capa de c\u00e9lulas, mientras que los pseudoquistes s\u00f3lo est\u00e1n rodeados de tejido conjuntivo [1]. Las posibles causas de los quistes se enumeran en <strong>el Panorama 1 <\/strong>.<\/p>\n<div class=\"wp-block-image\">\n<figure class=\"aligncenter size-full is-resized\"><a href=\"https:\/\/medizinonline.com\/wp-content\/uploads\/2024\/07\/Ubersicht1_OH3_Images.png\"><img fetchpriority=\"high\" decoding=\"async\" width=\"893\" height=\"713\" src=\"https:\/\/medizinonline.com\/wp-content\/uploads\/2024\/07\/Ubersicht1_OH3_Images.png\" alt=\"\" class=\"wp-image-382508\" style=\"width:400px\" srcset=\"https:\/\/medizinonline.com\/wp-content\/uploads\/2024\/07\/Ubersicht1_OH3_Images.png 893w, https:\/\/medizinonline.com\/wp-content\/uploads\/2024\/07\/Ubersicht1_OH3_Images-800x639.png 800w\" sizes=\"(max-width: 893px) 100vw, 893px\" \/><\/a><\/figure>\n<\/div>\n<p>Los s\u00edntomas y el diagn\u00f3stico dependen del tipo y la localizaci\u00f3n del quiste. Las que est\u00e1n cerca de la superficie de la piel, como en el pecho, suelen verse o palparse debido a la hinchaz\u00f3n. Sin embargo, si se ven afectados \u00f3rganos internos como los ri\u00f1ones o el h\u00edgado, el diagn\u00f3stico suele ser accidental, por ejemplo durante un examen de imagen. Las principales localizaciones pueden consultarse en el <strong>Panorama 2<\/strong>.<\/p>\n<div class=\"wp-block-image\">\n<figure class=\"aligncenter size-full is-resized\"><a href=\"https:\/\/medizinonline.com\/wp-content\/uploads\/2024\/07\/Ubersicht2_OH3_Images.png\"><img decoding=\"async\" width=\"885\" height=\"670\" data-src=\"https:\/\/medizinonline.com\/wp-content\/uploads\/2024\/07\/Ubersicht2_OH3_Images.png\" alt=\"\" class=\"wp-image-382509 lazyload\" style=\"--smush-placeholder-width: 885px; --smush-placeholder-aspect-ratio: 885\/670;width:400px\" data-srcset=\"https:\/\/medizinonline.com\/wp-content\/uploads\/2024\/07\/Ubersicht2_OH3_Images.png 885w, https:\/\/medizinonline.com\/wp-content\/uploads\/2024\/07\/Ubersicht2_OH3_Images-800x606.png 800w\" data-sizes=\"(max-width: 885px) 100vw, 885px\" src=\"data:image\/svg+xml;base64,PHN2ZyB3aWR0aD0iMSIgaGVpZ2h0PSIxIiB4bWxucz0iaHR0cDovL3d3dy53My5vcmcvMjAwMC9zdmciPjwvc3ZnPg==\" \/><\/a><\/figure>\n<\/div>\n<p>Los quistes pueden ser solitarios o multiloculares. Las alteraciones gen\u00e9ticas como causa de los quistes en s\u00edndromes son posibles, por ejemplo, en el s\u00edndrome de Hippel-Lindau o la <em>poliquistosis renal autos\u00f3mica dominante <\/em>&#8211; <em>PQRAD <\/em>como enfermedad hereditaria com\u00fan que afecta a alrededor de 1 de cada 1000 personas.<\/p>\n\n<p>Los quistes espl\u00e9nicos cong\u00e9nitos no suelen ser problem\u00e1ticos siempre que no superen cierto tama\u00f1o y no desplacen a otros \u00f3rganos ni provoquen complicaciones como hemorragias [2]. Un bazo sano es insensible al dolor. Sin embargo, si el \u00f3rgano est\u00e1 agrandado e irrita la c\u00e1psula del bazo, los pacientes suelen sentir una sensaci\u00f3n de presi\u00f3n o incluso un dolor intenso. Una aparici\u00f3n aguda de dolor en la regi\u00f3n abdominal superior debe sugerir siempre una rotura de quiste [4]. Si el agrandamiento consecutivo del bazo provoca anemia, los pacientes suelen tener la tez p\u00e1lida, estar cansados y sentirse f\u00edsicamente agotados. Si el n\u00famero de trombocitos tambi\u00e9n desciende, se producen con m\u00e1s frecuencia hemorragias nasales o peque\u00f1as hemorragias de la mucosa oral. Un bazo agrandado tambi\u00e9n puede reducir el n\u00famero de leucocitos blancos necesarios para la defensa inmunitaria. Esto hace que el organismo sea m\u00e1s susceptible a las enfermedades infecciosas.  <\/p>\n\n<p>Un bazo agrandado puede detectarse a la palpaci\u00f3n bajo el arco costal izquierdo y confirmarse mediante procedimientos de imagen como la ecograf\u00eda, la tomograf\u00eda computerizada o la resonancia magn\u00e9tica; la eritropenia o leucopenia resultantes pueden verificarse en el examen de laboratorio.  <\/p>\n\n<p>En el diagn\u00f3stico diferencial deben tenerse en cuenta varias lesiones qu\u00edsticas [5], enumeradas en <strong>el cuadro 3<\/strong>.<\/p>\n<div class=\"wp-block-image\">\n<figure class=\"aligncenter size-full is-resized\"><a href=\"https:\/\/medizinonline.com\/wp-content\/uploads\/2024\/07\/Ubersicht3_OH3_Images.png\"><img decoding=\"async\" width=\"899\" height=\"550\" data-src=\"https:\/\/medizinonline.com\/wp-content\/uploads\/2024\/07\/Ubersicht3_OH3_Images.png\" alt=\"\" class=\"wp-image-382510 lazyload\" style=\"--smush-placeholder-width: 899px; --smush-placeholder-aspect-ratio: 899\/550;width:400px\" data-srcset=\"https:\/\/medizinonline.com\/wp-content\/uploads\/2024\/07\/Ubersicht3_OH3_Images.png 899w, https:\/\/medizinonline.com\/wp-content\/uploads\/2024\/07\/Ubersicht3_OH3_Images-800x489.png 800w\" data-sizes=\"(max-width: 899px) 100vw, 899px\" src=\"data:image\/svg+xml;base64,PHN2ZyB3aWR0aD0iMSIgaGVpZ2h0PSIxIiB4bWxucz0iaHR0cDovL3d3dy53My5vcmcvMjAwMC9zdmciPjwvc3ZnPg==\" \/><\/a><\/figure>\n<\/div>\n<p><em>Las radiograf\u00edas<\/em> pueden contribuir poco al diagn\u00f3stico de los quistes espl\u00e9nicos. Las calcificaciones pronunciadas de la pared se reconocen ocasionalmente como sombras en forma de arco en la parte superior izquierda del abdomen.<\/p>\n\n<p>La <em>tomograf\u00eda computarizada<\/em> permite determinar el tama\u00f1o exacto del bazo en todos los planos. La detecci\u00f3n de cambios parenquimatosos, especialmente calcificaciones, es muy satisfactoria. Los quistes pueden delimitarse muy bien y las mediciones de densidad permiten sacar conclusiones sobre el contenido prote\u00ednico de los quistes.<\/p>\n\n<p>La <em>resonancia magn\u00e9tica<\/em> tambi\u00e9n es muy adecuada para determinar el tama\u00f1o del bazo y detectar distintos tipos de masas. Sin embargo, las calcificaciones m\u00e1s peque\u00f1as pueden escapar a la detecci\u00f3n.<\/p>\n\n<p><em>La ecograf\u00eda <\/em>es muy buena para detectar cambios estructurales en el bazo. Sin embargo, determinar el tama\u00f1o global del bazo en caso de esplenomegalia puede ser algo m\u00e1s complejo en comparaci\u00f3n con las otras t\u00e9cnicas de imagen transversal<\/p>\n<div class=\"wp-block-image\">\n<figure class=\"aligncenter size-full is-resized\"><a href=\"https:\/\/medizinonline.com\/wp-content\/uploads\/2024\/07\/abb1a-e_OH3_images-scaled.jpg\"><img decoding=\"async\" width=\"1944\" height=\"2560\" data-src=\"https:\/\/medizinonline.com\/wp-content\/uploads\/2024\/07\/abb1a-e_OH3_images-scaled.jpg\" alt=\"\" class=\"wp-image-382512 lazyload\" style=\"--smush-placeholder-width: 1944px; --smush-placeholder-aspect-ratio: 1944\/2560;width:500px\" data-srcset=\"https:\/\/medizinonline.com\/wp-content\/uploads\/2024\/07\/abb1a-e_OH3_images-scaled.jpg 1944w, https:\/\/medizinonline.com\/wp-content\/uploads\/2024\/07\/abb1a-e_OH3_images-scaled-800x1053.jpg 800w, https:\/\/medizinonline.com\/wp-content\/uploads\/2024\/07\/abb1a-e_OH3_images-scaled-1160x1528.jpg 1160w, https:\/\/medizinonline.com\/wp-content\/uploads\/2024\/07\/abb1a-e_OH3_images-scaled-1536x2023.jpg 1536w, https:\/\/medizinonline.com\/wp-content\/uploads\/2024\/07\/abb1a-e_OH3_images-scaled-1120x1475.jpg 1120w, https:\/\/medizinonline.com\/wp-content\/uploads\/2024\/07\/abb1a-e_OH3_images-scaled-1600x2107.jpg 1600w, https:\/\/medizinonline.com\/wp-content\/uploads\/2024\/07\/abb1a-e_OH3_images-scaled-1920x2528.jpg 1920w\" data-sizes=\"(max-width: 1944px) 100vw, 1944px\" src=\"data:image\/svg+xml;base64,PHN2ZyB3aWR0aD0iMSIgaGVpZ2h0PSIxIiB4bWxucz0iaHR0cDovL3d3dy53My5vcmcvMjAwMC9zdmciPjwvc3ZnPg==\" \/><\/a><\/figure>\n<\/div>\n<h3 id=\"estudio-de-caso\" class=\"wp-block-heading\">Estudio de caso<\/h3>\n\n<p>El estudio de caso muestra la evoluci\u00f3n a lo largo de varios a\u00f1os de un quiste del bazo inicialmente grande y sintom\u00e1tico. La paciente, de 50 a\u00f1os en el momento del diagn\u00f3stico inicial y en buen estado de salud general, se quejaba de dolor ondulante y sensaci\u00f3n de presi\u00f3n en la parte superior izquierda del abdomen. No hab\u00eda enfermedades concomitantes relevantes ni antecedentes de traumatismo. No se conoc\u00eda una exposici\u00f3n particular a las enfermedades parasitarias, los valores de laboratorio habituales no mostraban ninguna desviaci\u00f3n relevante de la norma. En marzo de 2015 se solicit\u00f3 una resonancia magn\u00e9tica del abdomen superior para aclarar el diagn\u00f3stico. Se detect\u00f3 un quiste no complicado de m\u00e1s de 9 cm de di\u00e1metro en el bazo agrandado <strong>(Fig. 1A y B)<\/strong>. La paciente rechaz\u00f3 el tratamiento invasivo. Los controles ecogr\u00e1ficos tres meses despu\u00e9s del diagn\u00f3stico inicial y en agosto de 2018 no documentaron ning\u00fan cambio significativo en el tama\u00f1o y la estructura<strong> (Fig. 1C) <\/strong>. Una resonancia magn\u00e9tica del abdomen superior en febrero de 2024 mostr\u00f3 una reducci\u00f3n significativa del tama\u00f1o del quiste y, con una estructura interna predominantemente hipointensa no homog\u00e9nea en todas las secuencias, se sospech\u00f3 una calcificaci\u00f3n pronunciada (Fig <strong>. 1D y E<\/strong> ). No hubo ning\u00fan acontecimiento desencadenante en el sentido de traumatismo o inflamaci\u00f3n. La tomograf\u00eda computarizada abdominal cuatro semanas m\u00e1s tarde confirm\u00f3 la reducci\u00f3n significativa del tama\u00f1o del quiste espl\u00e9nico y la calcificaci\u00f3n subtotal y gruesa. Adem\u00e1s, se detectaron peque\u00f1as calcificaciones parenquimatosas <strong>(Fig. 1F y G)<\/strong>.<\/p>\n<div class=\"wp-block-image\">\n<figure class=\"aligncenter size-full is-resized\"><a href=\"https:\/\/medizinonline.com\/wp-content\/uploads\/2024\/07\/abb1f_OH3_images.jpg\"><img decoding=\"async\" width=\"2164\" height=\"908\" data-src=\"https:\/\/medizinonline.com\/wp-content\/uploads\/2024\/07\/abb1f_OH3_images.jpg\" alt=\"\" class=\"wp-image-382513 lazyload\" style=\"--smush-placeholder-width: 2164px; --smush-placeholder-aspect-ratio: 2164\/908;width:500px\" data-srcset=\"https:\/\/medizinonline.com\/wp-content\/uploads\/2024\/07\/abb1f_OH3_images.jpg 2164w, https:\/\/medizinonline.com\/wp-content\/uploads\/2024\/07\/abb1f_OH3_images-800x336.jpg 800w, https:\/\/medizinonline.com\/wp-content\/uploads\/2024\/07\/abb1f_OH3_images-1160x487.jpg 1160w, https:\/\/medizinonline.com\/wp-content\/uploads\/2024\/07\/abb1f_OH3_images-1536x644.jpg 1536w, https:\/\/medizinonline.com\/wp-content\/uploads\/2024\/07\/abb1f_OH3_images-1120x470.jpg 1120w, https:\/\/medizinonline.com\/wp-content\/uploads\/2024\/07\/abb1f_OH3_images-1600x671.jpg 1600w, https:\/\/medizinonline.com\/wp-content\/uploads\/2024\/07\/abb1f_OH3_images-1920x806.jpg 1920w\" data-sizes=\"(max-width: 2164px) 100vw, 2164px\" src=\"data:image\/svg+xml;base64,PHN2ZyB3aWR0aD0iMSIgaGVpZ2h0PSIxIiB4bWxucz0iaHR0cDovL3d3dy53My5vcmcvMjAwMC9zdmciPjwvc3ZnPg==\" \/><\/a><\/figure>\n<\/div>\n<p><strong>Mensajes para llevar a casa<\/strong><\/p>\n\n<ul class=\"wp-block-list\">\n<li>Los quistes son cantidades encapsuladas de l\u00edquido que pueden presentarse de forma solitaria o m\u00faltiple en diversos tejidos y \u00f3rganos.<\/li>\n\n\n\n<li>Se distingue entre verdaderos y pseudoquistes.<\/li>\n\n\n\n<li>Los quistes suelen ser asintom\u00e1ticos, pero pueden causar sensaci\u00f3n de presi\u00f3n y dolor dependiendo de su tama\u00f1o y localizaci\u00f3n.<\/li>\n\n\n\n<li>En su mayor\u00eda benignas, son posibles las complicaciones inflamatorias, las hemorragias, las rupturas o las degeneraciones.<\/li>\n\n\n\n<li>La ecograf\u00eda, la tomograf\u00eda computerizada y la resonancia magn\u00e9tica son adecuadas para el diagn\u00f3stico por imagen.<\/li>\n<\/ul>\n\n<p><\/p>\n\n<p>Literatura:<\/p>\n\n<ol class=\"wp-block-list\">\n<li>\u00abZysten\u00bb, <a href=\"https:\/\/medikamio.com\/de-de\/krankheiten\/zysten\" target=\"_blank\" rel=\"noreferrer noopener\">https:\/\/medikamio.com\/de-de\/krankheiten\/zysten<\/a>, (\u00faltimo acceso 17.04.2024)<\/li>\n\n\n\n<li>\u00abMilzzyste\u00bb, <a href=\"http:\/\/www.klinikum.uni-heidelberg.de\/erkrankungen\/milzzyste-200073\" target=\"_blank\" rel=\"noopener\">www.klinikum.uni-heidelberg.de\/erkrankungen\/milzzyste-200073<\/a>, (\u00faltimo acceso 17.04.2024)<\/li>\n\n\n\n<li>Kala PS, et al.: Primary epithelial splenic cyst: A rare encounter. Indian J Pathol Microbiol. 2019; 62(4): 605\u2013607.<\/li>\n\n\n\n<li>Res LC, et al.: Spontaneous rupture of a non-parasitic splenic cyst. BMJ Case Rep 2019 Oct; 12(10).<\/li>\n\n\n\n<li>Warshauer DM, Hall HL: Solitary splenic lesions. Semin Ultrasound CT MR 2006; 27(5): 370\u2013388.<\/li>\n<\/ol>\n\n<p class=\"has-small-font-size\"><em>InFo ONKOLOGIE &amp; H\u00c4MATOLOGIE 2024; 12(3): 34\u201336<\/em><\/p>\n","protected":false},"excerpt":{"rendered":"<p>Si el bazo se agranda y como consecuencia irrita la c\u00e1psula espl\u00e9nica, los pacientes suelen sentir una sensaci\u00f3n de presi\u00f3n o incluso un dolor intenso. Si se sospecha un agrandamiento&hellip;<\/p>\n","protected":false},"author":7,"featured_media":382587,"comment_status":"closed","ping_status":"closed","sticky":false,"template":"","format":"standard","meta":{"_acf_changed":false,"pmpro_default_level":"","cat_1_feature_home_top":false,"cat_2_editor_pick":false,"csco_eyebrow_text":"Del s\u00edntoma al diagn\u00f3stico","footnotes":""},"category":[],"tags":[77302,77304,77303],"powerkit_post_featured":[],"class_list":["post-382582","post","type-post","status-publish","format-standard","has-post-thumbnail","tag-bazo","tag-hippel-lindau-es","tag-quiste-esplenico","pmpro-has-access"],"acf":[],"publishpress_future_action":{"enabled":false,"date":"2026-05-10 14:58:27","action":"change-status","newStatus":"draft","terms":[],"taxonomy":"category","extraData":[]},"publishpress_future_workflow_manual_trigger":{"enabledWorkflows":[]},"wpml_current_locale":"es_ES","wpml_translations":[],"_links":{"self":[{"href":"https:\/\/medizinonline.com\/es\/wp-json\/wp\/v2\/posts\/382582","targetHints":{"allow":["GET"]}}],"collection":[{"href":"https:\/\/medizinonline.com\/es\/wp-json\/wp\/v2\/posts"}],"about":[{"href":"https:\/\/medizinonline.com\/es\/wp-json\/wp\/v2\/types\/post"}],"author":[{"embeddable":true,"href":"https:\/\/medizinonline.com\/es\/wp-json\/wp\/v2\/users\/7"}],"replies":[{"embeddable":true,"href":"https:\/\/medizinonline.com\/es\/wp-json\/wp\/v2\/comments?post=382582"}],"version-history":[{"count":2,"href":"https:\/\/medizinonline.com\/es\/wp-json\/wp\/v2\/posts\/382582\/revisions"}],"predecessor-version":[{"id":382715,"href":"https:\/\/medizinonline.com\/es\/wp-json\/wp\/v2\/posts\/382582\/revisions\/382715"}],"wp:featuredmedia":[{"embeddable":true,"href":"https:\/\/medizinonline.com\/es\/wp-json\/wp\/v2\/media\/382587"}],"wp:attachment":[{"href":"https:\/\/medizinonline.com\/es\/wp-json\/wp\/v2\/media?parent=382582"}],"wp:term":[{"taxonomy":"category","embeddable":true,"href":"https:\/\/medizinonline.com\/es\/wp-json\/wp\/v2\/category?post=382582"},{"taxonomy":"post_tag","embeddable":true,"href":"https:\/\/medizinonline.com\/es\/wp-json\/wp\/v2\/tags?post=382582"},{"taxonomy":"powerkit_post_featured","embeddable":true,"href":"https:\/\/medizinonline.com\/es\/wp-json\/wp\/v2\/powerkit_post_featured?post=382582"}],"curies":[{"name":"wp","href":"https:\/\/api.w.org\/{rel}","templated":true}]}}