{"id":385003,"date":"2024-10-09T00:01:00","date_gmt":"2024-10-08T22:01:00","guid":{"rendered":"https:\/\/medizinonline.com\/directriz-con-recomendaciones-de-tratamiento-actualizadas\/"},"modified":"2024-10-08T21:46:18","modified_gmt":"2024-10-08T19:46:18","slug":"directriz-con-recomendaciones-de-tratamiento-actualizadas","status":"publish","type":"post","link":"https:\/\/medizinonline.com\/es\/directriz-con-recomendaciones-de-tratamiento-actualizadas\/","title":{"rendered":"Directriz con recomendaciones de tratamiento actualizadas"},"content":{"rendered":"\n<p><strong>La decisi\u00f3n de tratar las queratosis act\u00ednicas o simplemente observar las lesiones inicialmente depende de varios factores. La evaluaci\u00f3n del grado de riesgo de progresi\u00f3n a carcinoma cut\u00e1neo de c\u00e9lulas escamosas desempe\u00f1a un papel fundamental. A la hora de seleccionar la opci\u00f3n de tratamiento adecuada, deben tenerse en cuenta las caracter\u00edsticas de la lesi\u00f3n y las caracter\u00edsticas relacionadas con el paciente.    <\/strong><\/p>\n\n\n\n<!--more-->\n\n\n\n[1,2]En la Reuni\u00f3n Anual de la EADO, la Dra. Nicole Kelleners-Smeets, del Departamento de Dermatolog\u00eda del Centro M\u00e9dico Universitario de Maastricht (NL), explic\u00f3 las recomendaciones de la nueva directriz interdisciplinar sobre el diagn\u00f3stico, tratamiento y prevenci\u00f3n de las queratosis act\u00ednicas, la displasia epitelial inducida por UV y la carcinog\u00e9nesis de campo publicada en JEADV en 2024 .\nVarias asociaciones profesionales europeas participaron de forma significativa en la creaci\u00f3n de las directrices, entre ellas EADO<em> (Asociaci\u00f3n Europea de Dermato-Oncolog\u00eda),<\/em> EDF <em>(Foro Europeo de Dermatolog\u00eda) <\/em>yEADV<em> (Academia Europea de Dermatolog\u00eda y Venereolog\u00eda)<\/em> [2].\n [1,2]El ponente es uno de los muchos coautores, por lo que se trata de un conocimiento de primera mano, por as\u00ed decirlo .   <\/p>\n\n\n\n<figure class=\"wp-block-table\"><table class=\"has-background has-fixed-layout\" style=\"background-color:#0792e342\"><tbody><tr><td>AK = queratosis act\u00ednica <br>ALA = \u00e1cido aminolevul\u00ednico <br>5-FU = 5-fluorouracilo <br>MAL = metilaminolevulinato <br>PDT = terapia fotodin\u00e1mica<br>SA = \u00e1cido salic\u00edlico<\/td><td><\/td><\/tr><\/tbody><\/table><\/figure>\n\n\n\n<h3 id=\"determinar-la-indicacion-de-la-terapia-caso-por-caso\" class=\"wp-block-heading\">Determinar la indicaci\u00f3n de la terapia caso por caso  <\/h3>\n\n\n\n<p>La queratosis act\u00ednica (QA) es por definici\u00f3n una lesi\u00f3n precancerosa que puede evolucionar a un carcinoma escamoso cut\u00e1neo invasivo (CEC).\nLas QA suelen presentarse como m\u00e1culas o placas escamosas o hiperquerat\u00f3sicas que aparecen de forma aislada o confluente (&#8220;carcinomatizaci\u00f3n de campo&#8221;).\nLa indicaci\u00f3n del tratamiento debe basarse en cada caso, teniendo en cuenta los factores relacionados con el paciente y las caracter\u00edsticas de la lesi\u00f3n, explic\u00f3 el ponente [1].\nEntre otras cosas, deben tenerse en cuenta la localizaci\u00f3n y la extensi\u00f3n de las lesiones, la edad, la comorbilidad, los antecedentes de c\u00e1ncer de piel, la inmunosupresi\u00f3n y las preferencias del paciente.\nSi existe un mayor riesgo, por ejemplo debido a la presencia de numerosas QA, antecedentes de CCSc y\/o tratamiento inmunosupresor en curso, la Dra. Kelleners-Smeets aconsej\u00f3 que se convenciera a los pacientes de que se trataran sus QA [1].\nSeg\u00fan los informes, el riesgo de que una QA evolucione a un CEC es del 0,025-20% al a\u00f1o.\nEn los pacientes con antecedentes de CEC en la zona del campo de la QA, el riesgo de desarrollar otro CEC en un plazo de 5 a\u00f1os es del 40%.\nSin embargo, el riesgo de progresi\u00f3n tambi\u00e9n aumenta significativamente en los pacientes inmunodeprimidos.\nSi se sospecha que una lesi\u00f3n es una QA, la exploraci\u00f3n diagn\u00f3stica se basa principalmente en la presentaci\u00f3n cl\u00ednica y las caracter\u00edsticas dermatosc\u00f3picas.\nSi hay indicios de que podr\u00eda tratarse de un CEC u otro diagn\u00f3stico diferencial, debe realizarse una biopsia.           <\/p>\n\n\n\n<p>Si es AK seg\u00fan la evaluaci\u00f3n diagn\u00f3stica global, se clasifica como sigue:  <\/p>\n\n\n\n<ul class=\"wp-block-list\">\n<li>Lesiones \u00fanicas de AK  <\/li>\n\n\n\n<li>Lesiones AK m\u00faltiples o carcinog\u00e9nesis de campo  <\/li>\n\n\n\n<li>AK en pacientes inmunocomprometidos  <\/li>\n\n\n\n<li>AK en localizaciones espec\u00edficas (labio, orejas, dorso de la mano, antebrazos, parte inferior de la pierna).<\/li>\n<\/ul>\n\n\n\n<p>Todos los pacientes con QA deben recibir formaci\u00f3n sobre la QA y consejos sobre el uso de emolientes y medidas de protecci\u00f3n solar.\nSi se trata de lesiones hiperquerat\u00f3sicas, se recomienda un curetaje cuidadoso antes de otros tratamientos.\nSi la QA reaparece en una fase posterior, puede ser conveniente elegir una opci\u00f3n de tratamiento diferente para otra secuencia de tratamiento.\nAdem\u00e1s, puede considerarse la quimioprevenci\u00f3n con nicotinamida o retinoides como medida preventiva.\nSi la misma lesi\u00f3n reaparece varias veces, debe considerarse la posibilidad de realizar una biopsia.    <\/p>\n\n\n\n<p><strong>Lesi\u00f3n \u00fanica de QA \u2013 m\u00faltiples opciones de tratamiento posibles: <\/strong>En el caso de lesiones \u00fanicas de QA muy diseminadas, se puede informar a los pacientes de que la progresi\u00f3n a CCS es posible pero poco probable . A continuaci\u00f3n, puede indicarse a los pacientes que vigilen las lesiones y concierten una nueva consulta dermatol\u00f3gica si la lesi\u00f3n o lesiones crecen o se vuelven hiperquerat\u00f3sicas. Si las lesiones aisladas de QA se vuelven hiperquerat\u00f3sicas, o si los pacientes solicitan tratamiento, se suele optar por una de las siguientes modalidades de tratamiento: crioterapia, curetaje o l\u00e1ser<sub>CO2\/Er<\/sub>:YAG. [1,2]Sin embargo, tambi\u00e9n puede utilizarse terapia t\u00f3pica (5-FU\/SA, crema de 5-FU al 4% o 5%, crema de imiquimod al 5% o crema de tirbanibulina), seg\u00fan la Dra. Kelleners-Smeets [1,2].<\/p>\n\n\n\n<p><strong>Lesiones m\u00faltiples de QA:<\/strong> se recomienda una terapia dirigida al campo. [1,2]&#8221;Si existen lesiones AK m\u00faltiples, debe llevarse a cabo una terapia dirigida al campo&#8221;, recomend\u00f3 el ponente . Las opciones pertinentes se muestran en<strong>el Panorama 1<\/strong>. Es importante discutir las distintas opciones de tratamiento con el paciente. Por ejemplo, el 5-FU ha demostrado ser una terapia eficaz, pero debe ser administrado por el paciente en casa durante varias semanas, lo que requiere un alto nivel de cumplimiento. La crema de tirbanibulina, en cambio, s\u00f3lo requiere un periodo de tratamiento de cinco d\u00edas y la TFD puede realizarse en la consulta dermatol\u00f3gica, lo que resulta menos problem\u00e1tico en t\u00e9rminos de cumplimiento. Si los pacientes siguen teniendo lesiones visibles y\/o hiperquerat\u00f3sicas despu\u00e9s de la terapia de campo dirigido, la crioterapia puede proporcionar alivio. A menudo ocurre que s\u00f3lo un enfoque terap\u00e9utico combinado resulta eficaz, inform\u00f3 el ponente.<\/p>\n\n\n<div class=\"wp-block-image\">\n<figure class=\"aligncenter size-full is-resized\"><a href=\"https:\/\/medizinonline.com\/wp-content\/uploads\/2024\/08\/Ubersicht1_DP4_s36.png\"><img fetchpriority=\"high\" decoding=\"async\" width=\"721\" height=\"920\" src=\"https:\/\/medizinonline.com\/wp-content\/uploads\/2024\/08\/Ubersicht1_DP4_s36.png\" alt=\"\" class=\"wp-image-384865\" style=\"width:300px\"\/><\/a><\/figure>\n<\/div>\n\n\n<p><strong>La QA en pacientes inmunodeprimidos y en localizaciones espec\u00edficas: <\/strong>Para el subgrupo de pacientes con QA, existe la mayor evidencia para las opciones de tratamiento enumeradas en <strong>el resumen 2 <\/strong>.\nExiste un mayor riesgo de progresi\u00f3n a CEC en las QA del labio, la oreja, el dorso de la mano, el antebrazo o la parte inferior de la pierna.\nPor lo tanto, debe elegirse un enfoque de tratamiento m\u00e1s agresivo.\nEn el caso de las QA del dorso de la mano, es aconsejable realizar un curetaje antes de cualquier otro tratamiento si hay lesiones hiperquerat\u00f3sicas.\nSi la QA afecta a zonas m\u00e1s extensas, la crema de 5-FU es el tratamiento de elecci\u00f3n para las opciones de tratamiento t\u00f3pico.      <\/p>\n\n\n<div class=\"wp-block-image\">\n<figure class=\"aligncenter size-full is-resized\"><a href=\"https:\/\/medizinonline.com\/wp-content\/uploads\/2024\/08\/Ubersicht2_DP4_s37.png\"><img decoding=\"async\" width=\"705\" height=\"826\" data-src=\"https:\/\/medizinonline.com\/wp-content\/uploads\/2024\/08\/Ubersicht2_DP4_s37.png\" alt=\"\" class=\"wp-image-384864 lazyload\" style=\"--smush-placeholder-width: 705px; --smush-placeholder-aspect-ratio: 705\/826;width:300px\" src=\"data:image\/svg+xml;base64,PHN2ZyB3aWR0aD0iMSIgaGVpZ2h0PSIxIiB4bWxucz0iaHR0cDovL3d3dy53My5vcmcvMjAwMC9zdmciPjwvc3ZnPg==\" \/><\/a><\/figure>\n<\/div>\n\n\n<h3 id=\"amplia-gama-de-principios-activos-topicos\" class=\"wp-block-heading\">Amplia gama de principios activos t\u00f3picos  <\/h3>\n\n\n\n<p>Mientras que las opciones terap\u00e9uticas dirigidas a la lesi\u00f3n (por ejemplo, escisi\u00f3n quir\u00fargica, curetaje, crioterapia) se utilizan para la destrucci\u00f3n f\u00edsica o la eliminaci\u00f3n de los queratinocitos at\u00edpicos, las terapias primarias dirigidas al campo para la QA tienen como objetivo la destrucci\u00f3n, eliminaci\u00f3n o remisi\u00f3n de los queratinocitos at\u00edpicos, con lo que no s\u00f3lo se pretende la reducci\u00f3n de las \u00e1reas de QA manifiestas: Tambi\u00e9n se persiguen los queratinocitos latentes, subcl\u00ednicos o at\u00edpicos en un campo da\u00f1ado cr\u00f3nicamente por la luz solar.\n [3\u20135]Las terapias dirigidas al campo incluyen agentes t\u00f3picos o procedimientos apoyados por agentes t\u00f3picos <strong>(Tabla 1)<\/strong>.  <\/p>\n\n\n<div class=\"wp-block-image\">\n<figure class=\"aligncenter size-full is-resized\"><a href=\"https:\/\/medizinonline.com\/wp-content\/uploads\/2024\/08\/Tab1_DP4_s37.png\"><img decoding=\"async\" width=\"1455\" height=\"1048\" data-src=\"https:\/\/medizinonline.com\/wp-content\/uploads\/2024\/08\/Tab1_DP4_s37.png\" alt=\"\" class=\"wp-image-384863 lazyload\" style=\"--smush-placeholder-width: 1455px; --smush-placeholder-aspect-ratio: 1455\/1048;width:500px\" data-srcset=\"https:\/\/medizinonline.com\/wp-content\/uploads\/2024\/08\/Tab1_DP4_s37.png 1455w, https:\/\/medizinonline.com\/wp-content\/uploads\/2024\/08\/Tab1_DP4_s37-800x576.png 800w, https:\/\/medizinonline.com\/wp-content\/uploads\/2024\/08\/Tab1_DP4_s37-1160x836.png 1160w, https:\/\/medizinonline.com\/wp-content\/uploads\/2024\/08\/Tab1_DP4_s37-1120x807.png 1120w\" data-sizes=\"(max-width: 1455px) 100vw, 1455px\" src=\"data:image\/svg+xml;base64,PHN2ZyB3aWR0aD0iMSIgaGVpZ2h0PSIxIiB4bWxucz0iaHR0cDovL3d3dy53My5vcmcvMjAwMC9zdmciPjwvc3ZnPg==\" \/><\/a><\/figure>\n<\/div>\n\n\n<p><strong>5-FU 4% y 5%:<\/strong> Se trata de un f\u00e1rmaco citost\u00e1tico que act\u00faa como antimetabolito.\nDebido a su similitud estructural con la timina (5-metiluracilo), que se encuentra en los \u00e1cidos nucleicos, el FU impide su formaci\u00f3n y utilizaci\u00f3n y, por tanto, inhibe tanto la s\u00edntesis de ADN como de ARN.\nEl resultado es la inhibici\u00f3n del crecimiento, sobre todo en las c\u00e9lulas que se encuentran en una fase de crecimiento acelerado -como en el AK- y que, por tanto, absorben una mayor cantidad de FU.    <\/p>\n\n\n\n<p><strong>\u00c1cido salic\u00edlico (SA): <\/strong>El \u00e1cido salic\u00edlico t\u00f3pico tiene un efecto queratol\u00edtico y reduce la hiperqueratosis asociada a la QA.\nSu modo de acci\u00f3n como queratol\u00edtico y corneol\u00edtico est\u00e1 asociado a la interferencia sobre la adhesi\u00f3n de los corneocitos, al efecto solubilizante sobre la sustancia cementante intercelular as\u00ed como al aflojamiento y desprendimiento de los corneocitos.   <\/p>\n\n\n\n<p><strong>Imiquimod: <\/strong>este principio activo modula la respuesta inmunitaria mediante la activaci\u00f3n de un receptor tipo Toll (TLR) en las c\u00e9lulas inmunitarias.\nEn modelos animales, el imiquimod demuestra su eficacia contra las infecciones v\u00edricas y desarrolla sus propiedades antitumorales principalmente a trav\u00e9s de la inducci\u00f3n del interfer\u00f3n-alfa y otras citoquinas.   <\/p>\n\n\n\n<p><strong>Diclofenaco 3%: <\/strong>El diclofenaco es un antiinflamatorio no esteroideo.\nSu mecanismo de acci\u00f3n en la QA no se conoce del todo, una hip\u00f3tesis es que los efectos terap\u00e9uticos est\u00e1n relacionados con la inhibici\u00f3n de la v\u00eda de la ciclooxigenasa seguida de una reducci\u00f3n de la s\u00edntesis de prostaglandina E2 (PGE2).   <\/p>\n\n\n\n<p><strong>Tirbanibulina: <\/strong>La tirbanibulina da\u00f1a los microt\u00fabulos por uni\u00f3n directa a la tubulina, lo que induce una interrupci\u00f3n del ciclo celular y la muerte apopt\u00f3tica de las c\u00e9lulas proliferantes y se asocia a una interrupci\u00f3n de la v\u00eda de se\u00f1alizaci\u00f3n de la tirosina quinasa Src (sarcoma celular).\nSrc est\u00e1 presente en el citosol de la c\u00e9lula y es el producto g\u00e9nico del protooncogen del mismo nombre, Src.\nSe sabe que Src se expresa cada vez m\u00e1s en los QA.    <\/p>\n\n\n\n<p><strong>\u00c1cido aminolevul\u00ednico (ALA) y metilaminolevulinato (MAL):<\/strong> Estos principios activos se utilizan como parte de la TFD<strong>.<\/strong> \nTras la aplicaci\u00f3n t\u00f3pica de ALA, la sustancia se acumula en las lesiones de QA y se metaboliza en protoporfirina IX, un sensibilizador a la luz que aumenta masivamente el efecto t\u00f3xico de la luz UV y se acumula intracelularmente en las lesiones de QA tratadas.\nLa protoporfirina IX se activa mediante la iluminaci\u00f3n con luz roja de una longitud de onda y energ\u00eda adecuadas.\nEn presencia de ox\u00edgeno, se forman compuestos reactivos de ox\u00edgeno.\nEstos da\u00f1an los componentes celulares y, en \u00faltima instancia, destruyen las c\u00e9lulas diana.      <\/p>\n\n\n\n<p><em>Congreso: Reuni\u00f3n anual de la EADO (Par\u00eds)<\/em><\/p>\n\n\n\n<p><\/p>\n\n\n\n<p>Literatura:<\/p>\n\n\n\n<ol class=\"wp-block-list\">\n<li>&#8220;Tratamiento a medida para pacientes con QA&#8221;, Dra. Nicole Kelleners-Smeets, Simposio 7, Reuni\u00f3n anual de la EADO, 04.-06.04.2024.  <\/li>\n\n\n\n<li>Kandolf L, et al; EADV, EDF, EADV y Uni\u00f3n Europea de M\u00e9dicos Especialistas (Union Europ\u00e9enne des M\u00e9decins Sp\u00e9cialistes): European consensus-based interdisciplinary guideline for diagnosis, treatment and prevention of actinic keratoses, epithelial UV-induced dysplasia and field cancerisation en nombre de la Asociaci\u00f3n Europea de Dermato-Oncolog\u00eda, el Foro Europeo de Dermatolog\u00eda, la Academia Europea de Dermatolog\u00eda y Venereolog\u00eda y la Uni\u00f3n Europea de M\u00e9dicos Especialistas (Union Europ\u00e9enne des M\u00e9decins Sp\u00e9cialistes). JEADV 2024; 38(6): 1024-1047.<\/li>\n\n\n\n<li>Flexikon, <a href=\"http:\/\/www.doccheck.com\" target=\"_blank\" rel=\"noopener\">www.doccheck.com,<\/a>(\u00faltimo acceso 29\/07\/2024).<\/li>\n\n\n\n<li>PharmaWiki, <a href=\"http:\/\/www.pharmawiki.ch\" target=\"_blank\" rel=\"noopener\">www.pharmawiki.ch,<\/a>(\u00faltima consulta: 29 de julio de 2024).<\/li>\n\n\n\n<li>  Agentes t\u00f3picos: &#8220;Queratosis act\u00ednica&#8221;, Kassen\u00e4rztliche Bundesvereinigung, <a href=\"http:\/\/www.akdae.de\" target=\"_blank\" rel=\"noopener\">www.akdae.de,<\/a>(\u00faltimo acceso 29\/07\/2024).<\/li>\n\n\n\n<li>Compendio suizo de medicamentos,<a href=\"https:\/\/compendium.ch\" target=\"_blank\" rel=\"noopener\">https:\/\/compendium.ch,<\/a>(\u00faltima consulta: 29\/07\/2024).<\/li>\n<\/ol>\n\n\n\n<p><\/p>\n\n\n\n<p><\/p>\n\n\n\n<p class=\"has-small-font-size\"><em>DERMATOLOGIE PRAXIS 2024; 34(4): 36-37 (publicado el 30.8.24, antes de impresi\u00f3n)<\/em><\/p>\n\n\n\n<p><\/p>\n\n\n\n<p class=\"has-background\" style=\"background-color:#abb7c236\"><em>Foto de portada: Queratosis act\u00ednica en el dorso de la mano, la llamada carcinomatizaci\u00f3n de campo.\n\u00a9 Dr. Thomas Brinkmeier, wikimedia <\/em><\/p>\n","protected":false},"excerpt":{"rendered":"<p>La decisi\u00f3n de tratar las queratosis act\u00ednicas o simplemente observar las lesiones inicialmente depende de varios factores. La evaluaci\u00f3n del grado de riesgo de progresi\u00f3n a carcinoma cut\u00e1neo de c\u00e9lulas&hellip;<\/p>\n","protected":false},"author":7,"featured_media":385005,"comment_status":"closed","ping_status":"closed","sticky":false,"template":"","format":"standard","meta":{"_acf_changed":false,"pmpro_default_level":"","cat_1_feature_home_top":false,"cat_2_editor_pick":false,"csco_eyebrow_text":"Queratosis act\u00ednica","footnotes":""},"category":[11552,11310,11483,11336,11430],"tags":[78061,78063,44336,12299,24309,13540,64398,78065,18064],"powerkit_post_featured":[],"class_list":["post-385003","post","type-post","status-publish","format-standard","has-post-thumbnail","category-rx-es","category-dermatologia-y-venereologia","category-el-congreso-informa","category-oncologia","category-prevencion-y-asistencia-sanitaria","tag-5-fu-sa-es","tag-crema-de-5-fu","tag-dfs-es","tag-directriz-es","tag-imiquimod-es","tag-queratosis-actinica","tag-recomendaciones-de-tratamiento","tag-reunion-anual-de-la-eado","tag-tirbanibulina-es","pmpro-has-access"],"acf":[],"publishpress_future_action":{"enabled":false,"date":"2026-05-06 08:57:36","action":"change-status","newStatus":"draft","terms":[],"taxonomy":"category","extraData":[]},"publishpress_future_workflow_manual_trigger":{"enabledWorkflows":[]},"wpml_current_locale":"es_ES","wpml_translations":[],"_links":{"self":[{"href":"https:\/\/medizinonline.com\/es\/wp-json\/wp\/v2\/posts\/385003","targetHints":{"allow":["GET"]}}],"collection":[{"href":"https:\/\/medizinonline.com\/es\/wp-json\/wp\/v2\/posts"}],"about":[{"href":"https:\/\/medizinonline.com\/es\/wp-json\/wp\/v2\/types\/post"}],"author":[{"embeddable":true,"href":"https:\/\/medizinonline.com\/es\/wp-json\/wp\/v2\/users\/7"}],"replies":[{"embeddable":true,"href":"https:\/\/medizinonline.com\/es\/wp-json\/wp\/v2\/comments?post=385003"}],"version-history":[{"count":2,"href":"https:\/\/medizinonline.com\/es\/wp-json\/wp\/v2\/posts\/385003\/revisions"}],"predecessor-version":[{"id":387807,"href":"https:\/\/medizinonline.com\/es\/wp-json\/wp\/v2\/posts\/385003\/revisions\/387807"}],"wp:featuredmedia":[{"embeddable":true,"href":"https:\/\/medizinonline.com\/es\/wp-json\/wp\/v2\/media\/385005"}],"wp:attachment":[{"href":"https:\/\/medizinonline.com\/es\/wp-json\/wp\/v2\/media?parent=385003"}],"wp:term":[{"taxonomy":"category","embeddable":true,"href":"https:\/\/medizinonline.com\/es\/wp-json\/wp\/v2\/category?post=385003"},{"taxonomy":"post_tag","embeddable":true,"href":"https:\/\/medizinonline.com\/es\/wp-json\/wp\/v2\/tags?post=385003"},{"taxonomy":"powerkit_post_featured","embeddable":true,"href":"https:\/\/medizinonline.com\/es\/wp-json\/wp\/v2\/powerkit_post_featured?post=385003"}],"curies":[{"name":"wp","href":"https:\/\/api.w.org\/{rel}","templated":true}]}}