{"id":390789,"date":"2024-12-24T00:01:00","date_gmt":"2024-12-23T23:01:00","guid":{"rendered":"https:\/\/medizinonline.com\/?p=390789"},"modified":"2024-11-27T10:09:13","modified_gmt":"2024-11-27T09:09:13","slug":"las-recomendaciones-actuales-hacen-hincapie-en-la-deteccion-precoz-y-la-intervencion","status":"publish","type":"post","link":"https:\/\/medizinonline.com\/es\/las-recomendaciones-actuales-hacen-hincapie-en-la-deteccion-precoz-y-la-intervencion\/","title":{"rendered":"Las recomendaciones actuales hacen hincapi\u00e9 en la detecci\u00f3n precoz y la intervenci\u00f3n"},"content":{"rendered":"\n<p><strong>Hasta la fecha, no existe un tratamiento eficaz para los s\u00edndromes demenciales, pero s\u00ed diversas medidas para contrarrestar la progresi\u00f3n. En general, se considera que el tratamiento debe iniciarse lo antes posible. La Asociaci\u00f3n <em>Suiza de Cl\u00ednicas de la Memoria<\/em> ha elaborado recomendaciones actualizadas para el diagn\u00f3stico de la demencia. Este a\u00f1o tambi\u00e9n se ha publicado un nuevo folleto con recomendaciones terap\u00e9uticas.   <\/strong><\/p>\n\n<!--more-->\n\n<p>El t\u00e9rmino general &#8220;demencia&#8221; se refiere a un s\u00edndrome de deterioro cognitivo relevante para la vida cotidiana, que puede estar causado por diversos factores. La causa m\u00e1s com\u00fan es la enfermedad de Alzheimer, seguida de las enfermedades neurovasculares (por ejemplo, ictus isqu\u00e9mico, hemorragia cerebral), que pueden provocar demencia vascular, as\u00ed como otras enfermedades que se asocian a s\u00edntomas de demencia [1]. Las posibilidades de diagn\u00f3stico de la demencia han mejorado considerablemente en los \u00faltimos a\u00f1os. Las recomendaciones para el diagn\u00f3stico de la demencia elaboradas por la Asociaci\u00f3n <em>Suiza<\/em> de <em>Cl\u00ednicas de la<\/em> Memoria se centran en los m\u00e9todos autorizados en Suiza con el objetivo de mejorar el diagn\u00f3stico precoz y diferencial [2]. Las recomendaciones pueden <a href=\"https:\/\/www.bag.admin.ch\/bag\/de\/home\/strategie-und-politik\/nationale-gesundheitsstrategien\/demenz.html\" target=\"_blank\" rel=\"noreferrer noopener\">descargarse<\/a> gratuitamente de la p\u00e1gina web de la FOPH.    <\/p>\n\n<p><em> El deterioro cognitivo<\/em> leve (DCL) es un importante s\u00edndrome precoz o de riesgo de demencia y cada vez se diagnostica m\u00e1s en la pr\u00e1ctica cl\u00ednica. [3,4] En las futuras CIE-11 y DSM-5, el DCL se define como un trastorno neurocognitivo leve y en el contexto de enfermedades neurodegenerativas espec\u00edficas, como la enfermedad de Alzheimer . [5,6] Una proporci\u00f3n significativa de personas mayores refieren un declive en su rendimiento cognitivo, aunque no muestren un declive en su rendimiento en las pruebas cognitivas diagn\u00f3sticas . Esta condici\u00f3n se conoce como<em>deterioro cognitivo subjetivo (DSC<\/em> ).   <\/p>\n<div class=\"wp-block-image\">\n<figure class=\"aligncenter size-full is-resized\"><a href=\"https:\/\/medizinonline.com\/wp-content\/uploads\/2024\/11\/abb1_HP11_s24.png\"><img fetchpriority=\"high\" decoding=\"async\" width=\"2194\" height=\"542\" src=\"https:\/\/medizinonline.com\/wp-content\/uploads\/2024\/11\/abb1_HP11_s24.png\" alt=\"\" class=\"wp-image-390577\" style=\"width:500px\" srcset=\"https:\/\/medizinonline.com\/wp-content\/uploads\/2024\/11\/abb1_HP11_s24.png 2194w, https:\/\/medizinonline.com\/wp-content\/uploads\/2024\/11\/abb1_HP11_s24-800x198.png 800w, https:\/\/medizinonline.com\/wp-content\/uploads\/2024\/11\/abb1_HP11_s24-1160x287.png 1160w, https:\/\/medizinonline.com\/wp-content\/uploads\/2024\/11\/abb1_HP11_s24-1536x379.png 1536w, https:\/\/medizinonline.com\/wp-content\/uploads\/2024\/11\/abb1_HP11_s24-1120x277.png 1120w, https:\/\/medizinonline.com\/wp-content\/uploads\/2024\/11\/abb1_HP11_s24-1600x395.png 1600w, https:\/\/medizinonline.com\/wp-content\/uploads\/2024\/11\/abb1_HP11_s24-1920x474.png 1920w\" sizes=\"(max-width: 2194px) 100vw, 2194px\" \/><\/a><\/figure>\n<\/div>\n[11]Las recomendaciones para el tratamiento de la demencia, tambi\u00e9n elaboradas por la asociaci\u00f3n <em>Swiss Memory Clinics<\/em>, tambi\u00e9n est\u00e1n disponibles de forma gratuita en el sitio web de la FOPH . Tambi\u00e9n se ha incluido la directriz alemana S3 publicada en 2023 [7]. El cuidado de las personas con demencia depende del estadio de la enfermedad. Hoy en d\u00eda se dispone de diversas intervenciones farmacol\u00f3gicas y no farmacol\u00f3gicas para los pacientes con enfermedad de Alzheimer y otras formas de demencia. Adem\u00e1s de tratar los s\u00edntomas primarios de la demencia, tambi\u00e9n existen medidas terap\u00e9uticas para los s\u00edntomas psicol\u00f3gicos y conductuales acompa\u00f1antes. Sin embargo, la elecci\u00f3n de la terapia adecuada es compleja y depende de varios factores, como los s\u00edntomas individuales, el estadio de la enfermedad o la edad [8]. Un objetivo importante del tratamiento suele ser retrasar el ingreso en una residencia. Como puede verse en<strong>la figura 1 <\/strong>, en la actualidad existen opciones de tratamiento farmacoterap\u00e9utico que pueden utilizarse incluso para el deterioro cognitivo leve que no cumple los criterios de la demencia manifiesta [9]. [10] Un extracto especial de Ginkgo biloba que se ha investigado ampliamente en estudios precl\u00ednicos y cl\u00ednicos es el EGb\u00ae 761, autorizado por las compa\u00f1\u00edas de seguros m\u00e9dicos en Suiza con el nombre comercial de Tebokan\u00ae .         <\/p>\n\n<p>Literatura:  <\/p>\n\n<ol class=\"wp-block-list\">\n<li>Peters N, et al: La demencia desde una perspectiva neurol\u00f3gica &#8211; Parte 1. Swiss Medical Forum 2023; 23(13): 986-990.<\/li>\n\n\n\n<li>&#8220;Recomendaciones diagn\u00f3sticas para la demencia&#8221;, <a href=\"http:\/\/www.bag.admin.ch\/bag\/de\/home\/strategie-und-politik\/nationale-gesundheitsstrategien\/demenz\/schwerpunktthemen\/ambulantes-betreuungssetting.html#644434738\" target=\"_blank\" rel=\"noopener\">www.bag.admin.ch\/bag\/de\/home\/strategie-und-politik\/nationale-gesundheitsstrategien\/demenz\/schwerpunktthemen\/ambulantes-betreuungssetting.html#644434738,<\/a>(\u00faltima consulta: 07.11.2024).<\/li>\n\n\n\n<li>CIE-11: Clasificaci\u00f3n Estad\u00edstica Internacional de Enfermedades y Problemas Relacionados con la Salud, 11\u00aa Revisi\u00f3n 2023b.<\/li>\n\n\n\n<li>Manual diagn\u00f3stico y estad\u00edstico de los trastornos mentales: DSM-5\u2122<sup>(5\u00aa<\/sup> ed.): American Psychiatric Publishing, Inc. 2013. <a href=\"https:\/\/doi.org\/10.1176\/appi.books.9780890425596\" target=\"_blank\" rel=\"noreferrer noopener\">https:\/\/doi.org\/10.1176\/appi.books.9780890425596<\/a>.<\/li>\n\n\n\n<li>van der Flier WM, Scheltens P: Cohorte de demencia de \u00c1msterdam: realizar investigaci\u00f3n para optimizar la atenci\u00f3n. J Alzheimers Dis 2018; 62: 1091-1111. <\/li>\n\n\n\n<li>Garc\u00eda-Ptacek S, et al: Sujetos con deterioro cognitivo subjetivo en nuestra pr\u00e1ctica cl\u00ednica. Dement Geriatr Cogn Dis Extra 2014; 4: 419-430.  <\/li>\n\n\n\n<li>Directriz S3 demencia, versi\u00f3n larga, versi\u00f3n: 4.0, estado: 28 de noviembre de 2023, registro AWMF n\u00ba 038-013.  <\/li>\n\n\n\n<li>&#8220;Recomendaciones terap\u00e9uticas para la demencia&#8221;, seminario web, <a href=\"http:\/\/www.alzheimer-schweiz.ch\/de\/beitrag\/webinar-2024-therapieempfehlungen-bei-demenz\" target=\"_blank\" rel=\"noopener\">www.alzheimer-schweiz.ch\/de\/beitrag\/webinar-2024-therapieempfehlungen-bei-demenz,<\/a>(\u00faltima consulta: 08\/11\/2024)  <\/li>\n\n\n\n<li>&#8220;El diagn\u00f3stico precoz de la demencia y las principales opciones de actuaci\u00f3n&#8221;, Dr. Ansgar Felbecker, Simposio especial de Schwabe Pharma, ZAIM MediDays Z\u00farich, 30.08.2024.  <\/li>\n\n\n\n<li>Swissmedic: Informaci\u00f3n sobre medicamentos, <a href=\"http:\/\/www.swissmedicinfo.ch\" target=\"_blank\" rel=\"noopener\">www.swissmedicinfo.ch,<\/a>(\u00faltimo acceso 08.11.2024)  <\/li>\n\n\n\n<li>&#8220;Recomendaciones terap\u00e9uticas para la demencia&#8221;, folleto, Cl\u00ednicas Suizas de la Memoria\/Plataforma Nacional de la Demencia: Oficina Federal de Salud P\u00fablica (ed.), junio de 2024.<\/li>\n<\/ol>\n\n<p><\/p>\n\n<p class=\"has-small-font-size\"><em>PR\u00c1CTICA M\u00c9DICA GENERAL 2024; 19(11): 24<\/em><\/p>\n","protected":false},"excerpt":{"rendered":"<p>Hasta la fecha, no existe un tratamiento eficaz para los s\u00edndromes demenciales, pero s\u00ed diversas medidas para contrarrestar la progresi\u00f3n. En general, se considera que el tratamiento debe iniciarse lo&hellip;<\/p>\n","protected":false},"author":7,"featured_media":390791,"comment_status":"closed","ping_status":"closed","sticky":false,"template":"","format":"standard","meta":{"_acf_changed":false,"pmpro_default_level":"","cat_1_feature_home_top":false,"cat_2_editor_pick":false,"csco_eyebrow_text":"Demencia","footnotes":""},"category":[11328,11435,11552],"tags":[13935,12113,79849,12115,14175,36161,65654,11810],"powerkit_post_featured":[],"class_list":["post-390789","post","type-post","status-publish","format-standard","has-post-thumbnail","category-neurologia","category-psiquiatria-y-psicoterapia","category-rx-es","tag-alzheimer-es","tag-demencia","tag-demencia-es","tag-deteccion-precoz","tag-diagnostico-es-2","tag-estadios-es","tag-ginkgo-biloba-es","tag-terapia-es","pmpro-has-access"],"acf":[],"publishpress_future_action":{"enabled":false,"date":"2026-05-05 15:06:57","action":"change-status","newStatus":"draft","terms":[],"taxonomy":"category","extraData":[]},"publishpress_future_workflow_manual_trigger":{"enabledWorkflows":[]},"wpml_current_locale":"es_ES","wpml_translations":[],"_links":{"self":[{"href":"https:\/\/medizinonline.com\/es\/wp-json\/wp\/v2\/posts\/390789","targetHints":{"allow":["GET"]}}],"collection":[{"href":"https:\/\/medizinonline.com\/es\/wp-json\/wp\/v2\/posts"}],"about":[{"href":"https:\/\/medizinonline.com\/es\/wp-json\/wp\/v2\/types\/post"}],"author":[{"embeddable":true,"href":"https:\/\/medizinonline.com\/es\/wp-json\/wp\/v2\/users\/7"}],"replies":[{"embeddable":true,"href":"https:\/\/medizinonline.com\/es\/wp-json\/wp\/v2\/comments?post=390789"}],"version-history":[{"count":1,"href":"https:\/\/medizinonline.com\/es\/wp-json\/wp\/v2\/posts\/390789\/revisions"}],"predecessor-version":[{"id":390794,"href":"https:\/\/medizinonline.com\/es\/wp-json\/wp\/v2\/posts\/390789\/revisions\/390794"}],"wp:featuredmedia":[{"embeddable":true,"href":"https:\/\/medizinonline.com\/es\/wp-json\/wp\/v2\/media\/390791"}],"wp:attachment":[{"href":"https:\/\/medizinonline.com\/es\/wp-json\/wp\/v2\/media?parent=390789"}],"wp:term":[{"taxonomy":"category","embeddable":true,"href":"https:\/\/medizinonline.com\/es\/wp-json\/wp\/v2\/category?post=390789"},{"taxonomy":"post_tag","embeddable":true,"href":"https:\/\/medizinonline.com\/es\/wp-json\/wp\/v2\/tags?post=390789"},{"taxonomy":"powerkit_post_featured","embeddable":true,"href":"https:\/\/medizinonline.com\/es\/wp-json\/wp\/v2\/powerkit_post_featured?post=390789"}],"curies":[{"name":"wp","href":"https:\/\/api.w.org\/{rel}","templated":true}]}}