{"id":394764,"date":"2025-03-22T01:05:00","date_gmt":"2025-03-22T00:05:00","guid":{"rendered":"https:\/\/medizinonline.com\/menos-problemas-mejor-calidad-de-vida\/"},"modified":"2025-03-21T21:46:12","modified_gmt":"2025-03-21T20:46:12","slug":"menos-problemas-mejor-calidad-de-vida","status":"publish","type":"post","link":"https:\/\/medizinonline.com\/es\/menos-problemas-mejor-calidad-de-vida\/","title":{"rendered":"Menos problemas &#8211; mejor calidad de vida"},"content":{"rendered":"\n<p><strong>Las enfermedades cr\u00f3nicas, incluida la diabetes mellitus, requieren una atenci\u00f3n hol\u00edstica, coherente y centrada en la persona para lograr buenos resultados. La atenci\u00f3n sanitaria preventiva es fundamental para reducir la incidencia y el impacto de las enfermedades cr\u00f3nicas, y las estrategias para reducir las complicaciones son clave para mejorar la esperanza de vida y reducir los costes sanitarios. <\/strong><\/p>\n\n\n\n<div class=\"pmpro\"><div class=\"pmpro_card pmpro_content_message\"><div class=\"pmpro_card_content\">Dieser Inhalt ist nur f\u00fcr Benutzer der Gruppe: Medizinische Fachperson zug\u00e4nglich <br \/><a href=\"https:\/\/medizinonline.com\/es\/mi-cuenta\/paquetes\/\">Jetzt beitreten<\/a><\/div><div class=\"pmpro_card_actions pmpro_font-medium\">\u00bfYa eres miembro? <a href=\"https:\/\/medizinonline.com\/es\/conectarse\/?redirect_to=https%3A%2F%2Fmedizinonline.com%2Fes%2Fmenos-problemas-mejor-calidad-de-vida%2F\">Accede aqu\u00ed<\/a><\/div><\/div><\/div>","protected":false},"excerpt":{"rendered":"<p>Las enfermedades cr\u00f3nicas, incluida la diabetes mellitus, requieren una atenci\u00f3n hol\u00edstica, coherente y centrada en la persona para lograr buenos resultados. La atenci\u00f3n sanitaria preventiva es fundamental para reducir la&#8230;&hellip;... <\/p>\n<div class=\"pmpro\"><div class=\"pmpro_card pmpro_content_message\"><div class=\"pmpro_card_content\">Dieser Inhalt ist nur f\u00fcr Benutzer der Gruppe: Medizinische Fachperson zug\u00e4nglich <br \/><a href=\"https:\/\/medizinonline.com\/es\/mi-cuenta\/paquetes\/\">Jetzt beitreten<\/a><\/div><div class=\"pmpro_card_actions pmpro_font-medium\">\u00bfYa eres miembro? <a href=\"https:\/\/medizinonline.com\/es\/conectarse\/?redirect_to=https%3A%2F%2Fmedizinonline.com%2Fes%2Fmenos-problemas-mejor-calidad-de-vida%2F\">Accede aqu\u00ed<\/a><\/div><\/div><\/div>","protected":false},"author":7,"featured_media":394768,"comment_status":"closed","ping_status":"closed","sticky":false,"template":"","format":"standard","meta":{"_acf_changed":false,"pmpro_default_level":"","cat_1_feature_home_top":false,"cat_2_editor_pick":false,"csco_eyebrow_text":"Complicaciones de la diabetes","footnotes":""},"category":[11552,11483,11352,11475,11288],"tags":[81076,14466,81072,12339,81075,19803,81074],"powerkit_post_featured":[],"class_list":["post-394764","post","type-post","status-publish","format-standard","has-post-thumbnail","category-rx-es","category-el-congreso-informa","category-endocrinologia-y-diabetologia","category-estudios","category-medicina-interna-general","tag-adcsi-es","tag-calidad-de-vida","tag-complicaciones-de-la-diabetes","tag-diabetes-mellitus-es","tag-enfermedades-cronicas-es","tag-esperanza-de-vida","tag-indice-de-gravedad-de-las-complicaciones-de-la-diabetes","pmpro-level-required","pmpro-level-1","pmpro-no-access"],"acf":[],"publishpress_future_action":{"enabled":false,"date":"2026-05-07 15:44:40","action":"change-status","newStatus":"draft","terms":[],"taxonomy":"category","extraData":[]},"publishpress_future_workflow_manual_trigger":{"enabledWorkflows":[]},"wpml_current_locale":"es_ES","wpml_translations":[],"_links":{"self":[{"href":"https:\/\/medizinonline.com\/es\/wp-json\/wp\/v2\/posts\/394764","targetHints":{"allow":["GET"]}}],"collection":[{"href":"https:\/\/medizinonline.com\/es\/wp-json\/wp\/v2\/posts"}],"about":[{"href":"https:\/\/medizinonline.com\/es\/wp-json\/wp\/v2\/types\/post"}],"author":[{"embeddable":true,"href":"https:\/\/medizinonline.com\/es\/wp-json\/wp\/v2\/users\/7"}],"replies":[{"embeddable":true,"href":"https:\/\/medizinonline.com\/es\/wp-json\/wp\/v2\/comments?post=394764"}],"version-history":[{"count":2,"href":"https:\/\/medizinonline.com\/es\/wp-json\/wp\/v2\/posts\/394764\/revisions"}],"predecessor-version":[{"id":397686,"href":"https:\/\/medizinonline.com\/es\/wp-json\/wp\/v2\/posts\/394764\/revisions\/397686"}],"wp:featuredmedia":[{"embeddable":true,"href":"https:\/\/medizinonline.com\/es\/wp-json\/wp\/v2\/media\/394768"}],"wp:attachment":[{"href":"https:\/\/medizinonline.com\/es\/wp-json\/wp\/v2\/media?parent=394764"}],"wp:term":[{"taxonomy":"category","embeddable":true,"href":"https:\/\/medizinonline.com\/es\/wp-json\/wp\/v2\/category?post=394764"},{"taxonomy":"post_tag","embeddable":true,"href":"https:\/\/medizinonline.com\/es\/wp-json\/wp\/v2\/tags?post=394764"},{"taxonomy":"powerkit_post_featured","embeddable":true,"href":"https:\/\/medizinonline.com\/es\/wp-json\/wp\/v2\/powerkit_post_featured?post=394764"}],"curies":[{"name":"wp","href":"https:\/\/api.w.org\/{rel}","templated":true}]}}