{"id":394870,"date":"2025-03-14T01:05:00","date_gmt":"2025-03-14T00:05:00","guid":{"rendered":"https:\/\/medizinonline.com\/contener-los-ataques-mediante-medidas-proactivas\/"},"modified":"2025-03-06T09:48:54","modified_gmt":"2025-03-06T08:48:54","slug":"contener-los-ataques-mediante-medidas-proactivas","status":"publish","type":"post","link":"https:\/\/medizinonline.com\/es\/contener-los-ataques-mediante-medidas-proactivas\/","title":{"rendered":"Contener los ataques mediante medidas proactivas"},"content":{"rendered":"\n<p><strong>Las migra\u00f1as pueden mermar considerablemente la calidad de vida de los afectados. Por ello es aconsejable un tratamiento precoz si se confirma el diagn\u00f3stico. La terapia de la migra\u00f1a puede clasificarse en tres grupos: Terapia aguda, profilaxis y medidas no farmacol\u00f3gicas. Los anticuerpos monoclonales contra el CGRP y el receptor del CGRP est\u00e1n ya bien establecidos para la profilaxis farmacol\u00f3gica a largo plazo. La nueva y prometedora generaci\u00f3n de f\u00e1rmacos contra la migra\u00f1a incluye Ditane y Gepante.    <\/strong><\/p>\n\n\n\n<div class=\"pmpro\"><div class=\"pmpro_card pmpro_content_message\"><div class=\"pmpro_card_content\">Dieser Inhalt ist nur f\u00fcr Benutzer der Gruppe: Medizinische Fachperson zug\u00e4nglich <br \/><a href=\"https:\/\/medizinonline.com\/es\/mi-cuenta\/paquetes\/\">Jetzt beitreten<\/a><\/div><div class=\"pmpro_card_actions pmpro_font-medium\">\u00bfYa eres miembro? <a href=\"https:\/\/medizinonline.com\/es\/conectarse\/?redirect_to=https%3A%2F%2Fmedizinonline.com%2Fes%2Fcontener-los-ataques-mediante-medidas-proactivas%2F\">Accede aqu\u00ed<\/a><\/div><\/div><\/div>","protected":false},"excerpt":{"rendered":"<p>Las migra\u00f1as pueden mermar considerablemente la calidad de vida de los afectados. Por ello es aconsejable un tratamiento precoz si se confirma el diagn\u00f3stico. La terapia de la migra\u00f1a puede&#8230;&hellip;... <\/p>\n<div class=\"pmpro\"><div class=\"pmpro_card pmpro_content_message\"><div class=\"pmpro_card_content\">Dieser Inhalt ist nur f\u00fcr Benutzer der Gruppe: Medizinische Fachperson zug\u00e4nglich <br \/><a href=\"https:\/\/medizinonline.com\/es\/mi-cuenta\/paquetes\/\">Jetzt beitreten<\/a><\/div><div class=\"pmpro_card_actions pmpro_font-medium\">\u00bfYa eres miembro? <a href=\"https:\/\/medizinonline.com\/es\/conectarse\/?redirect_to=https%3A%2F%2Fmedizinonline.com%2Fes%2Fcontener-los-ataques-mediante-medidas-proactivas%2F\">Accede aqu\u00ed<\/a><\/div><\/div><\/div>","protected":false},"author":7,"featured_media":394871,"comment_status":"closed","ping_status":"closed","sticky":false,"template":"","format":"standard","meta":{"_acf_changed":false,"pmpro_default_level":"","cat_1_feature_home_top":false,"cat_2_editor_pick":false,"csco_eyebrow_text":"Migra\u00f1a  ","footnotes":""},"category":[11288,11483,11475,11483,11288,11328,11328,11552,11552,11475],"tags":[13811,72422,20856,19796,81151,14007,81152,81150,14010,24016,20041,24023],"powerkit_post_featured":[],"class_list":{"0":"post-394870","1":"post","2":"type-post","3":"status-publish","4":"format-standard","5":"has-post-thumbnail","6":"category-medicina-interna-general","7":"category-el-congreso-informa","8":"category-estudios","11":"category-neurologia","13":"category-rx-es","16":"tag-anticuerpo","17":"tag-ataques-es","18":"tag-cefalea-en-racimos","19":"tag-cgrp-es","20":"tag-ditane-es","21":"tag-dolor-de-cabeza","22":"tag-guepardo","23":"tag-medidas-proactivas","24":"tag-migrana","25":"tag-profilaxis","26":"tag-terapia-aguda-es","27":"tag-terapia-de-la-migrana","28":"pmpro-level-required","29":"pmpro-level-1","30":"pmpro-no-access"},"acf":[],"publishpress_future_action":{"enabled":false,"date":"2026-05-03 15:40:40","action":"change-status","newStatus":"draft","terms":[],"taxonomy":"category","extraData":[]},"publishpress_future_workflow_manual_trigger":{"enabledWorkflows":[]},"wpml_current_locale":"es_ES","wpml_translations":[],"_links":{"self":[{"href":"https:\/\/medizinonline.com\/es\/wp-json\/wp\/v2\/posts\/394870","targetHints":{"allow":["GET"]}}],"collection":[{"href":"https:\/\/medizinonline.com\/es\/wp-json\/wp\/v2\/posts"}],"about":[{"href":"https:\/\/medizinonline.com\/es\/wp-json\/wp\/v2\/types\/post"}],"author":[{"embeddable":true,"href":"https:\/\/medizinonline.com\/es\/wp-json\/wp\/v2\/users\/7"}],"replies":[{"embeddable":true,"href":"https:\/\/medizinonline.com\/es\/wp-json\/wp\/v2\/comments?post=394870"}],"version-history":[{"count":3,"href":"https:\/\/medizinonline.com\/es\/wp-json\/wp\/v2\/posts\/394870\/revisions"}],"predecessor-version":[{"id":396471,"href":"https:\/\/medizinonline.com\/es\/wp-json\/wp\/v2\/posts\/394870\/revisions\/396471"}],"wp:featuredmedia":[{"embeddable":true,"href":"https:\/\/medizinonline.com\/es\/wp-json\/wp\/v2\/media\/394871"}],"wp:attachment":[{"href":"https:\/\/medizinonline.com\/es\/wp-json\/wp\/v2\/media?parent=394870"}],"wp:term":[{"taxonomy":"category","embeddable":true,"href":"https:\/\/medizinonline.com\/es\/wp-json\/wp\/v2\/category?post=394870"},{"taxonomy":"post_tag","embeddable":true,"href":"https:\/\/medizinonline.com\/es\/wp-json\/wp\/v2\/tags?post=394870"},{"taxonomy":"powerkit_post_featured","embeddable":true,"href":"https:\/\/medizinonline.com\/es\/wp-json\/wp\/v2\/powerkit_post_featured?post=394870"}],"curies":[{"name":"wp","href":"https:\/\/api.w.org\/{rel}","templated":true}]}}