{"id":395308,"date":"2025-03-24T14:00:00","date_gmt":"2025-03-24T13:00:00","guid":{"rendered":"https:\/\/medizinonline.com\/los-conceptos-de-terapia-individualizada-son-esenciales\/"},"modified":"2025-03-23T23:18:00","modified_gmt":"2025-03-23T22:18:00","slug":"los-conceptos-de-terapia-individualizada-son-esenciales","status":"publish","type":"post","link":"https:\/\/medizinonline.com\/es\/los-conceptos-de-terapia-individualizada-son-esenciales\/","title":{"rendered":"Los conceptos de terapia individualizada son esenciales"},"content":{"rendered":"\n<p class=\"wp-block-paragraph\"><strong>Despu\u00e9s de la enfermedad de Alzheimer, la enfermedad de Parkinson es actualmente la segunda enfermedad neurodegenerativa m\u00e1s com\u00fan. La mayor\u00eda de los afectados tienen \u226560 a\u00f1os cuando la enfermedad se manifiesta por primera vez, pero una minor\u00eda desarrolla la enfermedad a una edad m\u00e1s temprana. Con terapias sintom\u00e1ticas adecuadas, la enfermedad puede a menudo controlarse bien durante a\u00f1os. La consideraci\u00f3n del perfil sintom\u00e1tico individual es crucial en este caso. Todav\u00eda no existe una terapia causal, pero se est\u00e1n investigando enfoques modificadores de la enfermedad.      <\/strong><\/p>\n\n\n\n<div class=\"pmpro\"><div class=\"pmpro_card pmpro_content_message\"><div class=\"pmpro_card_content\">Dieser Inhalt ist nur f\u00fcr Benutzer der Gruppe: Medizinische Fachperson zug\u00e4nglich <br \/><a href=\"https:\/\/medizinonline.com\/es\/mi-cuenta\/paquetes\/\">Jetzt beitreten<\/a><\/div><div class=\"pmpro_card_actions pmpro_font-medium\">\u00bfYa eres miembro? <a href=\"https:\/\/medizinonline.com\/es\/conectarse\/?redirect_to=https%3A%2F%2Fmedizinonline.com%2Fes%2Flos-conceptos-de-terapia-individualizada-son-esenciales%2F\">Accede aqu\u00ed<\/a><\/div><\/div><\/div>","protected":false},"excerpt":{"rendered":"<p>Despu\u00e9s de la enfermedad de Alzheimer, la enfermedad de Parkinson es actualmente la segunda enfermedad neurodegenerativa m\u00e1s com\u00fan. La mayor\u00eda de los afectados tienen \u226560 a\u00f1os cuando la enfermedad se&#8230;&hellip;... <\/p>\n<div class=\"pmpro\"><div class=\"pmpro_card pmpro_content_message\"><div class=\"pmpro_card_content\">Dieser Inhalt ist nur f\u00fcr Benutzer der Gruppe: Medizinische Fachperson zug\u00e4nglich <br \/><a href=\"https:\/\/medizinonline.com\/es\/mi-cuenta\/paquetes\/\">Jetzt beitreten<\/a><\/div><div class=\"pmpro_card_actions pmpro_font-medium\">\u00bfYa eres miembro? <a href=\"https:\/\/medizinonline.com\/es\/conectarse\/?redirect_to=https%3A%2F%2Fmedizinonline.com%2Fes%2Flos-conceptos-de-terapia-individualizada-son-esenciales%2F\">Accede aqu\u00ed<\/a><\/div><\/div><\/div>","protected":false},"author":7,"featured_media":395311,"comment_status":"closed","ping_status":"closed","sticky":false,"template":"","format":"standard","meta":{"_acf_changed":false,"pmpro_default_level":"","cat_1_feature_home_top":false,"cat_2_editor_pick":false,"csco_eyebrow_text":"Enfermedad de Parkinson","footnotes":"","_members_access_role":[],"_members_access_error":""},"category":[11552,11483,11316,11328],"tags":[75125,81237,15998,19397,81240,81239],"powerkit_post_featured":[],"class_list":["post-395308","post","type-post","status-publish","format-standard","has-post-thumbnail","category-rx-es","category-el-congreso-informa","category-geriatria","category-neurologia","tag-agonistas-de-la-dopamina","tag-conceptos-de-terapia-individualizada","tag-enfermedad-de-parkinson","tag-levodopa-es","tag-lixisenatida","tag-terapias-sintomaticas","pmpro-level-required","pmpro-level-1","pmpro-no-access"],"acf":[],"publishpress_future_action":{"enabled":false,"date":"2026-09-07 09:30:38","action":"change-status","newStatus":"draft","terms":[],"taxonomy":"category","extraData":[]},"publishpress_future_workflow_manual_trigger":{"enabledWorkflows":[]},"wpml_current_locale":"es_ES","wpml_translations":[],"_links":{"self":[{"href":"https:\/\/medizinonline.com\/es\/wp-json\/wp\/v2\/posts\/395308","targetHints":{"allow":["GET"]}}],"collection":[{"href":"https:\/\/medizinonline.com\/es\/wp-json\/wp\/v2\/posts"}],"about":[{"href":"https:\/\/medizinonline.com\/es\/wp-json\/wp\/v2\/types\/post"}],"author":[{"embeddable":true,"href":"https:\/\/medizinonline.com\/es\/wp-json\/wp\/v2\/users\/7"}],"replies":[{"embeddable":true,"href":"https:\/\/medizinonline.com\/es\/wp-json\/wp\/v2\/comments?post=395308"}],"version-history":[{"count":2,"href":"https:\/\/medizinonline.com\/es\/wp-json\/wp\/v2\/posts\/395308\/revisions"}],"predecessor-version":[{"id":397711,"href":"https:\/\/medizinonline.com\/es\/wp-json\/wp\/v2\/posts\/395308\/revisions\/397711"}],"wp:featuredmedia":[{"embeddable":true,"href":"https:\/\/medizinonline.com\/es\/wp-json\/wp\/v2\/media\/395311"}],"wp:attachment":[{"href":"https:\/\/medizinonline.com\/es\/wp-json\/wp\/v2\/media?parent=395308"}],"wp:term":[{"taxonomy":"category","embeddable":true,"href":"https:\/\/medizinonline.com\/es\/wp-json\/wp\/v2\/category?post=395308"},{"taxonomy":"post_tag","embeddable":true,"href":"https:\/\/medizinonline.com\/es\/wp-json\/wp\/v2\/tags?post=395308"},{"taxonomy":"powerkit_post_featured","embeddable":true,"href":"https:\/\/medizinonline.com\/es\/wp-json\/wp\/v2\/powerkit_post_featured?post=395308"}],"curies":[{"name":"wp","href":"https:\/\/api.w.org\/{rel}","templated":true}]}}