{"id":395418,"date":"2025-03-01T01:05:00","date_gmt":"2025-03-01T00:05:00","guid":{"rendered":"https:\/\/medizinonline.com\/como-optimizar-el-diagnostico-y-la-terapia\/"},"modified":"2025-02-28T23:10:46","modified_gmt":"2025-02-28T22:10:46","slug":"como-optimizar-el-diagnostico-y-la-terapia","status":"publish","type":"post","link":"https:\/\/medizinonline.com\/es\/como-optimizar-el-diagnostico-y-la-terapia\/","title":{"rendered":"\u00bfC\u00f3mo optimizar el diagn\u00f3stico y la terapia?"},"content":{"rendered":"\n<p><strong>El ulcus cruris venosum (UCV) es la forma m\u00e1s grave de insuficiencia venosa cr\u00f3nica y la calidad de vida de los afectados suele verse afectada de forma significativa. En la actualizaci\u00f3n de la directriz s2k publicada en 2024, la atenci\u00f3n se centr\u00f3 en la prevenci\u00f3n de las recidivas de UCV, adem\u00e1s de en la calidad de los procedimientos de exploraci\u00f3n y tratamiento. Se trata de una directriz orientada a la pr\u00e1ctica que combina los diferentes enfoques y niveles de conocimiento de los respectivos grupos profesionales y ofrece un concepto de tratamiento practicable para la UCV.  <\/strong><\/p>\n\n\n\n<div class=\"pmpro\"><div class=\"pmpro_card pmpro_content_message\"><div class=\"pmpro_card_content\">Dieser Inhalt ist nur f\u00fcr Benutzer der Gruppe: Medizinische Fachperson zug\u00e4nglich <br \/><a href=\"https:\/\/medizinonline.com\/es\/mi-cuenta\/paquetes\/\">Jetzt beitreten<\/a><\/div><div class=\"pmpro_card_actions pmpro_font-medium\">\u00bfYa eres miembro? <a href=\"https:\/\/medizinonline.com\/es\/conectarse\/?redirect_to=https%3A%2F%2Fmedizinonline.com%2Fes%2Fcomo-optimizar-el-diagnostico-y-la-terapia%2F\">Accede aqu\u00ed<\/a><\/div><\/div><\/div>","protected":false},"excerpt":{"rendered":"<p>El ulcus cruris venosum (UCV) es la forma m\u00e1s grave de insuficiencia venosa cr\u00f3nica y la calidad de vida de los afectados suele verse afectada de forma significativa. En la&#8230;&hellip;... <\/p>\n<div class=\"pmpro\"><div class=\"pmpro_card pmpro_content_message\"><div class=\"pmpro_card_content\">Dieser Inhalt ist nur f\u00fcr Benutzer der Gruppe: Medizinische Fachperson zug\u00e4nglich <br \/><a href=\"https:\/\/medizinonline.com\/es\/mi-cuenta\/paquetes\/\">Jetzt beitreten<\/a><\/div><div class=\"pmpro_card_actions pmpro_font-medium\">\u00bfYa eres miembro? <a href=\"https:\/\/medizinonline.com\/es\/conectarse\/?redirect_to=https%3A%2F%2Fmedizinonline.com%2Fes%2Fcomo-optimizar-el-diagnostico-y-la-terapia%2F\">Accede aqu\u00ed<\/a><\/div><\/div><\/div>","protected":false},"author":7,"featured_media":395421,"comment_status":"closed","ping_status":"closed","sticky":false,"template":"","format":"standard","meta":{"_acf_changed":false,"pmpro_default_level":"","cat_1_feature_home_top":false,"cat_2_editor_pick":false,"csco_eyebrow_text":"\u00dalcera venosa de la pierna ","footnotes":""},"category":[11552,11302,11324,11346,11310,11352,11290,11316,11288],"tags":[81342,23706,81343,81341,81344,44716,17984],"powerkit_post_featured":[],"class_list":["post-395418","post","type-post","status-publish","format-standard","has-post-thumbnail","category-rx-es","category-angiologia","category-cardiologia","category-cirugia","category-dermatologia-y-venereologia","category-endocrinologia-y-diabetologia","category-flebologia","category-geriatria","category-medicina-interna-general","tag-directriz-s2k-es","tag-enfermedad-subyacente","tag-gestion-local","tag-insuficiencia-venosa-cronica-es-2","tag-terapia-de-compresion-es","tag-ucv-es","tag-ulcera-venosa-de-la-pierna","pmpro-level-required","pmpro-level-1","pmpro-no-access"],"acf":[],"publishpress_future_action":{"enabled":false,"date":"2026-05-05 02:55:52","action":"change-status","newStatus":"draft","terms":[],"taxonomy":"category","extraData":[]},"publishpress_future_workflow_manual_trigger":{"enabledWorkflows":[]},"wpml_current_locale":"es_ES","wpml_translations":[],"_links":{"self":[{"href":"https:\/\/medizinonline.com\/es\/wp-json\/wp\/v2\/posts\/395418","targetHints":{"allow":["GET"]}}],"collection":[{"href":"https:\/\/medizinonline.com\/es\/wp-json\/wp\/v2\/posts"}],"about":[{"href":"https:\/\/medizinonline.com\/es\/wp-json\/wp\/v2\/types\/post"}],"author":[{"embeddable":true,"href":"https:\/\/medizinonline.com\/es\/wp-json\/wp\/v2\/users\/7"}],"replies":[{"embeddable":true,"href":"https:\/\/medizinonline.com\/es\/wp-json\/wp\/v2\/comments?post=395418"}],"version-history":[{"count":2,"href":"https:\/\/medizinonline.com\/es\/wp-json\/wp\/v2\/posts\/395418\/revisions"}],"predecessor-version":[{"id":396302,"href":"https:\/\/medizinonline.com\/es\/wp-json\/wp\/v2\/posts\/395418\/revisions\/396302"}],"wp:featuredmedia":[{"embeddable":true,"href":"https:\/\/medizinonline.com\/es\/wp-json\/wp\/v2\/media\/395421"}],"wp:attachment":[{"href":"https:\/\/medizinonline.com\/es\/wp-json\/wp\/v2\/media?parent=395418"}],"wp:term":[{"taxonomy":"category","embeddable":true,"href":"https:\/\/medizinonline.com\/es\/wp-json\/wp\/v2\/category?post=395418"},{"taxonomy":"post_tag","embeddable":true,"href":"https:\/\/medizinonline.com\/es\/wp-json\/wp\/v2\/tags?post=395418"},{"taxonomy":"powerkit_post_featured","embeddable":true,"href":"https:\/\/medizinonline.com\/es\/wp-json\/wp\/v2\/powerkit_post_featured?post=395418"}],"curies":[{"name":"wp","href":"https:\/\/api.w.org\/{rel}","templated":true}]}}