{"id":395667,"date":"2025-03-29T01:05:00","date_gmt":"2025-03-29T00:05:00","guid":{"rendered":"https:\/\/medizinonline.com\/beneficios-profilacticos-de-la-terapia-de-presion-negativa-para-heridas\/"},"modified":"2025-03-28T23:01:32","modified_gmt":"2025-03-28T22:01:32","slug":"beneficios-profilacticos-de-la-terapia-de-presion-negativa-para-heridas","status":"publish","type":"post","link":"https:\/\/medizinonline.com\/es\/beneficios-profilacticos-de-la-terapia-de-presion-negativa-para-heridas\/","title":{"rendered":"Beneficios profil\u00e1cticos de la terapia de presi\u00f3n negativa para heridas"},"content":{"rendered":"\n<p><strong>Las heridas secundarias est\u00e1n expuestas a un mayor riesgo de infecci\u00f3n debido al retraso en la cicatrizaci\u00f3n. Los sistemas de tratamiento de heridas con presi\u00f3n negativa (NPWT) tambi\u00e9n se utilizan ampliamente en Suiza en diversas especialidades quir\u00fargicas. Los an\u00e1lisis secundarios actuales respaldan el potencial de la NPWT para la profilaxis de<em> las infecciones <\/em>postoperatorias de las heridas<em> (infecciones del sitio quir\u00fargico, <\/em>ISQ).  <\/strong><\/p>\n\n\n\n<div class=\"pmpro\"><div class=\"pmpro_card pmpro_content_message\"><div class=\"pmpro_card_content\">Dieser Inhalt ist nur f\u00fcr Benutzer der Gruppe: Medizinische Fachperson zug\u00e4nglich <br \/><a href=\"https:\/\/medizinonline.com\/es\/mi-cuenta\/paquetes\/\">Jetzt beitreten<\/a><\/div><div class=\"pmpro_card_actions pmpro_font-medium\">\u00bfYa eres miembro? <a href=\"https:\/\/medizinonline.com\/es\/conectarse\/?redirect_to=https%3A%2F%2Fmedizinonline.com%2Fes%2Fbeneficios-profilacticos-de-la-terapia-de-presion-negativa-para-heridas%2F\">Accede aqu\u00ed<\/a><\/div><\/div><\/div>","protected":false},"excerpt":{"rendered":"<p>Las heridas secundarias est\u00e1n expuestas a un mayor riesgo de infecci\u00f3n debido al retraso en la cicatrizaci\u00f3n. Los sistemas de tratamiento de heridas con presi\u00f3n negativa (NPWT) tambi\u00e9n se utilizan&#8230;&hellip;... <\/p>\n<div class=\"pmpro\"><div class=\"pmpro_card pmpro_content_message\"><div class=\"pmpro_card_content\">Dieser Inhalt ist nur f\u00fcr Benutzer der Gruppe: Medizinische Fachperson zug\u00e4nglich <br \/><a href=\"https:\/\/medizinonline.com\/es\/mi-cuenta\/paquetes\/\">Jetzt beitreten<\/a><\/div><div class=\"pmpro_card_actions pmpro_font-medium\">\u00bfYa eres miembro? <a href=\"https:\/\/medizinonline.com\/es\/conectarse\/?redirect_to=https%3A%2F%2Fmedizinonline.com%2Fes%2Fbeneficios-profilacticos-de-la-terapia-de-presion-negativa-para-heridas%2F\">Accede aqu\u00ed<\/a><\/div><\/div><\/div>","protected":false},"author":7,"featured_media":395669,"comment_status":"closed","ping_status":"closed","sticky":false,"template":"","format":"standard","meta":{"_acf_changed":false,"pmpro_default_level":"","cat_1_feature_home_top":false,"cat_2_editor_pick":false,"csco_eyebrow_text":"Infecciones postoperatorias  ","footnotes":""},"category":[11552,11346,11310,11483,11352,11475,11316,11372],"tags":[81482,81486,81489,24016,81488,81484],"powerkit_post_featured":[],"class_list":["post-395667","post","type-post","status-publish","format-standard","has-post-thumbnail","category-rx-es","category-cirugia","category-dermatologia-y-venereologia","category-el-congreso-informa","category-endocrinologia-y-diabetologia","category-estudios","category-geriatria","category-infectologia","tag-congreso-sobre-heridas-de-nuremberg","tag-infecciones-del-sitio-quirurgico","tag-npwt-es","tag-profilaxis","tag-ssi-es","tag-terapia-de-heridas-con-presion-negativa","pmpro-level-required","pmpro-level-1","pmpro-no-access"],"acf":[],"publishpress_future_action":{"enabled":false,"date":"2026-05-04 12:34:05","action":"change-status","newStatus":"draft","terms":[],"taxonomy":"category","extraData":[]},"publishpress_future_workflow_manual_trigger":{"enabledWorkflows":[]},"wpml_current_locale":"es_ES","wpml_translations":[],"_links":{"self":[{"href":"https:\/\/medizinonline.com\/es\/wp-json\/wp\/v2\/posts\/395667","targetHints":{"allow":["GET"]}}],"collection":[{"href":"https:\/\/medizinonline.com\/es\/wp-json\/wp\/v2\/posts"}],"about":[{"href":"https:\/\/medizinonline.com\/es\/wp-json\/wp\/v2\/types\/post"}],"author":[{"embeddable":true,"href":"https:\/\/medizinonline.com\/es\/wp-json\/wp\/v2\/users\/7"}],"replies":[{"embeddable":true,"href":"https:\/\/medizinonline.com\/es\/wp-json\/wp\/v2\/comments?post=395667"}],"version-history":[{"count":2,"href":"https:\/\/medizinonline.com\/es\/wp-json\/wp\/v2\/posts\/395667\/revisions"}],"predecessor-version":[{"id":398044,"href":"https:\/\/medizinonline.com\/es\/wp-json\/wp\/v2\/posts\/395667\/revisions\/398044"}],"wp:featuredmedia":[{"embeddable":true,"href":"https:\/\/medizinonline.com\/es\/wp-json\/wp\/v2\/media\/395669"}],"wp:attachment":[{"href":"https:\/\/medizinonline.com\/es\/wp-json\/wp\/v2\/media?parent=395667"}],"wp:term":[{"taxonomy":"category","embeddable":true,"href":"https:\/\/medizinonline.com\/es\/wp-json\/wp\/v2\/category?post=395667"},{"taxonomy":"post_tag","embeddable":true,"href":"https:\/\/medizinonline.com\/es\/wp-json\/wp\/v2\/tags?post=395667"},{"taxonomy":"powerkit_post_featured","embeddable":true,"href":"https:\/\/medizinonline.com\/es\/wp-json\/wp\/v2\/powerkit_post_featured?post=395667"}],"curies":[{"name":"wp","href":"https:\/\/api.w.org\/{rel}","templated":true}]}}