{"id":395791,"date":"2025-04-22T01:05:00","date_gmt":"2025-04-21T23:05:00","guid":{"rendered":"https:\/\/medizinonline.com\/eso-si-no-entierre-la-cabeza-en-la-arena\/"},"modified":"2025-04-21T23:37:46","modified_gmt":"2025-04-21T21:37:46","slug":"eso-si-no-entierre-la-cabeza-en-la-arena","status":"publish","type":"post","link":"https:\/\/medizinonline.com\/es\/eso-si-no-entierre-la-cabeza-en-la-arena\/","title":{"rendered":"Eso s\u00ed, \u00a1no entierre la cabeza en la arena!"},"content":{"rendered":"\n<p><strong>Esta dermatosis, que se basa en la destrucci\u00f3n de los melanocitos, puede aparecer a cualquier edad; sin embargo, afecta sobre todo a personas de 10 a 30 a\u00f1os y, en m\u00e1s de un tercio de los casos, el vit\u00edligo se manifiesta por primera vez a la edad de &lt;12 a\u00f1os. Los adolescentes, en particular, suelen experimentar una angustia considerable. Hoy en d\u00eda, el lema es tratar en una fase temprana &#8211; se dispone de varias modalidades de tratamiento, pero normalmente se requiere paciencia hasta que se consiguen resultados visibles.    <\/strong><\/p>\n\n<div class=\"pmpro\"><div class=\"pmpro_card pmpro_content_message\"><div class=\"pmpro_card_content\">Dieser Inhalt ist nur f\u00fcr Benutzer der Gruppe: Medizinische Fachperson zug\u00e4nglich <br \/><a href=\"https:\/\/medizinonline.com\/es\/mi-cuenta\/paquetes\/\">Jetzt beitreten<\/a><\/div><div class=\"pmpro_card_actions pmpro_font-medium\">\u00bfYa eres miembro? <a href=\"https:\/\/medizinonline.com\/es\/conectarse\/?redirect_to=https%3A%2F%2Fmedizinonline.com%2Fes%2Feso-si-no-entierre-la-cabeza-en-la-arena%2F\">Accede aqu\u00ed<\/a><\/div><\/div><\/div>","protected":false},"excerpt":{"rendered":"<p>Esta dermatosis, que se basa en la destrucci\u00f3n de los melanocitos, puede aparecer a cualquier edad; sin embargo, afecta sobre todo a personas de 10 a 30 a\u00f1os y, en&#8230;&hellip;... <\/p>\n<div class=\"pmpro\"><div class=\"pmpro_card pmpro_content_message\"><div class=\"pmpro_card_content\">Dieser Inhalt ist nur f\u00fcr Benutzer der Gruppe: Medizinische Fachperson zug\u00e4nglich <br \/><a href=\"https:\/\/medizinonline.com\/es\/mi-cuenta\/paquetes\/\">Jetzt beitreten<\/a><\/div><div class=\"pmpro_card_actions pmpro_font-medium\">\u00bfYa eres miembro? <a href=\"https:\/\/medizinonline.com\/es\/conectarse\/?redirect_to=https%3A%2F%2Fmedizinonline.com%2Fes%2Feso-si-no-entierre-la-cabeza-en-la-arena%2F\">Accede aqu\u00ed<\/a><\/div><\/div><\/div>","protected":false},"author":7,"featured_media":395793,"comment_status":"closed","ping_status":"closed","sticky":false,"template":"","format":"standard","meta":{"_acf_changed":false,"pmpro_default_level":"","cat_1_feature_home_top":false,"cat_2_editor_pick":false,"csco_eyebrow_text":"Vit\u00edligo en la infancia y la adolescencia","footnotes":""},"category":[11552,11310,11483,11475,11402],"tags":[81588,81584,81591,20651,66609,13826,81585,75958,80577,81587,65650,18393,81592,12585,18389],"powerkit_post_featured":[],"class_list":["post-395791","post","type-post","status-publish","format-standard","has-post-thumbnail","category-rx-es","category-dermatologia-y-venereologia","category-el-congreso-informa","category-estudios","category-pediatria","tag-dermovate-es","tag-dia-de-la-piel-infantil-zurich","tag-elidel-es","tag-fototerapia-es","tag-infancia-y-adolescencia","tag-mtx-es","tag-no-segmentada-es","tag-protopic-es","tag-ruxolitinib-es","tag-segmental-es-2","tag-tci-es","tag-tcs-es","tag-terapia-de-minipulso-con-esteroides","tag-terapia-del-sistema","tag-vitiligo-es","pmpro-level-required","pmpro-level-1","pmpro-no-access"],"acf":[],"publishpress_future_action":{"enabled":false,"date":"2026-05-06 22:01:37","action":"change-status","newStatus":"draft","terms":[],"taxonomy":"category","extraData":[]},"publishpress_future_workflow_manual_trigger":{"enabledWorkflows":[]},"wpml_current_locale":"es_ES","wpml_translations":[],"_links":{"self":[{"href":"https:\/\/medizinonline.com\/es\/wp-json\/wp\/v2\/posts\/395791","targetHints":{"allow":["GET"]}}],"collection":[{"href":"https:\/\/medizinonline.com\/es\/wp-json\/wp\/v2\/posts"}],"about":[{"href":"https:\/\/medizinonline.com\/es\/wp-json\/wp\/v2\/types\/post"}],"author":[{"embeddable":true,"href":"https:\/\/medizinonline.com\/es\/wp-json\/wp\/v2\/users\/7"}],"replies":[{"embeddable":true,"href":"https:\/\/medizinonline.com\/es\/wp-json\/wp\/v2\/comments?post=395791"}],"version-history":[{"count":3,"href":"https:\/\/medizinonline.com\/es\/wp-json\/wp\/v2\/posts\/395791\/revisions"}],"predecessor-version":[{"id":398471,"href":"https:\/\/medizinonline.com\/es\/wp-json\/wp\/v2\/posts\/395791\/revisions\/398471"}],"wp:featuredmedia":[{"embeddable":true,"href":"https:\/\/medizinonline.com\/es\/wp-json\/wp\/v2\/media\/395793"}],"wp:attachment":[{"href":"https:\/\/medizinonline.com\/es\/wp-json\/wp\/v2\/media?parent=395791"}],"wp:term":[{"taxonomy":"category","embeddable":true,"href":"https:\/\/medizinonline.com\/es\/wp-json\/wp\/v2\/category?post=395791"},{"taxonomy":"post_tag","embeddable":true,"href":"https:\/\/medizinonline.com\/es\/wp-json\/wp\/v2\/tags?post=395791"},{"taxonomy":"powerkit_post_featured","embeddable":true,"href":"https:\/\/medizinonline.com\/es\/wp-json\/wp\/v2\/powerkit_post_featured?post=395791"}],"curies":[{"name":"wp","href":"https:\/\/api.w.org\/{rel}","templated":true}]}}