{"id":395802,"date":"2025-03-13T01:05:00","date_gmt":"2025-03-13T00:05:00","guid":{"rendered":"https:\/\/medizinonline.com\/?p=395802"},"modified":"2025-03-13T07:53:32","modified_gmt":"2025-03-13T06:53:32","slug":"biologicos-y-jak-i-lo-mejor-de-ambos-mundos","status":"publish","type":"post","link":"https:\/\/medizinonline.com\/es\/biologicos-y-jak-i-lo-mejor-de-ambos-mundos\/","title":{"rendered":"Biol\u00f3gicos y JAK-i: lo mejor de ambos mundos"},"content":{"rendered":"\n<p><strong>En Suiza, tanto los anticuerpos monoclonales actualmente autorizados (dupilumab, tralokinumab, lebrikizumab) como los inhibidores de la Janus quinasa (JAK) (baricitinib, abro-citinib, upadacitinib) pueden utilizarse como terapia sist\u00e9mica de &#8220;primera l\u00ednea&#8221; para pacientes con dermatitis at\u00f3pica tras una respuesta inadecuada al tratamiento t\u00f3pico. Por tanto, la elecci\u00f3n es amplia, lo que hace a\u00fan m\u00e1s importante la cuesti\u00f3n de los criterios de decisi\u00f3n subjetivos y objetivos. <\/strong><\/p>\n\n\n\n<div class=\"pmpro\"><div class=\"pmpro_card pmpro_content_message\"><div class=\"pmpro_card_content\">Dieser Inhalt ist nur f\u00fcr Benutzer der Gruppe: Medizinische Fachperson zug\u00e4nglich <br \/><a href=\"https:\/\/medizinonline.com\/es\/mi-cuenta\/paquetes\/\">Jetzt beitreten<\/a><\/div><div class=\"pmpro_card_actions pmpro_font-medium\">\u00bfYa eres miembro? <a href=\"https:\/\/medizinonline.com\/es\/conectarse\/?redirect_to=https%3A%2F%2Fmedizinonline.com%2Fes%2Fbiologicos-y-jak-i-lo-mejor-de-ambos-mundos%2F\">Accede aqu\u00ed<\/a><\/div><\/div><\/div>","protected":false},"excerpt":{"rendered":"<p>En Suiza, tanto los anticuerpos monoclonales actualmente autorizados (dupilumab, tralokinumab, lebrikizumab) como los inhibidores de la Janus quinasa (JAK) (baricitinib, abro-citinib, upadacitinib) pueden utilizarse como terapia sist\u00e9mica de &#8220;primera l\u00ednea&#8221;&#8230;&hellip;... <\/p>\n<div class=\"pmpro\"><div class=\"pmpro_card pmpro_content_message\"><div class=\"pmpro_card_content\">Dieser Inhalt ist nur f\u00fcr Benutzer der Gruppe: Medizinische Fachperson zug\u00e4nglich <br \/><a href=\"https:\/\/medizinonline.com\/es\/mi-cuenta\/paquetes\/\">Jetzt beitreten<\/a><\/div><div class=\"pmpro_card_actions pmpro_font-medium\">\u00bfYa eres miembro? <a href=\"https:\/\/medizinonline.com\/es\/conectarse\/?redirect_to=https%3A%2F%2Fmedizinonline.com%2Fes%2Fbiologicos-y-jak-i-lo-mejor-de-ambos-mundos%2F\">Accede aqu\u00ed<\/a><\/div><\/div><\/div>","protected":false},"author":7,"featured_media":395803,"comment_status":"closed","ping_status":"closed","sticky":false,"template":"","format":"standard","meta":{"_acf_changed":false,"pmpro_default_level":"","cat_1_feature_home_top":false,"cat_2_editor_pick":false,"csco_eyebrow_text":"Dermatitis at\u00f3pica","footnotes":""},"category":[11552],"tags":[67679,23352,17623,12531,13573,65868,17627,81602,58366,12585,13309,81603],"powerkit_post_featured":[],"class_list":["post-395802","post","type-post","status-publish","format-standard","has-post-thumbnail","category-rx-es","tag-abrocitinib-es","tag-anticuerpos-monoclonales","tag-baricitinib-es","tag-dermatitis-atopica","tag-dupilumab-es","tag-inhibidores-de-la-cinasa-janus","tag-inhibidores-jak","tag-lebriki-zumab-es","tag-primera-linea-es-2","tag-terapia-del-sistema","tag-tralokinumab-es","tag-upad-acitinib-es","pmpro-level-required","pmpro-level-1","pmpro-no-access"],"acf":[],"publishpress_future_action":{"enabled":false,"date":"2026-05-04 05:50:08","action":"change-status","newStatus":"draft","terms":[],"taxonomy":"category","extraData":[]},"publishpress_future_workflow_manual_trigger":{"enabledWorkflows":[]},"wpml_current_locale":"es_ES","wpml_translations":[],"_links":{"self":[{"href":"https:\/\/medizinonline.com\/es\/wp-json\/wp\/v2\/posts\/395802","targetHints":{"allow":["GET"]}}],"collection":[{"href":"https:\/\/medizinonline.com\/es\/wp-json\/wp\/v2\/posts"}],"about":[{"href":"https:\/\/medizinonline.com\/es\/wp-json\/wp\/v2\/types\/post"}],"author":[{"embeddable":true,"href":"https:\/\/medizinonline.com\/es\/wp-json\/wp\/v2\/users\/7"}],"replies":[{"embeddable":true,"href":"https:\/\/medizinonline.com\/es\/wp-json\/wp\/v2\/comments?post=395802"}],"version-history":[{"count":3,"href":"https:\/\/medizinonline.com\/es\/wp-json\/wp\/v2\/posts\/395802\/revisions"}],"predecessor-version":[{"id":397015,"href":"https:\/\/medizinonline.com\/es\/wp-json\/wp\/v2\/posts\/395802\/revisions\/397015"}],"wp:featuredmedia":[{"embeddable":true,"href":"https:\/\/medizinonline.com\/es\/wp-json\/wp\/v2\/media\/395803"}],"wp:attachment":[{"href":"https:\/\/medizinonline.com\/es\/wp-json\/wp\/v2\/media?parent=395802"}],"wp:term":[{"taxonomy":"category","embeddable":true,"href":"https:\/\/medizinonline.com\/es\/wp-json\/wp\/v2\/category?post=395802"},{"taxonomy":"post_tag","embeddable":true,"href":"https:\/\/medizinonline.com\/es\/wp-json\/wp\/v2\/tags?post=395802"},{"taxonomy":"powerkit_post_featured","embeddable":true,"href":"https:\/\/medizinonline.com\/es\/wp-json\/wp\/v2\/powerkit_post_featured?post=395802"}],"curies":[{"name":"wp","href":"https:\/\/api.w.org\/{rel}","templated":true}]}}