{"id":396282,"date":"2025-04-17T01:05:00","date_gmt":"2025-04-16T23:05:00","guid":{"rendered":"https:\/\/medizinonline.com\/los-biologicos-anti-il-5-5r%ce%b1-impresionan-en-el-mundo-real\/"},"modified":"2025-04-16T22:15:22","modified_gmt":"2025-04-16T20:15:22","slug":"los-biologicos-anti-il-5-5r%ce%b1-impresionan-en-el-mundo-real","status":"publish","type":"post","link":"https:\/\/medizinonline.com\/es\/los-biologicos-anti-il-5-5r%ce%b1-impresionan-en-el-mundo-real\/","title":{"rendered":"Los biol\u00f3gicos anti-IL-5\/-5R\u03b1 impresionan en el mundo real"},"content":{"rendered":"\n<p><strong>Se ha aprobado el uso de tres f\u00e1rmacos biol\u00f3gicos dirigidos contra la interleucina 5 (IL-5) o su receptor (IL-5R\u03b1) en pacientes con asma grave. En un metaan\u00e1lisis, cient\u00edficos griegos han investigado ahora la respuesta cl\u00ednica a los biol\u00f3gicos anti-IL-5\/-5R\u03b1 en estudios del mundo real y han aportado ideas sobre el uso de estos f\u00e1rmacos en la pr\u00e1ctica cl\u00ednica. <\/strong><\/p>\n\n\n\n<div class=\"pmpro\"><div class=\"pmpro_card pmpro_content_message\"><div class=\"pmpro_card_content\">Dieser Inhalt ist nur f\u00fcr Benutzer der Gruppe: Medizinische Fachperson zug\u00e4nglich <br \/><a href=\"https:\/\/medizinonline.com\/es\/mi-cuenta\/paquetes\/\">Jetzt beitreten<\/a><\/div><div class=\"pmpro_card_actions pmpro_font-medium\">\u00bfYa eres miembro? <a href=\"https:\/\/medizinonline.com\/es\/conectarse\/?redirect_to=https%3A%2F%2Fmedizinonline.com%2Fes%2Flos-biologicos-anti-il-5-5r%25ce%25b1-impresionan-en-el-mundo-real%2F\">Accede aqu\u00ed<\/a><\/div><\/div><\/div>","protected":false},"excerpt":{"rendered":"<p>Se ha aprobado el uso de tres f\u00e1rmacos biol\u00f3gicos dirigidos contra la interleucina 5 (IL-5) o su receptor (IL-5R\u03b1) en pacientes con asma grave. En un metaan\u00e1lisis, cient\u00edficos griegos han&#8230;&hellip;... <\/p>\n<div class=\"pmpro\"><div class=\"pmpro_card pmpro_content_message\"><div class=\"pmpro_card_content\">Dieser Inhalt ist nur f\u00fcr Benutzer der Gruppe: Medizinische Fachperson zug\u00e4nglich <br \/><a href=\"https:\/\/medizinonline.com\/es\/mi-cuenta\/paquetes\/\">Jetzt beitreten<\/a><\/div><div class=\"pmpro_card_actions pmpro_font-medium\">\u00bfYa eres miembro? <a href=\"https:\/\/medizinonline.com\/es\/conectarse\/?redirect_to=https%3A%2F%2Fmedizinonline.com%2Fes%2Flos-biologicos-anti-il-5-5r%25ce%25b1-impresionan-en-el-mundo-real%2F\">Accede aqu\u00ed<\/a><\/div><\/div><\/div>","protected":false},"author":7,"featured_media":396283,"comment_status":"closed","ping_status":"closed","sticky":false,"template":"","format":"standard","meta":{"_acf_changed":false,"pmpro_default_level":"","cat_1_feature_home_top":false,"cat_2_editor_pick":false,"csco_eyebrow_text":"Asma grave","footnotes":""},"category":[11552,11475,11478,11288,11424],"tags":[74996,81739,18846,41982,81740,18843,27566,55064,74994],"powerkit_post_featured":[],"class_list":["post-396282","post","type-post","status-publish","format-standard","has-post-thumbnail","category-rx-es","category-estudios","category-formacion-continua","category-medicina-interna-general","category-neumologia","tag-benralizumab-es","tag-biologicos-anti-il-5-5r","tag-exacerbaciones","tag-il-5-es","tag-il-5r-es","tag-interleucina-5","tag-mepolizumab-es","tag-receptor-es","tag-reslizumab-es","pmpro-level-required","pmpro-level-1","pmpro-no-access"],"acf":[],"publishpress_future_action":{"enabled":false,"date":"2026-05-05 10:00:52","action":"change-status","newStatus":"draft","terms":[],"taxonomy":"category","extraData":[]},"publishpress_future_workflow_manual_trigger":{"enabledWorkflows":[]},"wpml_current_locale":"es_ES","wpml_translations":[],"_links":{"self":[{"href":"https:\/\/medizinonline.com\/es\/wp-json\/wp\/v2\/posts\/396282","targetHints":{"allow":["GET"]}}],"collection":[{"href":"https:\/\/medizinonline.com\/es\/wp-json\/wp\/v2\/posts"}],"about":[{"href":"https:\/\/medizinonline.com\/es\/wp-json\/wp\/v2\/types\/post"}],"author":[{"embeddable":true,"href":"https:\/\/medizinonline.com\/es\/wp-json\/wp\/v2\/users\/7"}],"replies":[{"embeddable":true,"href":"https:\/\/medizinonline.com\/es\/wp-json\/wp\/v2\/comments?post=396282"}],"version-history":[{"count":3,"href":"https:\/\/medizinonline.com\/es\/wp-json\/wp\/v2\/posts\/396282\/revisions"}],"predecessor-version":[{"id":398430,"href":"https:\/\/medizinonline.com\/es\/wp-json\/wp\/v2\/posts\/396282\/revisions\/398430"}],"wp:featuredmedia":[{"embeddable":true,"href":"https:\/\/medizinonline.com\/es\/wp-json\/wp\/v2\/media\/396283"}],"wp:attachment":[{"href":"https:\/\/medizinonline.com\/es\/wp-json\/wp\/v2\/media?parent=396282"}],"wp:term":[{"taxonomy":"category","embeddable":true,"href":"https:\/\/medizinonline.com\/es\/wp-json\/wp\/v2\/category?post=396282"},{"taxonomy":"post_tag","embeddable":true,"href":"https:\/\/medizinonline.com\/es\/wp-json\/wp\/v2\/tags?post=396282"},{"taxonomy":"powerkit_post_featured","embeddable":true,"href":"https:\/\/medizinonline.com\/es\/wp-json\/wp\/v2\/powerkit_post_featured?post=396282"}],"curies":[{"name":"wp","href":"https:\/\/api.w.org\/{rel}","templated":true}]}}