{"id":396872,"date":"2025-03-30T21:01:42","date_gmt":"2025-03-30T19:01:42","guid":{"rendered":"https:\/\/medizinonline.com\/la-comunicacion-como-clave-del-cumplimiento-terapeutico\/"},"modified":"2025-03-30T21:07:58","modified_gmt":"2025-03-30T19:07:58","slug":"la-comunicacion-como-clave-del-cumplimiento-terapeutico","status":"publish","type":"post","link":"https:\/\/medizinonline.com\/es\/la-comunicacion-como-clave-del-cumplimiento-terapeutico\/","title":{"rendered":"La comunicaci\u00f3n como clave del cumplimiento terap\u00e9utico"},"content":{"rendered":"\n<p><strong>La satisfacci\u00f3n y la adherencia del paciente dependen crucialmente del di\u00e1logo m\u00e9dico-paciente. La capacidad de comunicaci\u00f3n suele ser la clave del \u00e9xito. Buenas condiciones de di\u00e1logo, tiempo suficiente y un enfoque emp\u00e1tico del diagn\u00f3stico.<\/strong><\/p>\n\n\n\n<div class=\"pmpro\"><div class=\"pmpro_card pmpro_content_message\"><div class=\"pmpro_card_content\">Dieser Inhalt ist nur f\u00fcr Benutzer der Gruppe: Medizinische Fachperson zug\u00e4nglich <br \/><a href=\"https:\/\/medizinonline.com\/es\/mi-cuenta\/paquetes\/\">Jetzt beitreten<\/a><\/div><div class=\"pmpro_card_actions pmpro_font-medium\">\u00bfYa eres miembro? <a href=\"https:\/\/medizinonline.com\/es\/conectarse\/?redirect_to=https%3A%2F%2Fmedizinonline.com%2Fes%2Fla-comunicacion-como-clave-del-cumplimiento-terapeutico%2F\">Accede aqu\u00ed<\/a><\/div><\/div><\/div>","protected":false},"excerpt":{"rendered":"<p>La satisfacci\u00f3n y la adherencia del paciente dependen crucialmente del di\u00e1logo m\u00e9dico-paciente. La capacidad de comunicaci\u00f3n suele ser la clave del \u00e9xito. Buenas condiciones de di\u00e1logo, tiempo suficiente y un&#8230;&hellip;... <\/p>\n<div class=\"pmpro\"><div class=\"pmpro_card pmpro_content_message\"><div class=\"pmpro_card_content\">Dieser Inhalt ist nur f\u00fcr Benutzer der Gruppe: Medizinische Fachperson zug\u00e4nglich <br \/><a href=\"https:\/\/medizinonline.com\/es\/mi-cuenta\/paquetes\/\">Jetzt beitreten<\/a><\/div><div class=\"pmpro_card_actions pmpro_font-medium\">\u00bfYa eres miembro? <a href=\"https:\/\/medizinonline.com\/es\/conectarse\/?redirect_to=https%3A%2F%2Fmedizinonline.com%2Fes%2Fla-comunicacion-como-clave-del-cumplimiento-terapeutico%2F\">Accede aqu\u00ed<\/a><\/div><\/div><\/div>","protected":false},"author":7,"featured_media":396873,"comment_status":"closed","ping_status":"closed","sticky":false,"template":"","format":"standard","meta":{"_acf_changed":false,"pmpro_default_level":"","cat_1_feature_home_top":false,"cat_2_editor_pick":false,"csco_eyebrow_text":"Psicooncolog\u00eda","footnotes":""},"category":[11552,22619,11509,11288],"tags":[11881,13373,59117],"powerkit_post_featured":[],"class_list":["post-396872","post","type-post","status-publish","format-standard","has-post-thumbnail","category-rx-es","category-formacion-cme","category-gestion-de-la-practica","category-medicina-interna-general","tag-adherencia","tag-comunicacion","tag-comunicacion-con-el-paciente","pmpro-level-required","pmpro-level-1","pmpro-no-access"],"acf":[],"publishpress_future_action":{"enabled":false,"date":"2026-05-07 09:02:17","action":"change-status","newStatus":"draft","terms":[],"taxonomy":"category","extraData":[]},"publishpress_future_workflow_manual_trigger":{"enabledWorkflows":[]},"wpml_current_locale":"es_ES","wpml_translations":[],"_links":{"self":[{"href":"https:\/\/medizinonline.com\/es\/wp-json\/wp\/v2\/posts\/396872","targetHints":{"allow":["GET"]}}],"collection":[{"href":"https:\/\/medizinonline.com\/es\/wp-json\/wp\/v2\/posts"}],"about":[{"href":"https:\/\/medizinonline.com\/es\/wp-json\/wp\/v2\/types\/post"}],"author":[{"embeddable":true,"href":"https:\/\/medizinonline.com\/es\/wp-json\/wp\/v2\/users\/7"}],"replies":[{"embeddable":true,"href":"https:\/\/medizinonline.com\/es\/wp-json\/wp\/v2\/comments?post=396872"}],"version-history":[{"count":3,"href":"https:\/\/medizinonline.com\/es\/wp-json\/wp\/v2\/posts\/396872\/revisions"}],"predecessor-version":[{"id":398069,"href":"https:\/\/medizinonline.com\/es\/wp-json\/wp\/v2\/posts\/396872\/revisions\/398069"}],"wp:featuredmedia":[{"embeddable":true,"href":"https:\/\/medizinonline.com\/es\/wp-json\/wp\/v2\/media\/396873"}],"wp:attachment":[{"href":"https:\/\/medizinonline.com\/es\/wp-json\/wp\/v2\/media?parent=396872"}],"wp:term":[{"taxonomy":"category","embeddable":true,"href":"https:\/\/medizinonline.com\/es\/wp-json\/wp\/v2\/category?post=396872"},{"taxonomy":"post_tag","embeddable":true,"href":"https:\/\/medizinonline.com\/es\/wp-json\/wp\/v2\/tags?post=396872"},{"taxonomy":"powerkit_post_featured","embeddable":true,"href":"https:\/\/medizinonline.com\/es\/wp-json\/wp\/v2\/powerkit_post_featured?post=396872"}],"curies":[{"name":"wp","href":"https:\/\/api.w.org\/{rel}","templated":true}]}}