{"id":399982,"date":"2025-05-24T14:05:00","date_gmt":"2025-05-24T12:05:00","guid":{"rendered":"https:\/\/medizinonline.com\/?p=399982"},"modified":"2025-05-08T13:27:52","modified_gmt":"2025-05-08T11:27:52","slug":"como-influyen-los-medios-sociales-en-la-depresion-de-los-jovenes","status":"publish","type":"post","link":"https:\/\/medizinonline.com\/es\/como-influyen-los-medios-sociales-en-la-depresion-de-los-jovenes\/","title":{"rendered":"C\u00f3mo influyen los medios sociales en la depresi\u00f3n de los j\u00f3venes"},"content":{"rendered":"\n<p><strong>En los \u00faltimos a\u00f1os, los medios sociales se han convertido en parte integrante de la vida cotidiana de los j\u00f3venes. Plataformas como Instagram, TikTok y Snapchat no solo determinan la interacci\u00f3n social, sino tambi\u00e9n la autopercepci\u00f3n y el bienestar mental. Al mismo tiempo, el n\u00famero de j\u00f3venes que sufren depresi\u00f3n va en aumento. Numerosos estudios investigan ahora la conexi\u00f3n entre el uso de los medios sociales y la salud mental.   <\/strong><\/p>\n\n<div class=\"pmpro\"><div class=\"pmpro_card pmpro_content_message\"><div class=\"pmpro_card_content\">Dieser Inhalt ist nur f\u00fcr Benutzer der Gruppe: Medizinische Fachperson zug\u00e4nglich <br \/><a href=\"https:\/\/medizinonline.com\/es\/mi-cuenta\/paquetes\/\">Jetzt beitreten<\/a><\/div><div class=\"pmpro_card_actions pmpro_font-medium\">\u00bfYa eres miembro? <a href=\"https:\/\/medizinonline.com\/es\/conectarse\/?redirect_to=https%3A%2F%2Fmedizinonline.com%2Fes%2Fcomo-influyen-los-medios-sociales-en-la-depresion-de-los-jovenes%2F\">Accede aqu\u00ed<\/a><\/div><\/div><\/div>","protected":false},"excerpt":{"rendered":"<p>En los \u00faltimos a\u00f1os, los medios sociales se han convertido en parte integrante de la vida cotidiana de los j\u00f3venes. Plataformas como Instagram, TikTok y Snapchat no solo determinan la&#8230;&hellip;... <\/p>\n<div class=\"pmpro\"><div class=\"pmpro_card pmpro_content_message\"><div class=\"pmpro_card_content\">Dieser Inhalt ist nur f\u00fcr Benutzer der Gruppe: Medizinische Fachperson zug\u00e4nglich <br \/><a href=\"https:\/\/medizinonline.com\/es\/mi-cuenta\/paquetes\/\">Jetzt beitreten<\/a><\/div><div class=\"pmpro_card_actions pmpro_font-medium\">\u00bfYa eres miembro? <a href=\"https:\/\/medizinonline.com\/es\/conectarse\/?redirect_to=https%3A%2F%2Fmedizinonline.com%2Fes%2Fcomo-influyen-los-medios-sociales-en-la-depresion-de-los-jovenes%2F\">Accede aqu\u00ed<\/a><\/div><\/div><\/div>","protected":false},"author":7,"featured_media":399996,"comment_status":"closed","ping_status":"closed","sticky":false,"template":"","format":"standard","meta":{"_acf_changed":false,"pmpro_default_level":"","cat_1_feature_home_top":false,"cat_2_editor_pick":false,"csco_eyebrow_text":"Adolescentes, pantallas y salud mental  ","footnotes":""},"category":[11478,11402,11430,11435,11552],"tags":[82646,82647,82645,19398,21796,20722],"powerkit_post_featured":[],"class_list":["post-399982","post","type-post","status-publish","format-standard","has-post-thumbnail","category-formacion-continua","category-pediatria","category-prevencion-y-asistencia-sanitaria","category-psiquiatria-y-psicoterapia","category-rx-es","tag-ciberacoso","tag-competencia-mediatica","tag-dependencia-es-2","tag-psicoeducacion","tag-redes-sociales","tag-trastorno-del-sueno","pmpro-level-required","pmpro-level-1","pmpro-no-access"],"acf":[],"publishpress_future_action":{"enabled":false,"date":"2026-05-09 00:08:36","action":"change-status","newStatus":"draft","terms":[],"taxonomy":"category","extraData":[]},"publishpress_future_workflow_manual_trigger":{"enabledWorkflows":[]},"wpml_current_locale":"es_ES","wpml_translations":[],"_links":{"self":[{"href":"https:\/\/medizinonline.com\/es\/wp-json\/wp\/v2\/posts\/399982","targetHints":{"allow":["GET"]}}],"collection":[{"href":"https:\/\/medizinonline.com\/es\/wp-json\/wp\/v2\/posts"}],"about":[{"href":"https:\/\/medizinonline.com\/es\/wp-json\/wp\/v2\/types\/post"}],"author":[{"embeddable":true,"href":"https:\/\/medizinonline.com\/es\/wp-json\/wp\/v2\/users\/7"}],"replies":[{"embeddable":true,"href":"https:\/\/medizinonline.com\/es\/wp-json\/wp\/v2\/comments?post=399982"}],"version-history":[{"count":1,"href":"https:\/\/medizinonline.com\/es\/wp-json\/wp\/v2\/posts\/399982\/revisions"}],"predecessor-version":[{"id":399998,"href":"https:\/\/medizinonline.com\/es\/wp-json\/wp\/v2\/posts\/399982\/revisions\/399998"}],"wp:featuredmedia":[{"embeddable":true,"href":"https:\/\/medizinonline.com\/es\/wp-json\/wp\/v2\/media\/399996"}],"wp:attachment":[{"href":"https:\/\/medizinonline.com\/es\/wp-json\/wp\/v2\/media?parent=399982"}],"wp:term":[{"taxonomy":"category","embeddable":true,"href":"https:\/\/medizinonline.com\/es\/wp-json\/wp\/v2\/category?post=399982"},{"taxonomy":"post_tag","embeddable":true,"href":"https:\/\/medizinonline.com\/es\/wp-json\/wp\/v2\/tags?post=399982"},{"taxonomy":"powerkit_post_featured","embeddable":true,"href":"https:\/\/medizinonline.com\/es\/wp-json\/wp\/v2\/powerkit_post_featured?post=399982"}],"curies":[{"name":"wp","href":"https:\/\/api.w.org\/{rel}","templated":true}]}}