{"id":400168,"date":"2025-05-25T14:05:00","date_gmt":"2025-05-25T12:05:00","guid":{"rendered":"https:\/\/medizinonline.com\/perspectivas-y-estrategias-terapeuticas-para-la-enfermedad-de-parkinson\/"},"modified":"2025-05-25T14:39:20","modified_gmt":"2025-05-25T12:39:20","slug":"perspectivas-y-estrategias-terapeuticas-para-la-enfermedad-de-parkinson","status":"publish","type":"post","link":"https:\/\/medizinonline.com\/es\/perspectivas-y-estrategias-terapeuticas-para-la-enfermedad-de-parkinson\/","title":{"rendered":"Perspectivas y estrategias terap\u00e9uticas para la enfermedad de Parkinson"},"content":{"rendered":"\n<p><strong>La enfermedad de Parkinson (EP) es una enfermedad neurodegenerativa caracterizada por una p\u00e9rdida progresiva de neuronas dopamin\u00e9rgicas en la sustancia negra pars compacta. Cada vez se habla m\u00e1s del estr\u00e9s oxidativo como un proceso clave en el desarrollo y la progresi\u00f3n de la enfermedad. \u00c9ste es desencadenado y mantenido por m\u00faltiples factores, como la disfunci\u00f3n mitocondrial, el metabolismo defectuoso de la dopamina y la neuroinflamaci\u00f3n cr\u00f3nica. El desequilibrio resultante entre las especies reactivas del ox\u00edgeno (ERO) y los sistemas de defensa antioxidantes conduce a un da\u00f1o celular pronunciado, que en \u00faltima instancia impulsa la degeneraci\u00f3n de las c\u00e9lulas dopamin\u00e9rgicas. A pesar de la intensa investigaci\u00f3n, hasta la fecha no existe ninguna terapia curativa.      <\/strong><\/p>\n\n\n\n<div class=\"pmpro\"><div class=\"pmpro_card pmpro_content_message\"><div class=\"pmpro_card_content\">Dieser Inhalt ist nur f\u00fcr Benutzer der Gruppe: Medizinische Fachperson zug\u00e4nglich <br \/><a href=\"https:\/\/medizinonline.com\/es\/mi-cuenta\/paquetes\/\">Jetzt beitreten<\/a><\/div><div class=\"pmpro_card_actions pmpro_font-medium\">\u00bfYa eres miembro? <a href=\"https:\/\/medizinonline.com\/es\/conectarse\/?redirect_to=https%3A%2F%2Fmedizinonline.com%2Fes%2Fperspectivas-y-estrategias-terapeuticas-para-la-enfermedad-de-parkinson%2F\">Accede aqu\u00ed<\/a><\/div><\/div><\/div>","protected":false},"excerpt":{"rendered":"<p>La enfermedad de Parkinson (EP) es una enfermedad neurodegenerativa caracterizada por una p\u00e9rdida progresiva de neuronas dopamin\u00e9rgicas en la sustancia negra pars compacta. Cada vez se habla m\u00e1s del estr\u00e9s&#8230;&hellip;... <\/p>\n<div class=\"pmpro\"><div class=\"pmpro_card pmpro_content_message\"><div class=\"pmpro_card_content\">Dieser Inhalt ist nur f\u00fcr Benutzer der Gruppe: Medizinische Fachperson zug\u00e4nglich <br \/><a href=\"https:\/\/medizinonline.com\/es\/mi-cuenta\/paquetes\/\">Jetzt beitreten<\/a><\/div><div class=\"pmpro_card_actions pmpro_font-medium\">\u00bfYa eres miembro? <a href=\"https:\/\/medizinonline.com\/es\/conectarse\/?redirect_to=https%3A%2F%2Fmedizinonline.com%2Fes%2Fperspectivas-y-estrategias-terapeuticas-para-la-enfermedad-de-parkinson%2F\">Accede aqu\u00ed<\/a><\/div><\/div><\/div>","protected":false},"author":7,"featured_media":400176,"comment_status":"closed","ping_status":"closed","sticky":false,"template":"","format":"standard","meta":{"_acf_changed":false,"pmpro_default_level":"","cat_1_feature_home_top":false,"cat_2_editor_pick":false,"csco_eyebrow_text":"Estr\u00e9s oxidativo y neurodegeneraci\u00f3n","footnotes":""},"category":[11475,74323,11478,11328,11552],"tags":[39131,11759],"powerkit_post_featured":[],"class_list":["post-400168","post","type-post","status-publish","format-standard","has-post-thumbnail","category-estudios","category-fitoterapia-es","category-formacion-continua","category-neurologia","category-rx-es","tag-levopoda-es","tag-parkinson-es","pmpro-level-required","pmpro-level-1","pmpro-no-access"],"acf":[],"publishpress_future_action":{"enabled":false,"date":"2026-05-04 12:18:03","action":"change-status","newStatus":"draft","terms":[],"taxonomy":"category","extraData":[]},"publishpress_future_workflow_manual_trigger":{"enabledWorkflows":[]},"wpml_current_locale":"es_ES","wpml_translations":[],"_links":{"self":[{"href":"https:\/\/medizinonline.com\/es\/wp-json\/wp\/v2\/posts\/400168","targetHints":{"allow":["GET"]}}],"collection":[{"href":"https:\/\/medizinonline.com\/es\/wp-json\/wp\/v2\/posts"}],"about":[{"href":"https:\/\/medizinonline.com\/es\/wp-json\/wp\/v2\/types\/post"}],"author":[{"embeddable":true,"href":"https:\/\/medizinonline.com\/es\/wp-json\/wp\/v2\/users\/7"}],"replies":[{"embeddable":true,"href":"https:\/\/medizinonline.com\/es\/wp-json\/wp\/v2\/comments?post=400168"}],"version-history":[{"count":2,"href":"https:\/\/medizinonline.com\/es\/wp-json\/wp\/v2\/posts\/400168\/revisions"}],"predecessor-version":[{"id":401797,"href":"https:\/\/medizinonline.com\/es\/wp-json\/wp\/v2\/posts\/400168\/revisions\/401797"}],"wp:featuredmedia":[{"embeddable":true,"href":"https:\/\/medizinonline.com\/es\/wp-json\/wp\/v2\/media\/400176"}],"wp:attachment":[{"href":"https:\/\/medizinonline.com\/es\/wp-json\/wp\/v2\/media?parent=400168"}],"wp:term":[{"taxonomy":"category","embeddable":true,"href":"https:\/\/medizinonline.com\/es\/wp-json\/wp\/v2\/category?post=400168"},{"taxonomy":"post_tag","embeddable":true,"href":"https:\/\/medizinonline.com\/es\/wp-json\/wp\/v2\/tags?post=400168"},{"taxonomy":"powerkit_post_featured","embeddable":true,"href":"https:\/\/medizinonline.com\/es\/wp-json\/wp\/v2\/powerkit_post_featured?post=400168"}],"curies":[{"name":"wp","href":"https:\/\/api.w.org\/{rel}","templated":true}]}}