{"id":401289,"date":"2025-06-14T14:05:00","date_gmt":"2025-06-14T12:05:00","guid":{"rendered":"https:\/\/medizinonline.com\/?p=401289"},"modified":"2025-06-14T12:49:16","modified_gmt":"2025-06-14T10:49:16","slug":"tratamiento-de-la-espondiloartritis-axial","status":"publish","type":"post","link":"https:\/\/medizinonline.com\/es\/tratamiento-de-la-espondiloartritis-axial\/","title":{"rendered":"Tratamiento de la espondiloartritis axial"},"content":{"rendered":"\n<p><strong>En los pacientes con espondiloartritis axial (axSpA), el dolor de espalda cr\u00f3nico suele manifestarse por primera vez antes de los 45 a\u00f1os. La derivaci\u00f3n oportuna a especialistas reumatol\u00f3gicos y el seguimiento estrecho de los s\u00edntomas en pacientes ya diagnosticados de axEspA ayudan a garantizar que los pacientes logren un control adecuado de la enfermedad. Aunque los AINE siguen consider\u00e1ndose la terapia de primera l\u00ednea, en la actualidad existen varias alternativas de tratamiento muy eficaces para los pacientes que no responden adecuadamente.    <\/strong><\/p>\n\n<div class=\"pmpro\"><div class=\"pmpro_card pmpro_content_message\"><div class=\"pmpro_card_content\">Dieser Inhalt ist nur f\u00fcr Benutzer der Gruppe: Medizinische Fachperson zug\u00e4nglich <br \/><a href=\"https:\/\/medizinonline.com\/es\/mi-cuenta\/paquetes\/\">Jetzt beitreten<\/a><\/div><div class=\"pmpro_card_actions pmpro_font-medium\">\u00bfYa eres miembro? <a href=\"https:\/\/medizinonline.com\/es\/conectarse\/?redirect_to=https%3A%2F%2Fmedizinonline.com%2Fes%2Ftratamiento-de-la-espondiloartritis-axial%2F\">Accede aqu\u00ed<\/a><\/div><\/div><\/div>","protected":false},"excerpt":{"rendered":"<p>En los pacientes con espondiloartritis axial (axSpA), el dolor de espalda cr\u00f3nico suele manifestarse por primera vez antes de los 45 a\u00f1os. La derivaci\u00f3n oportuna a especialistas reumatol\u00f3gicos y el&#8230;&hellip;... <\/p>\n<div class=\"pmpro\"><div class=\"pmpro_card pmpro_content_message\"><div class=\"pmpro_card_content\">Dieser Inhalt ist nur f\u00fcr Benutzer der Gruppe: Medizinische Fachperson zug\u00e4nglich <br \/><a href=\"https:\/\/medizinonline.com\/es\/mi-cuenta\/paquetes\/\">Jetzt beitreten<\/a><\/div><div class=\"pmpro_card_actions pmpro_font-medium\">\u00bfYa eres miembro? <a href=\"https:\/\/medizinonline.com\/es\/conectarse\/?redirect_to=https%3A%2F%2Fmedizinonline.com%2Fes%2Ftratamiento-de-la-espondiloartritis-axial%2F\">Accede aqu\u00ed<\/a><\/div><\/div><\/div>","protected":false},"author":7,"featured_media":401295,"comment_status":"closed","ping_status":"closed","sticky":false,"template":"","format":"standard","meta":{"_acf_changed":false,"pmpro_default_level":"","cat_1_feature_home_top":false,"cat_2_editor_pick":false,"csco_eyebrow_text":"Journal Club  ","footnotes":""},"category":[11475,11478,11316,11291,11288,11451,11552],"tags":[17484,17827,12425,22063,62580,14146,83026,65872,29810],"powerkit_post_featured":[],"class_list":["post-401289","post","type-post","status-publish","format-standard","has-post-thumbnail","category-estudios","category-formacion-continua","category-geriatria","category-medicina-deportiva","category-medicina-interna-general","category-reumatologia","category-rx-es","tag-aine","tag-axspa-es","tag-biologicos-es","tag-dolor-de-espalda-es","tag-espondiloartritis","tag-espondiloartritis-axial","tag-inyecciones-intraarticulares-de-glucocorticoides","tag-jak-i-es","tag-spondylitis-es","pmpro-level-required","pmpro-level-1","pmpro-no-access"],"acf":[],"publishpress_future_action":{"enabled":false,"date":"2026-05-03 14:05:01","action":"change-status","newStatus":"draft","terms":[],"taxonomy":"category","extraData":[]},"publishpress_future_workflow_manual_trigger":{"enabledWorkflows":[]},"wpml_current_locale":"es_ES","wpml_translations":[],"_links":{"self":[{"href":"https:\/\/medizinonline.com\/es\/wp-json\/wp\/v2\/posts\/401289","targetHints":{"allow":["GET"]}}],"collection":[{"href":"https:\/\/medizinonline.com\/es\/wp-json\/wp\/v2\/posts"}],"about":[{"href":"https:\/\/medizinonline.com\/es\/wp-json\/wp\/v2\/types\/post"}],"author":[{"embeddable":true,"href":"https:\/\/medizinonline.com\/es\/wp-json\/wp\/v2\/users\/7"}],"replies":[{"embeddable":true,"href":"https:\/\/medizinonline.com\/es\/wp-json\/wp\/v2\/comments?post=401289"}],"version-history":[{"count":1,"href":"https:\/\/medizinonline.com\/es\/wp-json\/wp\/v2\/posts\/401289\/revisions"}],"predecessor-version":[{"id":401297,"href":"https:\/\/medizinonline.com\/es\/wp-json\/wp\/v2\/posts\/401289\/revisions\/401297"}],"wp:featuredmedia":[{"embeddable":true,"href":"https:\/\/medizinonline.com\/es\/wp-json\/wp\/v2\/media\/401295"}],"wp:attachment":[{"href":"https:\/\/medizinonline.com\/es\/wp-json\/wp\/v2\/media?parent=401289"}],"wp:term":[{"taxonomy":"category","embeddable":true,"href":"https:\/\/medizinonline.com\/es\/wp-json\/wp\/v2\/category?post=401289"},{"taxonomy":"post_tag","embeddable":true,"href":"https:\/\/medizinonline.com\/es\/wp-json\/wp\/v2\/tags?post=401289"},{"taxonomy":"powerkit_post_featured","embeddable":true,"href":"https:\/\/medizinonline.com\/es\/wp-json\/wp\/v2\/powerkit_post_featured?post=401289"}],"curies":[{"name":"wp","href":"https:\/\/api.w.org\/{rel}","templated":true}]}}