{"id":402770,"date":"2025-08-03T01:05:00","date_gmt":"2025-08-02T23:05:00","guid":{"rendered":"https:\/\/medizinonline.com\/comparacion-de-la-monoterapia-con-rifampicina-con-la-combinacion-de-clindamicina-rifampicina\/"},"modified":"2025-06-16T17:18:18","modified_gmt":"2025-06-16T15:18:18","slug":"comparacion-de-la-monoterapia-con-rifampicina-con-la-combinacion-de-clindamicina-rifampicina","status":"publish","type":"post","link":"https:\/\/medizinonline.com\/es\/comparacion-de-la-monoterapia-con-rifampicina-con-la-combinacion-de-clindamicina-rifampicina\/","title":{"rendered":"Comparaci\u00f3n de la monoterapia con rifampicina con la combinaci\u00f3n de clindamicina\/rifampicina"},"content":{"rendered":"\n<p><strong>En un estudio reciente, se analizaron los correlatos inflamatorios en pacientes con hidradenitis supurativa (HS) antes y despu\u00e9s de la terapia antibi\u00f3tica oral. Existen pruebas de que la eficacia de los antibi\u00f3ticos sist\u00e9micos en la HS puede atribuirse a las propiedades antiinflamatorias m\u00e1s que a las antibacterianas de las sustancias respectivas [1,2]. Bas\u00e1ndose en los resultados de sus an\u00e1lisis, los autores del estudio concluyen que la monoterapia con rifampicina puede considerarse para determinados subgrupos de pacientes con HS.  <\/strong><\/p>\n\n<div class=\"pmpro\"><div class=\"pmpro_card pmpro_content_message\"><div class=\"pmpro_card_content\">Dieser Inhalt ist nur f\u00fcr Benutzer der Gruppe: Medizinische Fachperson zug\u00e4nglich <br \/><a href=\"https:\/\/medizinonline.com\/es\/mi-cuenta\/paquetes\/\">Jetzt beitreten<\/a><\/div><div class=\"pmpro_card_actions pmpro_font-medium\">\u00bfYa eres miembro? <a href=\"https:\/\/medizinonline.com\/es\/conectarse\/?redirect_to=https%3A%2F%2Fmedizinonline.com%2Fes%2Fcomparacion-de-la-monoterapia-con-rifampicina-con-la-combinacion-de-clindamicina-rifampicina%2F\">Accede aqu\u00ed<\/a><\/div><\/div><\/div>","protected":false},"excerpt":{"rendered":"<p>En un estudio reciente, se analizaron los correlatos inflamatorios en pacientes con hidradenitis supurativa (HS) antes y despu\u00e9s de la terapia antibi\u00f3tica oral. Existen pruebas de que la eficacia de&#8230;&hellip;... <\/p>\n<div class=\"pmpro\"><div class=\"pmpro_card pmpro_content_message\"><div class=\"pmpro_card_content\">Dieser Inhalt ist nur f\u00fcr Benutzer der Gruppe: Medizinische Fachperson zug\u00e4nglich <br \/><a href=\"https:\/\/medizinonline.com\/es\/mi-cuenta\/paquetes\/\">Jetzt beitreten<\/a><\/div><div class=\"pmpro_card_actions pmpro_font-medium\">\u00bfYa eres miembro? <a href=\"https:\/\/medizinonline.com\/es\/conectarse\/?redirect_to=https%3A%2F%2Fmedizinonline.com%2Fes%2Fcomparacion-de-la-monoterapia-con-rifampicina-con-la-combinacion-de-clindamicina-rifampicina%2F\">Accede aqu\u00ed<\/a><\/div><\/div><\/div>","protected":false},"author":7,"featured_media":126151,"comment_status":"closed","ping_status":"closed","sticky":false,"template":"","format":"standard","meta":{"_acf_changed":false,"pmpro_default_level":"","cat_1_feature_home_top":false,"cat_2_editor_pick":false,"csco_eyebrow_text":"Informe del estudio: Hidradenitis supurativa","footnotes":""},"category":[11298,11310,11475,11372,11552],"tags":[12451,83498,12453,83499,13535,66518,25960],"powerkit_post_featured":[],"class_list":["post-402770","post","type-post","status-publish","format-standard","has-post-thumbnail","category-alergologia-e-inmunologia-clinica","category-dermatologia-y-venereologia","category-estudios","category-infectologia","category-rx-es","tag-acne-inversa-es","tag-clindamicina-es","tag-hidradenitis-supurativa","tag-hs-es","tag-monoterapia-es","tag-rifampicina-es","tag-terapia-combinada","pmpro-level-required","pmpro-level-1","pmpro-no-access"],"acf":[],"publishpress_future_action":{"enabled":false,"date":"2026-05-09 00:35:37","action":"change-status","newStatus":"draft","terms":[],"taxonomy":"category","extraData":[]},"publishpress_future_workflow_manual_trigger":{"enabledWorkflows":[]},"wpml_current_locale":"es_ES","wpml_translations":[],"_links":{"self":[{"href":"https:\/\/medizinonline.com\/es\/wp-json\/wp\/v2\/posts\/402770","targetHints":{"allow":["GET"]}}],"collection":[{"href":"https:\/\/medizinonline.com\/es\/wp-json\/wp\/v2\/posts"}],"about":[{"href":"https:\/\/medizinonline.com\/es\/wp-json\/wp\/v2\/types\/post"}],"author":[{"embeddable":true,"href":"https:\/\/medizinonline.com\/es\/wp-json\/wp\/v2\/users\/7"}],"replies":[{"embeddable":true,"href":"https:\/\/medizinonline.com\/es\/wp-json\/wp\/v2\/comments?post=402770"}],"version-history":[{"count":1,"href":"https:\/\/medizinonline.com\/es\/wp-json\/wp\/v2\/posts\/402770\/revisions"}],"predecessor-version":[{"id":402774,"href":"https:\/\/medizinonline.com\/es\/wp-json\/wp\/v2\/posts\/402770\/revisions\/402774"}],"wp:featuredmedia":[{"embeddable":true,"href":"https:\/\/medizinonline.com\/es\/wp-json\/wp\/v2\/media\/126151"}],"wp:attachment":[{"href":"https:\/\/medizinonline.com\/es\/wp-json\/wp\/v2\/media?parent=402770"}],"wp:term":[{"taxonomy":"category","embeddable":true,"href":"https:\/\/medizinonline.com\/es\/wp-json\/wp\/v2\/category?post=402770"},{"taxonomy":"post_tag","embeddable":true,"href":"https:\/\/medizinonline.com\/es\/wp-json\/wp\/v2\/tags?post=402770"},{"taxonomy":"powerkit_post_featured","embeddable":true,"href":"https:\/\/medizinonline.com\/es\/wp-json\/wp\/v2\/powerkit_post_featured?post=402770"}],"curies":[{"name":"wp","href":"https:\/\/api.w.org\/{rel}","templated":true}]}}