{"id":402807,"date":"2025-07-29T01:05:00","date_gmt":"2025-07-28T23:05:00","guid":{"rendered":"https:\/\/medizinonline.com\/que-se-sabe-sobre-los-mecanismos-inflamatorios-en-la-ppp-y-la-gpp\/"},"modified":"2025-06-16T17:18:40","modified_gmt":"2025-06-16T15:18:40","slug":"que-se-sabe-sobre-los-mecanismos-inflamatorios-en-la-ppp-y-la-gpp","status":"publish","type":"post","link":"https:\/\/medizinonline.com\/es\/que-se-sabe-sobre-los-mecanismos-inflamatorios-en-la-ppp-y-la-gpp\/","title":{"rendered":"\u00bfQu\u00e9 se sabe sobre los mecanismos inflamatorios en la PPP y la GPP?"},"content":{"rendered":"\n<p><strong>La psoriasis pustulosa se caracteriza por la aparici\u00f3n repentina de peque\u00f1as ampollas llenas de pus (\u201cp\u00fastulas\u201d). Las caracter\u00edsticas cl\u00ednicas, patol\u00f3gicas y gen\u00e9ticas de la GPP y la PPP difieren de las de la psoriasis en placas. Mientras que en la GPP se ha demostrado emp\u00edricamente el papel clave del eje de la interleucina (IL)-36, la inmunopatogenia de la PPP est\u00e1 menos caracterizada, pero las v\u00edas de se\u00f1alizaci\u00f3n de la IL-1 y la IL-36 parecen estar implicadas de forma significativa.  <\/strong><\/p>\n\n<div class=\"pmpro\"><div class=\"pmpro_card pmpro_content_message\"><div class=\"pmpro_card_content\">Dieser Inhalt ist nur f\u00fcr Benutzer der Gruppe: Medizinische Fachperson zug\u00e4nglich <br \/><a href=\"https:\/\/medizinonline.com\/es\/mi-cuenta\/paquetes\/\">Jetzt beitreten<\/a><\/div><div class=\"pmpro_card_actions pmpro_font-medium\">\u00bfYa eres miembro? <a href=\"https:\/\/medizinonline.com\/es\/conectarse\/?redirect_to=https%3A%2F%2Fmedizinonline.com%2Fes%2Fque-se-sabe-sobre-los-mecanismos-inflamatorios-en-la-ppp-y-la-gpp%2F\">Accede aqu\u00ed<\/a><\/div><\/div><\/div>","protected":false},"excerpt":{"rendered":"<p>La psoriasis pustulosa se caracteriza por la aparici\u00f3n repentina de peque\u00f1as ampollas llenas de pus (\u201cp\u00fastulas\u201d). Las caracter\u00edsticas cl\u00ednicas, patol\u00f3gicas y gen\u00e9ticas de la GPP y la PPP difieren de&#8230;&hellip;... <\/p>\n<div class=\"pmpro\"><div class=\"pmpro_card pmpro_content_message\"><div class=\"pmpro_card_content\">Dieser Inhalt ist nur f\u00fcr Benutzer der Gruppe: Medizinische Fachperson zug\u00e4nglich <br \/><a href=\"https:\/\/medizinonline.com\/es\/mi-cuenta\/paquetes\/\">Jetzt beitreten<\/a><\/div><div class=\"pmpro_card_actions pmpro_font-medium\">\u00bfYa eres miembro? <a href=\"https:\/\/medizinonline.com\/es\/conectarse\/?redirect_to=https%3A%2F%2Fmedizinonline.com%2Fes%2Fque-se-sabe-sobre-los-mecanismos-inflamatorios-en-la-ppp-y-la-gpp%2F\">Accede aqu\u00ed<\/a><\/div><\/div><\/div>","protected":false},"author":7,"featured_media":402808,"comment_status":"closed","ping_status":"closed","sticky":false,"template":"","format":"standard","meta":{"_acf_changed":false,"pmpro_default_level":"","cat_1_feature_home_top":false,"cat_2_editor_pick":false,"csco_eyebrow_text":"Psoriasis pustulosa  ","footnotes":""},"category":[11310,11483,11475,11552],"tags":[20263,83545,83541,70921,83544,83542,83543,75926,17274,83540],"powerkit_post_featured":[],"class_list":["post-402807","post","type-post","status-publish","format-standard","has-post-thumbnail","category-dermatologia-y-venereologia","category-el-congreso-informa","category-estudios","category-rx-es","tag-apremilast-es","tag-eje-de-la-interleucina-il-36","tag-espesolimab-spevigo","tag-gpp-es","tag-il-36-es","tag-inhibidor-de-la-pde4","tag-mecanismos-inflamatorios-es","tag-ppp-es","tag-psoriasis-pustulosa-es","tag-psoriasis-pustulosa-es-2","pmpro-level-required","pmpro-level-1","pmpro-no-access"],"acf":[],"publishpress_future_action":{"enabled":false,"date":"2026-05-04 17:22:43","action":"change-status","newStatus":"draft","terms":[],"taxonomy":"category","extraData":[]},"publishpress_future_workflow_manual_trigger":{"enabledWorkflows":[]},"wpml_current_locale":"es_ES","wpml_translations":[],"_links":{"self":[{"href":"https:\/\/medizinonline.com\/es\/wp-json\/wp\/v2\/posts\/402807","targetHints":{"allow":["GET"]}}],"collection":[{"href":"https:\/\/medizinonline.com\/es\/wp-json\/wp\/v2\/posts"}],"about":[{"href":"https:\/\/medizinonline.com\/es\/wp-json\/wp\/v2\/types\/post"}],"author":[{"embeddable":true,"href":"https:\/\/medizinonline.com\/es\/wp-json\/wp\/v2\/users\/7"}],"replies":[{"embeddable":true,"href":"https:\/\/medizinonline.com\/es\/wp-json\/wp\/v2\/comments?post=402807"}],"version-history":[{"count":1,"href":"https:\/\/medizinonline.com\/es\/wp-json\/wp\/v2\/posts\/402807\/revisions"}],"predecessor-version":[{"id":402809,"href":"https:\/\/medizinonline.com\/es\/wp-json\/wp\/v2\/posts\/402807\/revisions\/402809"}],"wp:featuredmedia":[{"embeddable":true,"href":"https:\/\/medizinonline.com\/es\/wp-json\/wp\/v2\/media\/402808"}],"wp:attachment":[{"href":"https:\/\/medizinonline.com\/es\/wp-json\/wp\/v2\/media?parent=402807"}],"wp:term":[{"taxonomy":"category","embeddable":true,"href":"https:\/\/medizinonline.com\/es\/wp-json\/wp\/v2\/category?post=402807"},{"taxonomy":"post_tag","embeddable":true,"href":"https:\/\/medizinonline.com\/es\/wp-json\/wp\/v2\/tags?post=402807"},{"taxonomy":"powerkit_post_featured","embeddable":true,"href":"https:\/\/medizinonline.com\/es\/wp-json\/wp\/v2\/powerkit_post_featured?post=402807"}],"curies":[{"name":"wp","href":"https:\/\/api.w.org\/{rel}","templated":true}]}}