{"id":404044,"date":"2025-08-07T01:05:00","date_gmt":"2025-08-06T23:05:00","guid":{"rendered":"https:\/\/medizinonline.com\/?p=404044"},"modified":"2025-06-26T17:59:13","modified_gmt":"2025-06-26T15:59:13","slug":"factores-de-riesgo-de-ansiedad-y-depresion","status":"publish","type":"post","link":"https:\/\/medizinonline.com\/es\/factores-de-riesgo-de-ansiedad-y-depresion\/","title":{"rendered":"Factores de riesgo de ansiedad y depresi\u00f3n"},"content":{"rendered":"\n<p><strong>Con una prevalencia de hasta el 10% en los pa\u00edses industrializados, el insomnio cr\u00f3nico es uno de los trastornos del sue\u00f1o m\u00e1s comunes. A pesar de unos par\u00e1metros objetivos del sue\u00f1o comparativamente poco notables, los afectados refieren una grave p\u00e9rdida de bienestar. Un nuevo estudio arroja luz sobre hasta qu\u00e9 punto la inestabilidad del sue\u00f1o REM y un procesamiento inadecuado de las emociones nocturnas pueden explicar esta contradicci\u00f3n y aumentar el riesgo de trastornos depresivos y de ansiedad.  <\/strong><\/p>\n\n<div class=\"pmpro\"><div class=\"pmpro_card pmpro_content_message\"><div class=\"pmpro_card_content\">Dieser Inhalt ist nur f\u00fcr Benutzer der Gruppe: Medizinische Fachperson zug\u00e4nglich <br \/><a href=\"https:\/\/medizinonline.com\/es\/mi-cuenta\/paquetes\/\">Jetzt beitreten<\/a><\/div><div class=\"pmpro_card_actions pmpro_font-medium\">\u00bfYa eres miembro? <a href=\"https:\/\/medizinonline.com\/es\/conectarse\/?redirect_to=https%3A%2F%2Fmedizinonline.com%2Fes%2Ffactores-de-riesgo-de-ansiedad-y-depresion%2F\">Accede aqu\u00ed<\/a><\/div><\/div><\/div>","protected":false},"excerpt":{"rendered":"<p>Con una prevalencia de hasta el 10% en los pa\u00edses industrializados, el insomnio cr\u00f3nico es uno de los trastornos del sue\u00f1o m\u00e1s comunes. A pesar de unos par\u00e1metros objetivos del&#8230;&hellip;... <\/p>\n<div class=\"pmpro\"><div class=\"pmpro_card pmpro_content_message\"><div class=\"pmpro_card_content\">Dieser Inhalt ist nur f\u00fcr Benutzer der Gruppe: Medizinische Fachperson zug\u00e4nglich <br \/><a href=\"https:\/\/medizinonline.com\/es\/mi-cuenta\/paquetes\/\">Jetzt beitreten<\/a><\/div><div class=\"pmpro_card_actions pmpro_font-medium\">\u00bfYa eres miembro? <a href=\"https:\/\/medizinonline.com\/es\/conectarse\/?redirect_to=https%3A%2F%2Fmedizinonline.com%2Fes%2Ffactores-de-riesgo-de-ansiedad-y-depresion%2F\">Accede aqu\u00ed<\/a><\/div><\/div><\/div>","protected":false},"author":7,"featured_media":404045,"comment_status":"closed","ping_status":"closed","sticky":false,"template":"","format":"standard","meta":{"_acf_changed":false,"pmpro_default_level":"","cat_1_feature_home_top":false,"cat_2_editor_pick":false,"csco_eyebrow_text":"Insomnio cr\u00f3nico, inestabilidad del sue\u00f1o REM y desregulaci\u00f3n emocional  ","footnotes":""},"category":[11475,11478,11288,11328,11435,11552],"tags":[83788,18719,30430],"powerkit_post_featured":[],"class_list":["post-404044","post","type-post","status-publish","format-standard","has-post-thumbnail","category-estudios","category-formacion-continua","category-medicina-interna-general","category-neurologia","category-psiquiatria-y-psicoterapia","category-rx-es","tag-hiperactivacion","tag-insomnio","tag-sueno-rem","pmpro-level-required","pmpro-level-1","pmpro-no-access"],"acf":[],"publishpress_future_action":{"enabled":false,"date":"2026-05-06 14:00:57","action":"change-status","newStatus":"draft","terms":[],"taxonomy":"category","extraData":[]},"publishpress_future_workflow_manual_trigger":{"enabledWorkflows":[]},"wpml_current_locale":"es_ES","wpml_translations":[],"_links":{"self":[{"href":"https:\/\/medizinonline.com\/es\/wp-json\/wp\/v2\/posts\/404044","targetHints":{"allow":["GET"]}}],"collection":[{"href":"https:\/\/medizinonline.com\/es\/wp-json\/wp\/v2\/posts"}],"about":[{"href":"https:\/\/medizinonline.com\/es\/wp-json\/wp\/v2\/types\/post"}],"author":[{"embeddable":true,"href":"https:\/\/medizinonline.com\/es\/wp-json\/wp\/v2\/users\/7"}],"replies":[{"embeddable":true,"href":"https:\/\/medizinonline.com\/es\/wp-json\/wp\/v2\/comments?post=404044"}],"version-history":[{"count":1,"href":"https:\/\/medizinonline.com\/es\/wp-json\/wp\/v2\/posts\/404044\/revisions"}],"predecessor-version":[{"id":404046,"href":"https:\/\/medizinonline.com\/es\/wp-json\/wp\/v2\/posts\/404044\/revisions\/404046"}],"wp:featuredmedia":[{"embeddable":true,"href":"https:\/\/medizinonline.com\/es\/wp-json\/wp\/v2\/media\/404045"}],"wp:attachment":[{"href":"https:\/\/medizinonline.com\/es\/wp-json\/wp\/v2\/media?parent=404044"}],"wp:term":[{"taxonomy":"category","embeddable":true,"href":"https:\/\/medizinonline.com\/es\/wp-json\/wp\/v2\/category?post=404044"},{"taxonomy":"post_tag","embeddable":true,"href":"https:\/\/medizinonline.com\/es\/wp-json\/wp\/v2\/tags?post=404044"},{"taxonomy":"powerkit_post_featured","embeddable":true,"href":"https:\/\/medizinonline.com\/es\/wp-json\/wp\/v2\/powerkit_post_featured?post=404044"}],"curies":[{"name":"wp","href":"https:\/\/api.w.org\/{rel}","templated":true}]}}