{"id":404079,"date":"2025-07-10T14:05:00","date_gmt":"2025-07-10T12:05:00","guid":{"rendered":"https:\/\/medizinonline.com\/?p=404079"},"modified":"2025-07-10T14:31:52","modified_gmt":"2025-07-10T12:31:52","slug":"sindrome-metabolico-en-pacientes-con-esquizofrenia","status":"publish","type":"post","link":"https:\/\/medizinonline.com\/es\/sindrome-metabolico-en-pacientes-con-esquizofrenia\/","title":{"rendered":"S\u00edndrome metab\u00f3lico en pacientes con esquizofrenia"},"content":{"rendered":"\n<p><strong>Los pacientes con esquizofrenia no s\u00f3lo padecen s\u00edntomas psicol\u00f3gicos graves, sino que tambi\u00e9n tienen un riesgo dr\u00e1sticamente mayor de padecer enfermedades cardiometab\u00f3licas. La interacci\u00f3n de los mecanismos asociados a la enfermedad, las predisposiciones gen\u00e9ticas y las influencias ex\u00f3genas conduce al desarrollo de un s\u00edndrome metab\u00f3lico en muchos pacientes, lo que aumenta significativamente la morbilidad y la mortalidad.   <\/strong><\/p>\n\n<div class=\"pmpro\"><div class=\"pmpro_card pmpro_content_message\"><div class=\"pmpro_card_content\">Dieser Inhalt ist nur f\u00fcr Benutzer der Gruppe: Medizinische Fachperson zug\u00e4nglich <br \/><a href=\"https:\/\/medizinonline.com\/es\/mi-cuenta\/paquetes\/\">Jetzt beitreten<\/a><\/div><div class=\"pmpro_card_actions pmpro_font-medium\">\u00bfYa eres miembro? <a href=\"https:\/\/medizinonline.com\/es\/conectarse\/?redirect_to=https%3A%2F%2Fmedizinonline.com%2Fes%2Fsindrome-metabolico-en-pacientes-con-esquizofrenia%2F\">Accede aqu\u00ed<\/a><\/div><\/div><\/div>","protected":false},"excerpt":{"rendered":"<p>Los pacientes con esquizofrenia no s\u00f3lo padecen s\u00edntomas psicol\u00f3gicos graves, sino que tambi\u00e9n tienen un riesgo dr\u00e1sticamente mayor de padecer enfermedades cardiometab\u00f3licas. La interacci\u00f3n de los mecanismos asociados a la&#8230;&hellip;... <\/p>\n<div class=\"pmpro\"><div class=\"pmpro_card pmpro_content_message\"><div class=\"pmpro_card_content\">Dieser Inhalt ist nur f\u00fcr Benutzer der Gruppe: Medizinische Fachperson zug\u00e4nglich <br \/><a href=\"https:\/\/medizinonline.com\/es\/mi-cuenta\/paquetes\/\">Jetzt beitreten<\/a><\/div><div class=\"pmpro_card_actions pmpro_font-medium\">\u00bfYa eres miembro? <a href=\"https:\/\/medizinonline.com\/es\/conectarse\/?redirect_to=https%3A%2F%2Fmedizinonline.com%2Fes%2Fsindrome-metabolico-en-pacientes-con-esquizofrenia%2F\">Accede aqu\u00ed<\/a><\/div><\/div><\/div>","protected":false},"author":7,"featured_media":90150,"comment_status":"closed","ping_status":"closed","sticky":false,"template":"","format":"standard","meta":{"_acf_changed":false,"pmpro_default_level":"","cat_1_feature_home_top":false,"cat_2_editor_pick":false,"csco_eyebrow_text":"Mecanismos fisiopatol\u00f3gicos y perspectivas terap\u00e9uticas  ","footnotes":""},"category":[11324,11475,11478,11435,11552],"tags":[11865],"powerkit_post_featured":[],"class_list":["post-404079","post","type-post","status-publish","format-standard","has-post-thumbnail","category-cardiologia","category-estudios","category-formacion-continua","category-psiquiatria-y-psicoterapia","category-rx-es","tag-esquizofrenia-es","pmpro-level-required","pmpro-level-1","pmpro-no-access"],"acf":[],"publishpress_future_action":{"enabled":false,"date":"2026-05-07 17:56:55","action":"change-status","newStatus":"draft","terms":[],"taxonomy":"category","extraData":[]},"publishpress_future_workflow_manual_trigger":{"enabledWorkflows":[]},"wpml_current_locale":"es_ES","wpml_translations":[],"_links":{"self":[{"href":"https:\/\/medizinonline.com\/es\/wp-json\/wp\/v2\/posts\/404079","targetHints":{"allow":["GET"]}}],"collection":[{"href":"https:\/\/medizinonline.com\/es\/wp-json\/wp\/v2\/posts"}],"about":[{"href":"https:\/\/medizinonline.com\/es\/wp-json\/wp\/v2\/types\/post"}],"author":[{"embeddable":true,"href":"https:\/\/medizinonline.com\/es\/wp-json\/wp\/v2\/users\/7"}],"replies":[{"embeddable":true,"href":"https:\/\/medizinonline.com\/es\/wp-json\/wp\/v2\/comments?post=404079"}],"version-history":[{"count":1,"href":"https:\/\/medizinonline.com\/es\/wp-json\/wp\/v2\/posts\/404079\/revisions"}],"predecessor-version":[{"id":404080,"href":"https:\/\/medizinonline.com\/es\/wp-json\/wp\/v2\/posts\/404079\/revisions\/404080"}],"wp:featuredmedia":[{"embeddable":true,"href":"https:\/\/medizinonline.com\/es\/wp-json\/wp\/v2\/media\/90150"}],"wp:attachment":[{"href":"https:\/\/medizinonline.com\/es\/wp-json\/wp\/v2\/media?parent=404079"}],"wp:term":[{"taxonomy":"category","embeddable":true,"href":"https:\/\/medizinonline.com\/es\/wp-json\/wp\/v2\/category?post=404079"},{"taxonomy":"post_tag","embeddable":true,"href":"https:\/\/medizinonline.com\/es\/wp-json\/wp\/v2\/tags?post=404079"},{"taxonomy":"powerkit_post_featured","embeddable":true,"href":"https:\/\/medizinonline.com\/es\/wp-json\/wp\/v2\/powerkit_post_featured?post=404079"}],"curies":[{"name":"wp","href":"https:\/\/api.w.org\/{rel}","templated":true}]}}