{"id":404145,"date":"2025-07-23T01:05:00","date_gmt":"2025-07-22T23:05:00","guid":{"rendered":"https:\/\/medizinonline.com\/?p=404145"},"modified":"2025-06-26T18:02:16","modified_gmt":"2025-06-26T16:02:16","slug":"epilepsia-en-la-esclerosis-multiple","status":"publish","type":"post","link":"https:\/\/medizinonline.com\/es\/epilepsia-en-la-esclerosis-multiple\/","title":{"rendered":"Epilepsia en la esclerosis m\u00faltiple"},"content":{"rendered":"\n<p><strong>Las crisis epil\u00e9pticas son una de las comorbilidades m\u00e1s frecuentemente pasadas por alto en la esclerosis m\u00faltiple (EM). Estudios recientes han demostrado que la tasa de epilepsia entre los pacientes con EM es aproximadamente el doble, lo que sugiere que los procesos inflamatorios y de desmielinizaci\u00f3n de la propia EM favorecen los mecanismos epilept\u00f3genos. <\/strong><\/p>\n\n<div class=\"pmpro\"><div class=\"pmpro_card pmpro_content_message\"><div class=\"pmpro_card_content\">Dieser Inhalt ist nur f\u00fcr Benutzer der Gruppe: Medizinische Fachperson zug\u00e4nglich <br \/><a href=\"https:\/\/medizinonline.com\/es\/mi-cuenta\/paquetes\/\">Jetzt beitreten<\/a><\/div><div class=\"pmpro_card_actions pmpro_font-medium\">\u00bfYa eres miembro? <a href=\"https:\/\/medizinonline.com\/es\/conectarse\/?redirect_to=https%3A%2F%2Fmedizinonline.com%2Fes%2Fepilepsia-en-la-esclerosis-multiple%2F\">Accede aqu\u00ed<\/a><\/div><\/div><\/div>","protected":false},"excerpt":{"rendered":"<p>Las crisis epil\u00e9pticas son una de las comorbilidades m\u00e1s frecuentemente pasadas por alto en la esclerosis m\u00faltiple (EM). Estudios recientes han demostrado que la tasa de epilepsia entre los pacientes&#8230;&hellip;... <\/p>\n<div class=\"pmpro\"><div class=\"pmpro_card pmpro_content_message\"><div class=\"pmpro_card_content\">Dieser Inhalt ist nur f\u00fcr Benutzer der Gruppe: Medizinische Fachperson zug\u00e4nglich <br \/><a href=\"https:\/\/medizinonline.com\/es\/mi-cuenta\/paquetes\/\">Jetzt beitreten<\/a><\/div><div class=\"pmpro_card_actions pmpro_font-medium\">\u00bfYa eres miembro? <a href=\"https:\/\/medizinonline.com\/es\/conectarse\/?redirect_to=https%3A%2F%2Fmedizinonline.com%2Fes%2Fepilepsia-en-la-esclerosis-multiple%2F\">Accede aqu\u00ed<\/a><\/div><\/div><\/div>","protected":false},"author":7,"featured_media":404148,"comment_status":"closed","ping_status":"closed","sticky":false,"template":"","format":"standard","meta":{"_acf_changed":false,"pmpro_default_level":"","cat_1_feature_home_top":false,"cat_2_editor_pick":false,"csco_eyebrow_text":"Prevalencia, patog\u00e9nesis y estrategias individuales de tratamiento  ","footnotes":""},"category":[11475,11478,11328,11552],"tags":[11788,12343],"powerkit_post_featured":[],"class_list":["post-404145","post","type-post","status-publish","format-standard","has-post-thumbnail","category-estudios","category-formacion-continua","category-neurologia","category-rx-es","tag-epilepsia-es","tag-esclerosis-multiple","pmpro-level-required","pmpro-level-1","pmpro-no-access"],"acf":[],"publishpress_future_action":{"enabled":false,"date":"2026-05-05 13:22:51","action":"change-status","newStatus":"draft","terms":[],"taxonomy":"category","extraData":[]},"publishpress_future_workflow_manual_trigger":{"enabledWorkflows":[]},"wpml_current_locale":"es_ES","wpml_translations":[],"_links":{"self":[{"href":"https:\/\/medizinonline.com\/es\/wp-json\/wp\/v2\/posts\/404145","targetHints":{"allow":["GET"]}}],"collection":[{"href":"https:\/\/medizinonline.com\/es\/wp-json\/wp\/v2\/posts"}],"about":[{"href":"https:\/\/medizinonline.com\/es\/wp-json\/wp\/v2\/types\/post"}],"author":[{"embeddable":true,"href":"https:\/\/medizinonline.com\/es\/wp-json\/wp\/v2\/users\/7"}],"replies":[{"embeddable":true,"href":"https:\/\/medizinonline.com\/es\/wp-json\/wp\/v2\/comments?post=404145"}],"version-history":[{"count":1,"href":"https:\/\/medizinonline.com\/es\/wp-json\/wp\/v2\/posts\/404145\/revisions"}],"predecessor-version":[{"id":404149,"href":"https:\/\/medizinonline.com\/es\/wp-json\/wp\/v2\/posts\/404145\/revisions\/404149"}],"wp:featuredmedia":[{"embeddable":true,"href":"https:\/\/medizinonline.com\/es\/wp-json\/wp\/v2\/media\/404148"}],"wp:attachment":[{"href":"https:\/\/medizinonline.com\/es\/wp-json\/wp\/v2\/media?parent=404145"}],"wp:term":[{"taxonomy":"category","embeddable":true,"href":"https:\/\/medizinonline.com\/es\/wp-json\/wp\/v2\/category?post=404145"},{"taxonomy":"post_tag","embeddable":true,"href":"https:\/\/medizinonline.com\/es\/wp-json\/wp\/v2\/tags?post=404145"},{"taxonomy":"powerkit_post_featured","embeddable":true,"href":"https:\/\/medizinonline.com\/es\/wp-json\/wp\/v2\/powerkit_post_featured?post=404145"}],"curies":[{"name":"wp","href":"https:\/\/api.w.org\/{rel}","templated":true}]}}