{"id":404809,"date":"2025-07-23T14:05:00","date_gmt":"2025-07-23T12:05:00","guid":{"rendered":"https:\/\/medizinonline.com\/correlaciones-genotipo-fenotipo-en-la-pfic\/"},"modified":"2025-07-14T10:48:24","modified_gmt":"2025-07-14T08:48:24","slug":"correlaciones-genotipo-fenotipo-en-la-pfic","status":"publish","type":"post","link":"https:\/\/medizinonline.com\/es\/correlaciones-genotipo-fenotipo-en-la-pfic\/","title":{"rendered":"Correlaciones genotipo-fenotipo en la PFIC"},"content":{"rendered":"\n<p><strong>Las directrices de la EASL sobre el manejo cl\u00ednico de la enfermedad hep\u00e1tica colest\u00e1sica hereditaria, publicadas en 2024, sugieren que las pruebas gen\u00e9ticas deben realizarse lo antes posible en el proceso de diagn\u00f3stico tras descartar las causas comunes. Junto con un mejor conocimiento de los genes y las prote\u00ednas que intervienen en la homeostasis biliar y la creciente disponibilidad de las pruebas gen\u00e9ticas, cada vez m\u00e1s pacientes con colestasis de inicio en la edad adulta se someten a pruebas para detectar los genes de la colestasis que desempe\u00f1an un papel en la colestasis familiar intrahep\u00e1tica progresiva (CIFP). <\/strong><\/p>\n\n<div class=\"pmpro\"><div class=\"pmpro_card pmpro_content_message\"><div class=\"pmpro_card_content\">Dieser Inhalt ist nur f\u00fcr Benutzer der Gruppe: Medizinische Fachperson zug\u00e4nglich <br \/><a href=\"https:\/\/medizinonline.com\/es\/mi-cuenta\/paquetes\/\">Jetzt beitreten<\/a><\/div><div class=\"pmpro_card_actions pmpro_font-medium\">\u00bfYa eres miembro? <a href=\"https:\/\/medizinonline.com\/es\/conectarse\/?redirect_to=https%3A%2F%2Fmedizinonline.com%2Fes%2Fcorrelaciones-genotipo-fenotipo-en-la-pfic%2F\">Accede aqu\u00ed<\/a><\/div><\/div><\/div>","protected":false},"excerpt":{"rendered":"<p>Las directrices de la EASL sobre el manejo cl\u00ednico de la enfermedad hep\u00e1tica colest\u00e1sica hereditaria, publicadas en 2024, sugieren que las pruebas gen\u00e9ticas deben realizarse lo antes posible en el&#8230;&hellip;... <\/p>\n<div class=\"pmpro\"><div class=\"pmpro_card pmpro_content_message\"><div class=\"pmpro_card_content\">Dieser Inhalt ist nur f\u00fcr Benutzer der Gruppe: Medizinische Fachperson zug\u00e4nglich <br \/><a href=\"https:\/\/medizinonline.com\/es\/mi-cuenta\/paquetes\/\">Jetzt beitreten<\/a><\/div><div class=\"pmpro_card_actions pmpro_font-medium\">\u00bfYa eres miembro? <a href=\"https:\/\/medizinonline.com\/es\/conectarse\/?redirect_to=https%3A%2F%2Fmedizinonline.com%2Fes%2Fcorrelaciones-genotipo-fenotipo-en-la-pfic%2F\">Accede aqu\u00ed<\/a><\/div><\/div><\/div>","protected":false},"author":7,"featured_media":404810,"comment_status":"closed","ping_status":"closed","sticky":false,"template":"","format":"standard","meta":{"_acf_changed":false,"pmpro_default_level":"","cat_1_feature_home_top":false,"cat_2_editor_pick":false,"csco_eyebrow_text":"Colestasis idiop\u00e1tica  ","footnotes":""},"category":[11483,11475,11358,11364,11288,11552],"tags":[84031,24812,84032,84030],"powerkit_post_featured":[],"class_list":["post-404809","post","type-post","status-publish","format-standard","has-post-thumbnail","category-el-congreso-informa","category-estudios","category-gastroenterologia-y-hepatologia","category-genetica","category-medicina-interna-general","category-rx-es","tag-correlaciones-genotipo-fenotipo","tag-enfermedad-hepatica","tag-pfic-es","tag-reunion-anual-de-la-easl","pmpro-level-required","pmpro-level-1","pmpro-no-access"],"acf":[],"publishpress_future_action":{"enabled":false,"date":"2026-05-06 18:04:24","action":"change-status","newStatus":"draft","terms":[],"taxonomy":"category","extraData":[]},"publishpress_future_workflow_manual_trigger":{"enabledWorkflows":[]},"wpml_current_locale":"es_ES","wpml_translations":[],"_links":{"self":[{"href":"https:\/\/medizinonline.com\/es\/wp-json\/wp\/v2\/posts\/404809","targetHints":{"allow":["GET"]}}],"collection":[{"href":"https:\/\/medizinonline.com\/es\/wp-json\/wp\/v2\/posts"}],"about":[{"href":"https:\/\/medizinonline.com\/es\/wp-json\/wp\/v2\/types\/post"}],"author":[{"embeddable":true,"href":"https:\/\/medizinonline.com\/es\/wp-json\/wp\/v2\/users\/7"}],"replies":[{"embeddable":true,"href":"https:\/\/medizinonline.com\/es\/wp-json\/wp\/v2\/comments?post=404809"}],"version-history":[{"count":1,"href":"https:\/\/medizinonline.com\/es\/wp-json\/wp\/v2\/posts\/404809\/revisions"}],"predecessor-version":[{"id":404811,"href":"https:\/\/medizinonline.com\/es\/wp-json\/wp\/v2\/posts\/404809\/revisions\/404811"}],"wp:featuredmedia":[{"embeddable":true,"href":"https:\/\/medizinonline.com\/es\/wp-json\/wp\/v2\/media\/404810"}],"wp:attachment":[{"href":"https:\/\/medizinonline.com\/es\/wp-json\/wp\/v2\/media?parent=404809"}],"wp:term":[{"taxonomy":"category","embeddable":true,"href":"https:\/\/medizinonline.com\/es\/wp-json\/wp\/v2\/category?post=404809"},{"taxonomy":"post_tag","embeddable":true,"href":"https:\/\/medizinonline.com\/es\/wp-json\/wp\/v2\/tags?post=404809"},{"taxonomy":"powerkit_post_featured","embeddable":true,"href":"https:\/\/medizinonline.com\/es\/wp-json\/wp\/v2\/powerkit_post_featured?post=404809"}],"curies":[{"name":"wp","href":"https:\/\/api.w.org\/{rel}","templated":true}]}}