{"id":404875,"date":"2025-08-13T00:30:00","date_gmt":"2025-08-12T22:30:00","guid":{"rendered":"https:\/\/medizinonline.com\/sacroilitis-en-resonancia-magnetica-y-o-radiografia-como-criterio-decisivo\/"},"modified":"2025-07-14T10:50:16","modified_gmt":"2025-07-14T08:50:16","slug":"sacroilitis-en-resonancia-magnetica-y-o-radiografia-como-criterio-decisivo","status":"publish","type":"post","link":"https:\/\/medizinonline.com\/es\/sacroilitis-en-resonancia-magnetica-y-o-radiografia-como-criterio-decisivo\/","title":{"rendered":"Sacroilitis en resonancia magn\u00e9tica y\/o radiograf\u00eda como criterio decisivo"},"content":{"rendered":"\n<p><strong>Si el dolor de espalda cr\u00f3nico se presenta en pacientes menores de 45 a\u00f1os, la espondiloartritis axial (axSpA) debe considerarse tambi\u00e9n como diagn\u00f3stico de sospecha, seg\u00fan una recomendaci\u00f3n de la ASAS. Desgraciadamente, esta enfermedad, que se caracteriza por la inflamaci\u00f3n de la articulaci\u00f3n sacroil\u00edaca y la limitaci\u00f3n de la movilidad de la columna lumbar, a menudo s\u00f3lo se diagnostica tras un retraso considerable, inform\u00f3 el Dr. Kyburz y explic\u00f3 c\u00f3mo puede detectarse hoy en d\u00eda la axSpA en una fase temprana. <\/strong><\/p>\n\n<div class=\"pmpro\"><div class=\"pmpro_card pmpro_content_message\"><div class=\"pmpro_card_content\">Dieser Inhalt ist nur f\u00fcr Benutzer der Gruppe: Medizinische Fachperson zug\u00e4nglich <br \/><a href=\"https:\/\/medizinonline.com\/es\/mi-cuenta\/paquetes\/\">Jetzt beitreten<\/a><\/div><div class=\"pmpro_card_actions pmpro_font-medium\">\u00bfYa eres miembro? <a href=\"https:\/\/medizinonline.com\/es\/conectarse\/?redirect_to=https%3A%2F%2Fmedizinonline.com%2Fes%2Fsacroilitis-en-resonancia-magnetica-y-o-radiografia-como-criterio-decisivo%2F\">Accede aqu\u00ed<\/a><\/div><\/div><\/div>","protected":false},"excerpt":{"rendered":"<p>Si el dolor de espalda cr\u00f3nico se presenta en pacientes menores de 45 a\u00f1os, la espondiloartritis axial (axSpA) debe considerarse tambi\u00e9n como diagn\u00f3stico de sospecha, seg\u00fan una recomendaci\u00f3n de la&#8230;&hellip;... <\/p>\n<div class=\"pmpro\"><div class=\"pmpro_card pmpro_content_message\"><div class=\"pmpro_card_content\">Dieser Inhalt ist nur f\u00fcr Benutzer der Gruppe: Medizinische Fachperson zug\u00e4nglich <br \/><a href=\"https:\/\/medizinonline.com\/es\/mi-cuenta\/paquetes\/\">Jetzt beitreten<\/a><\/div><div class=\"pmpro_card_actions pmpro_font-medium\">\u00bfYa eres miembro? <a href=\"https:\/\/medizinonline.com\/es\/conectarse\/?redirect_to=https%3A%2F%2Fmedizinonline.com%2Fes%2Fsacroilitis-en-resonancia-magnetica-y-o-radiografia-como-criterio-decisivo%2F\">Accede aqu\u00ed<\/a><\/div><\/div><\/div>","protected":false},"author":7,"featured_media":404876,"comment_status":"closed","ping_status":"closed","sticky":false,"template":"","format":"standard","meta":{"_acf_changed":false,"pmpro_default_level":"","cat_1_feature_home_top":false,"cat_2_editor_pick":false,"csco_eyebrow_text":"Espondiloartritis axial","footnotes":""},"category":[11483,11358,11288,11398,11441,11451,11552],"tags":[17827,22063,58930,14146,27046,22460,84090],"powerkit_post_featured":[],"class_list":["post-404875","post","type-post","status-publish","format-standard","has-post-thumbnail","category-el-congreso-informa","category-gastroenterologia-y-hepatologia","category-medicina-interna-general","category-ortopedia","category-radiologia","category-reumatologia","category-rx-es","tag-axspa-es","tag-dolor-de-espalda-es","tag-espondilitis-anquilosante-es","tag-espondiloartritis-axial","tag-irm-es","tag-rayos-x","tag-sacroilitis-es","pmpro-level-required","pmpro-level-1","pmpro-no-access"],"acf":[],"publishpress_future_action":{"enabled":false,"date":"2026-05-06 02:25:21","action":"change-status","newStatus":"draft","terms":[],"taxonomy":"category","extraData":[]},"publishpress_future_workflow_manual_trigger":{"enabledWorkflows":[]},"wpml_current_locale":"es_ES","wpml_translations":[],"_links":{"self":[{"href":"https:\/\/medizinonline.com\/es\/wp-json\/wp\/v2\/posts\/404875","targetHints":{"allow":["GET"]}}],"collection":[{"href":"https:\/\/medizinonline.com\/es\/wp-json\/wp\/v2\/posts"}],"about":[{"href":"https:\/\/medizinonline.com\/es\/wp-json\/wp\/v2\/types\/post"}],"author":[{"embeddable":true,"href":"https:\/\/medizinonline.com\/es\/wp-json\/wp\/v2\/users\/7"}],"replies":[{"embeddable":true,"href":"https:\/\/medizinonline.com\/es\/wp-json\/wp\/v2\/comments?post=404875"}],"version-history":[{"count":1,"href":"https:\/\/medizinonline.com\/es\/wp-json\/wp\/v2\/posts\/404875\/revisions"}],"predecessor-version":[{"id":404877,"href":"https:\/\/medizinonline.com\/es\/wp-json\/wp\/v2\/posts\/404875\/revisions\/404877"}],"wp:featuredmedia":[{"embeddable":true,"href":"https:\/\/medizinonline.com\/es\/wp-json\/wp\/v2\/media\/404876"}],"wp:attachment":[{"href":"https:\/\/medizinonline.com\/es\/wp-json\/wp\/v2\/media?parent=404875"}],"wp:term":[{"taxonomy":"category","embeddable":true,"href":"https:\/\/medizinonline.com\/es\/wp-json\/wp\/v2\/category?post=404875"},{"taxonomy":"post_tag","embeddable":true,"href":"https:\/\/medizinonline.com\/es\/wp-json\/wp\/v2\/tags?post=404875"},{"taxonomy":"powerkit_post_featured","embeddable":true,"href":"https:\/\/medizinonline.com\/es\/wp-json\/wp\/v2\/powerkit_post_featured?post=404875"}],"curies":[{"name":"wp","href":"https:\/\/api.w.org\/{rel}","templated":true}]}}