{"id":406519,"date":"2025-08-13T20:00:00","date_gmt":"2025-08-13T18:00:00","guid":{"rendered":"https:\/\/medizinonline.com\/nuevos-conocimientos-en-la-interfaz-de-la-alta-tecnologia-y-las-celulas-sensoriales\/"},"modified":"2025-09-20T23:01:14","modified_gmt":"2025-09-20T21:01:14","slug":"nuevos-conocimientos-en-la-interfaz-de-la-alta-tecnologia-y-las-celulas-sensoriales","status":"publish","type":"post","link":"https:\/\/medizinonline.com\/es\/nuevos-conocimientos-en-la-interfaz-de-la-alta-tecnologia-y-las-celulas-sensoriales\/","title":{"rendered":"Nuevos conocimientos en la interfaz de la alta tecnolog\u00eda y las c\u00e9lulas sensoriales"},"content":{"rendered":"\n<p><strong>En Suiza, unas 5.000 personas llevan actualmente implantes cocleares, y la tendencia va en aumento, sobre todo en el grupo de edad de m\u00e1s de 65 a\u00f1os, seg\u00fan los datos del Registro Suizo de Implantes Cocleares. Se est\u00e1n llevando a cabo diversos proyectos de investigaci\u00f3n sobre estos dispositivos de alta tecnolog\u00eda con vistas a optimizar los aspectos tecnol\u00f3gicos y los resultados cl\u00ednicos. Algunos de los resultados de los \u00faltimos estudios se presentaron en la reuni\u00f3n de primavera de la SGORL, celebrada los d\u00edas 5 y 6 de junio.  <\/strong><\/p>\n\n<div class=\"pmpro\"><div class=\"pmpro_card pmpro_content_message\"><div class=\"pmpro_card_content\">Dieser Inhalt ist nur f\u00fcr Benutzer der Gruppe: Medizinische Fachperson zug\u00e4nglich <br \/><a href=\"https:\/\/medizinonline.com\/es\/mi-cuenta\/paquetes\/\">Jetzt beitreten<\/a><\/div><div class=\"pmpro_card_actions pmpro_font-medium\">\u00bfYa eres miembro? <a href=\"https:\/\/medizinonline.com\/es\/conectarse\/?redirect_to=https%3A%2F%2Fmedizinonline.com%2Fes%2Fnuevos-conocimientos-en-la-interfaz-de-la-alta-tecnologia-y-las-celulas-sensoriales%2F\">Accede aqu\u00ed<\/a><\/div><\/div><\/div>","protected":false},"excerpt":{"rendered":"<p>En Suiza, unas 5.000 personas llevan actualmente implantes cocleares, y la tendencia va en aumento, sobre todo en el grupo de edad de m\u00e1s de 65 a\u00f1os, seg\u00fan los datos&#8230;&hellip;... <\/p>\n<div class=\"pmpro\"><div class=\"pmpro_card pmpro_content_message\"><div class=\"pmpro_card_content\">Dieser Inhalt ist nur f\u00fcr Benutzer der Gruppe: Medizinische Fachperson zug\u00e4nglich <br \/><a href=\"https:\/\/medizinonline.com\/es\/mi-cuenta\/paquetes\/\">Jetzt beitreten<\/a><\/div><div class=\"pmpro_card_actions pmpro_font-medium\">\u00bfYa eres miembro? <a href=\"https:\/\/medizinonline.com\/es\/conectarse\/?redirect_to=https%3A%2F%2Fmedizinonline.com%2Fes%2Fnuevos-conocimientos-en-la-interfaz-de-la-alta-tecnologia-y-las-celulas-sensoriales%2F\">Accede aqu\u00ed<\/a><\/div><\/div><\/div>","protected":false},"author":7,"featured_media":406522,"comment_status":"closed","ping_status":"closed","sticky":false,"template":"","format":"standard","meta":{"_acf_changed":false,"pmpro_default_level":"","cat_1_feature_home_top":false,"cat_2_editor_pick":false,"csco_eyebrow_text":"Implantes cocleares","footnotes":""},"category":[11346,11483,11475,11288,11328,11393,11552],"tags":[84472,84471,84470,84469],"powerkit_post_featured":[],"class_list":["post-406519","post","type-post","status-publish","format-standard","has-post-thumbnail","category-cirugia","category-el-congreso-informa","category-estudios","category-medicina-interna-general","category-neurologia","category-orl-es","category-rx-es","tag-alta-tecnologia-es","tag-implantes-cocleares-es","tag-registro-de-implantes-cocleares","tag-resultados-del-estudio-es","pmpro-level-required","pmpro-level-1","pmpro-no-access"],"acf":[],"publishpress_future_action":{"enabled":false,"date":"2026-05-05 17:50:28","action":"change-status","newStatus":"draft","terms":[],"taxonomy":"category","extraData":[]},"publishpress_future_workflow_manual_trigger":{"enabledWorkflows":[]},"wpml_current_locale":"es_ES","wpml_translations":[],"_links":{"self":[{"href":"https:\/\/medizinonline.com\/es\/wp-json\/wp\/v2\/posts\/406519","targetHints":{"allow":["GET"]}}],"collection":[{"href":"https:\/\/medizinonline.com\/es\/wp-json\/wp\/v2\/posts"}],"about":[{"href":"https:\/\/medizinonline.com\/es\/wp-json\/wp\/v2\/types\/post"}],"author":[{"embeddable":true,"href":"https:\/\/medizinonline.com\/es\/wp-json\/wp\/v2\/users\/7"}],"replies":[{"embeddable":true,"href":"https:\/\/medizinonline.com\/es\/wp-json\/wp\/v2\/comments?post=406519"}],"version-history":[{"count":1,"href":"https:\/\/medizinonline.com\/es\/wp-json\/wp\/v2\/posts\/406519\/revisions"}],"predecessor-version":[{"id":406524,"href":"https:\/\/medizinonline.com\/es\/wp-json\/wp\/v2\/posts\/406519\/revisions\/406524"}],"wp:featuredmedia":[{"embeddable":true,"href":"https:\/\/medizinonline.com\/es\/wp-json\/wp\/v2\/media\/406522"}],"wp:attachment":[{"href":"https:\/\/medizinonline.com\/es\/wp-json\/wp\/v2\/media?parent=406519"}],"wp:term":[{"taxonomy":"category","embeddable":true,"href":"https:\/\/medizinonline.com\/es\/wp-json\/wp\/v2\/category?post=406519"},{"taxonomy":"post_tag","embeddable":true,"href":"https:\/\/medizinonline.com\/es\/wp-json\/wp\/v2\/tags?post=406519"},{"taxonomy":"powerkit_post_featured","embeddable":true,"href":"https:\/\/medizinonline.com\/es\/wp-json\/wp\/v2\/powerkit_post_featured?post=406519"}],"curies":[{"name":"wp","href":"https:\/\/api.w.org\/{rel}","templated":true}]}}