{"id":406740,"date":"2025-08-29T00:30:00","date_gmt":"2025-08-28T22:30:00","guid":{"rendered":"https:\/\/medizinonline.com\/?p=406740"},"modified":"2025-08-28T22:18:49","modified_gmt":"2025-08-28T20:18:49","slug":"biologicos-peptidos-orales-y-nanoanticuerpos-trivalentes-resultados-y-tendencias-actuales","status":"publish","type":"post","link":"https:\/\/medizinonline.com\/es\/biologicos-peptidos-orales-y-nanoanticuerpos-trivalentes-resultados-y-tendencias-actuales\/","title":{"rendered":"Biol\u00f3gicos, p\u00e9ptidos orales y nanoanticuerpos trivalentes: resultados y tendencias actuales"},"content":{"rendered":"\n<p><strong>Se dispone de resultados de primera l\u00ednea tanto para Icotrokinra como para Sonelokimab, que atestiguan el gran potencial terap\u00e9utico de estos innovadores f\u00e1rmacos candidatos. Sin embargo, tambi\u00e9n se dispone de nuevas pruebas sumamente interesantes procedentes de ensayos cl\u00ednicos y del mundo real para los anticuerpos monoclonales actualmente autorizados de los grupos de inhibidores de la interleucina (IL)-23 y la IL-17. En t\u00e9rminos de medicina personalizada, cada vez es m\u00e1s importante seleccionar una opci\u00f3n terap\u00e9utica adaptada a las respectivas afecciones entre la variedad de opciones de tratamiento.    <\/strong><\/p>\n\n<div class=\"pmpro\"><div class=\"pmpro_card pmpro_content_message\"><div class=\"pmpro_card_content\">Dieser Inhalt ist nur f\u00fcr Benutzer der Gruppe: Medizinische Fachperson zug\u00e4nglich <br \/><a href=\"https:\/\/medizinonline.com\/es\/mi-cuenta\/paquetes\/\">Jetzt beitreten<\/a><\/div><div class=\"pmpro_card_actions pmpro_font-medium\">\u00bfYa eres miembro? <a href=\"https:\/\/medizinonline.com\/es\/conectarse\/?redirect_to=https%3A%2F%2Fmedizinonline.com%2Fes%2Fbiologicos-peptidos-orales-y-nanoanticuerpos-trivalentes-resultados-y-tendencias-actuales%2F\">Accede aqu\u00ed<\/a><\/div><\/div><\/div>","protected":false},"excerpt":{"rendered":"<p>Se dispone de resultados de primera l\u00ednea tanto para Icotrokinra como para Sonelokimab, que atestiguan el gran potencial terap\u00e9utico de estos innovadores f\u00e1rmacos candidatos. Sin embargo, tambi\u00e9n se dispone de&#8230;&hellip;... <\/p>\n<div class=\"pmpro\"><div class=\"pmpro_card pmpro_content_message\"><div class=\"pmpro_card_content\">Dieser Inhalt ist nur f\u00fcr Benutzer der Gruppe: Medizinische Fachperson zug\u00e4nglich <br \/><a href=\"https:\/\/medizinonline.com\/es\/mi-cuenta\/paquetes\/\">Jetzt beitreten<\/a><\/div><div class=\"pmpro_card_actions pmpro_font-medium\">\u00bfYa eres miembro? <a href=\"https:\/\/medizinonline.com\/es\/conectarse\/?redirect_to=https%3A%2F%2Fmedizinonline.com%2Fes%2Fbiologicos-peptidos-orales-y-nanoanticuerpos-trivalentes-resultados-y-tendencias-actuales%2F\">Accede aqu\u00ed<\/a><\/div><\/div><\/div>","protected":false},"author":7,"featured_media":406741,"comment_status":"closed","ping_status":"closed","sticky":false,"template":"","format":"standard","meta":{"_acf_changed":false,"pmpro_default_level":"","cat_1_feature_home_top":false,"cat_2_editor_pick":false,"csco_eyebrow_text":"Psoriasis y PsA  ","footnotes":"[{\"content\":\"OMS-5: Se trata del \\u00edndice de bienestar de la OMS, en el que 0 significa ausencia de bienestar y 100 bienestar m\\u00e1ximo (el umbral para un cambio cl\\u00ednicamente relevante es de 10 puntos).\",\"id\":\"0eb10af1-4631-44c6-b46a-a26d220fe05b\"},{\"content\":\"WPAI: el cuestionario sobre productividad laboral y deterioro de la actividad incluye las \\u00e1reas de ausencias laborales, trabajo en estado deteriorado (presentismo), p\\u00e9rdida de productividad laboral y deterioro de la actividad.\",\"id\":\"e80dbffb-1eb1-437f-9f1c-48d573f78cda\"},{\"content\":\"Todos los pacientes recibieron bimekizumab-bkzx cada cuatro semanas (q4w) hasta la semana 16 y despu\\u00e9s recibieron q4w o q8w en funci\\u00f3n de su respuesta al tratamiento. Si reciben q4w hasta la semana 16, q8w es el r\\u00e9gimen de dosificaci\\u00f3n aprobado a partir de entonces (q4w\\\/q8w). Los resultados incluyeron a pacientes que recibieron tanto q4w\\\/q8w como q4w\\\/q4w.  \",\"id\":\"03b46733-3caf-4a5d-bf29-6aec9d08b811\"}]"},"category":[11298,11310,11483,11475,11451,11552],"tags":[13364,27129,12425,18155,84518,84517,84516,15715,13983,26525,12580,84519,67715,27049],"powerkit_post_featured":[],"class_list":["post-406740","post","type-post","status-publish","format-standard","has-post-thumbnail","category-alergologia-e-inmunologia-clinica","category-dermatologia-y-venereologia","category-el-congreso-informa","category-estudios","category-reumatologia","category-rx-es","tag-artritis-psoriasica","tag-bimekizumab-es","tag-biologicos-es","tag-guselkumab-es","tag-icotrokinra-es","tag-nanoanticuerpo-trivalente","tag-peptido-oral","tag-psa-es","tag-psoriasis-es-2","tag-risankizumab-es","tag-secukinumab-es","tag-sonelokimab-es","tag-tildrakizumab-es","tag-zdft-es","pmpro-level-required","pmpro-level-1","pmpro-no-access"],"acf":[],"publishpress_future_action":{"enabled":false,"date":"2026-05-07 14:36:18","action":"change-status","newStatus":"draft","terms":[],"taxonomy":"category","extraData":[]},"publishpress_future_workflow_manual_trigger":{"enabledWorkflows":[]},"wpml_current_locale":"es_ES","wpml_translations":[],"_links":{"self":[{"href":"https:\/\/medizinonline.com\/es\/wp-json\/wp\/v2\/posts\/406740","targetHints":{"allow":["GET"]}}],"collection":[{"href":"https:\/\/medizinonline.com\/es\/wp-json\/wp\/v2\/posts"}],"about":[{"href":"https:\/\/medizinonline.com\/es\/wp-json\/wp\/v2\/types\/post"}],"author":[{"embeddable":true,"href":"https:\/\/medizinonline.com\/es\/wp-json\/wp\/v2\/users\/7"}],"replies":[{"embeddable":true,"href":"https:\/\/medizinonline.com\/es\/wp-json\/wp\/v2\/comments?post=406740"}],"version-history":[{"count":1,"href":"https:\/\/medizinonline.com\/es\/wp-json\/wp\/v2\/posts\/406740\/revisions"}],"predecessor-version":[{"id":406742,"href":"https:\/\/medizinonline.com\/es\/wp-json\/wp\/v2\/posts\/406740\/revisions\/406742"}],"wp:featuredmedia":[{"embeddable":true,"href":"https:\/\/medizinonline.com\/es\/wp-json\/wp\/v2\/media\/406741"}],"wp:attachment":[{"href":"https:\/\/medizinonline.com\/es\/wp-json\/wp\/v2\/media?parent=406740"}],"wp:term":[{"taxonomy":"category","embeddable":true,"href":"https:\/\/medizinonline.com\/es\/wp-json\/wp\/v2\/category?post=406740"},{"taxonomy":"post_tag","embeddable":true,"href":"https:\/\/medizinonline.com\/es\/wp-json\/wp\/v2\/tags?post=406740"},{"taxonomy":"powerkit_post_featured","embeddable":true,"href":"https:\/\/medizinonline.com\/es\/wp-json\/wp\/v2\/powerkit_post_featured?post=406740"}],"curies":[{"name":"wp","href":"https:\/\/api.w.org\/{rel}","templated":true}]}}