{"id":406912,"date":"2025-09-06T00:30:00","date_gmt":"2025-09-05T22:30:00","guid":{"rendered":"https:\/\/medizinonline.com\/?p=406912"},"modified":"2025-09-01T22:47:56","modified_gmt":"2025-09-01T20:47:56","slug":"caracteristicas-especiales-para-personas-con-discapacidades-multiples","status":"publish","type":"post","link":"https:\/\/medizinonline.com\/es\/caracteristicas-especiales-para-personas-con-discapacidades-multiples\/","title":{"rendered":"Caracter\u00edsticas especiales para personas con discapacidades m\u00faltiples"},"content":{"rendered":"\n<p><strong>Los pacientes con discapacidades m\u00faltiples se ven afectados por dolores de diversa \u00edndole debidos a una amplia gama de enfermedades agudas y cr\u00f3nicas. Las personas que no son capaces de articular adecuadamente sus dolencias plantean un reto especial a la hora de realizar un diagn\u00f3stico. Este art\u00edculo examina las posibilidades de reconocer y clasificar el dolor y sus causas incluso sin que el paciente lo revele.  <\/strong><\/p>\n\n<div class=\"pmpro\"><div class=\"pmpro_card pmpro_content_message\"><div class=\"pmpro_card_content\">Dieser Inhalt ist nur f\u00fcr Benutzer der Gruppe: Medizinische Fachperson zug\u00e4nglich <br \/><a href=\"https:\/\/medizinonline.com\/es\/mi-cuenta\/paquetes\/\">Jetzt beitreten<\/a><\/div><div class=\"pmpro_card_actions pmpro_font-medium\">\u00bfYa eres miembro? <a href=\"https:\/\/medizinonline.com\/es\/conectarse\/?redirect_to=https%3A%2F%2Fmedizinonline.com%2Fes%2Fcaracteristicas-especiales-para-personas-con-discapacidades-multiples%2F\">Accede aqu\u00ed<\/a><\/div><\/div><\/div>","protected":false},"excerpt":{"rendered":"<p>Los pacientes con discapacidades m\u00faltiples se ven afectados por dolores de diversa \u00edndole debidos a una amplia gama de enfermedades agudas y cr\u00f3nicas. Las personas que no son capaces de&#8230;&hellip;... <\/p>\n<div class=\"pmpro\"><div class=\"pmpro_card pmpro_content_message\"><div class=\"pmpro_card_content\">Dieser Inhalt ist nur f\u00fcr Benutzer der Gruppe: Medizinische Fachperson zug\u00e4nglich <br \/><a href=\"https:\/\/medizinonline.com\/es\/mi-cuenta\/paquetes\/\">Jetzt beitreten<\/a><\/div><div class=\"pmpro_card_actions pmpro_font-medium\">\u00bfYa eres miembro? <a href=\"https:\/\/medizinonline.com\/es\/conectarse\/?redirect_to=https%3A%2F%2Fmedizinonline.com%2Fes%2Fcaracteristicas-especiales-para-personas-con-discapacidades-multiples%2F\">Accede aqu\u00ed<\/a><\/div><\/div><\/div>","protected":false},"author":7,"featured_media":406916,"comment_status":"closed","ping_status":"closed","sticky":false,"template":"","format":"standard","meta":{"_acf_changed":false,"pmpro_default_level":"","cat_1_feature_home_top":false,"cat_2_editor_pick":false,"csco_eyebrow_text":"Sensaci\u00f3n de dolor","footnotes":""},"category":[11483,11475,11288,11328,11402,11430,11435,11552],"tags":[14175,84561,13896,63501],"powerkit_post_featured":[],"class_list":["post-406912","post","type-post","status-publish","format-standard","has-post-thumbnail","category-el-congreso-informa","category-estudios","category-medicina-interna-general","category-neurologia","category-pediatria","category-prevencion-y-asistencia-sanitaria","category-psiquiatria-y-psicoterapia","category-rx-es","tag-diagnostico-es-2","tag-discapacidades-multiples","tag-multimorbilidad","tag-sensacion-de-dolor","pmpro-level-required","pmpro-level-1","pmpro-no-access"],"acf":[],"publishpress_future_action":{"enabled":false,"date":"2026-05-03 20:39:07","action":"change-status","newStatus":"draft","terms":[],"taxonomy":"category","extraData":[]},"publishpress_future_workflow_manual_trigger":{"enabledWorkflows":[]},"wpml_current_locale":"es_ES","wpml_translations":[],"_links":{"self":[{"href":"https:\/\/medizinonline.com\/es\/wp-json\/wp\/v2\/posts\/406912","targetHints":{"allow":["GET"]}}],"collection":[{"href":"https:\/\/medizinonline.com\/es\/wp-json\/wp\/v2\/posts"}],"about":[{"href":"https:\/\/medizinonline.com\/es\/wp-json\/wp\/v2\/types\/post"}],"author":[{"embeddable":true,"href":"https:\/\/medizinonline.com\/es\/wp-json\/wp\/v2\/users\/7"}],"replies":[{"embeddable":true,"href":"https:\/\/medizinonline.com\/es\/wp-json\/wp\/v2\/comments?post=406912"}],"version-history":[{"count":1,"href":"https:\/\/medizinonline.com\/es\/wp-json\/wp\/v2\/posts\/406912\/revisions"}],"predecessor-version":[{"id":406920,"href":"https:\/\/medizinonline.com\/es\/wp-json\/wp\/v2\/posts\/406912\/revisions\/406920"}],"wp:featuredmedia":[{"embeddable":true,"href":"https:\/\/medizinonline.com\/es\/wp-json\/wp\/v2\/media\/406916"}],"wp:attachment":[{"href":"https:\/\/medizinonline.com\/es\/wp-json\/wp\/v2\/media?parent=406912"}],"wp:term":[{"taxonomy":"category","embeddable":true,"href":"https:\/\/medizinonline.com\/es\/wp-json\/wp\/v2\/category?post=406912"},{"taxonomy":"post_tag","embeddable":true,"href":"https:\/\/medizinonline.com\/es\/wp-json\/wp\/v2\/tags?post=406912"},{"taxonomy":"powerkit_post_featured","embeddable":true,"href":"https:\/\/medizinonline.com\/es\/wp-json\/wp\/v2\/powerkit_post_featured?post=406912"}],"curies":[{"name":"wp","href":"https:\/\/api.w.org\/{rel}","templated":true}]}}