{"id":406951,"date":"2025-09-05T00:30:00","date_gmt":"2025-09-04T22:30:00","guid":{"rendered":"https:\/\/medizinonline.com\/?p=406951"},"modified":"2025-09-28T15:41:42","modified_gmt":"2025-09-28T13:41:42","slug":"proteccion-uv-y-deteccion-del-cancer-de-piel-actualizacion-2025","status":"publish","type":"post","link":"https:\/\/medizinonline.com\/es\/proteccion-uv-y-deteccion-del-cancer-de-piel-actualizacion-2025\/","title":{"rendered":"Protecci\u00f3n UV y detecci\u00f3n del c\u00e1ncer de piel &#8211; Actualizaci\u00f3n 2025"},"content":{"rendered":"\n<p><strong>El n\u00famero de nuevos casos de c\u00e1ncer de piel ha aumentado considerablemente en los \u00faltimos a\u00f1os. Los melanomas son menos frecuentes que los carcinomas de c\u00e9lulas basales y de c\u00e9lulas escamosas, pero representan alrededor del 70% de todas las muertes causadas por el c\u00e1ncer de piel. Adem\u00e1s de la prevenci\u00f3n primaria mediante los tres pilares de la protecci\u00f3n UV (evitar una exposici\u00f3n elevada a los rayos UV; protecci\u00f3n f\u00edsica; protecci\u00f3n solar), la prevenci\u00f3n secundaria en forma de cribado del c\u00e1ncer de piel es otra medida importante y eficaz. Adem\u00e1s de los ex\u00e1menes dermatosc\u00f3picos tradicionales, cada vez se utilizan m\u00e1s las tecnolog\u00edas asistidas por IA.   <\/strong><\/p>\n\n<div class=\"pmpro\"><div class=\"pmpro_card pmpro_content_message\"><div class=\"pmpro_card_content\">Dieser Inhalt ist nur f\u00fcr Benutzer der Gruppe: Medizinische Fachperson zug\u00e4nglich <br \/><a href=\"https:\/\/medizinonline.com\/es\/mi-cuenta\/paquetes\/\">Jetzt beitreten<\/a><\/div><div class=\"pmpro_card_actions pmpro_font-medium\">\u00bfYa eres miembro? <a href=\"https:\/\/medizinonline.com\/es\/conectarse\/?redirect_to=https%3A%2F%2Fmedizinonline.com%2Fes%2Fproteccion-uv-y-deteccion-del-cancer-de-piel-actualizacion-2025%2F\">Accede aqu\u00ed<\/a><\/div><\/div><\/div>","protected":false},"excerpt":{"rendered":"<p>El n\u00famero de nuevos casos de c\u00e1ncer de piel ha aumentado considerablemente en los \u00faltimos a\u00f1os. Los melanomas son menos frecuentes que los carcinomas de c\u00e9lulas basales y de c\u00e9lulas&#8230;&hellip;... <\/p>\n<div class=\"pmpro\"><div class=\"pmpro_card pmpro_content_message\"><div class=\"pmpro_card_content\">Dieser Inhalt ist nur f\u00fcr Benutzer der Gruppe: Medizinische Fachperson zug\u00e4nglich <br \/><a href=\"https:\/\/medizinonline.com\/es\/mi-cuenta\/paquetes\/\">Jetzt beitreten<\/a><\/div><div class=\"pmpro_card_actions pmpro_font-medium\">\u00bfYa eres miembro? <a href=\"https:\/\/medizinonline.com\/es\/conectarse\/?redirect_to=https%3A%2F%2Fmedizinonline.com%2Fes%2Fproteccion-uv-y-deteccion-del-cancer-de-piel-actualizacion-2025%2F\">Accede aqu\u00ed<\/a><\/div><\/div><\/div>","protected":false},"author":7,"featured_media":406953,"comment_status":"closed","ping_status":"closed","sticky":false,"template":"","format":"standard","meta":{"_acf_changed":false,"pmpro_default_level":"","cat_1_feature_home_top":false,"cat_2_editor_pick":false,"csco_eyebrow_text":"Prevenci\u00f3n del c\u00e1ncer de piel  ","footnotes":"[{\"content\":\"El CCNM tambi\\u00e9n se conoce a veces como c\\u00e1ncer de piel blanco o claro y es un t\\u00e9rmino general para los tumores cut\\u00e1neos invasivos que se originan en las c\\u00e9lulas epiteliales - alrededor del 80% de ellos son carcinomas de c\\u00e9lulas basales (carcinoma basocelular, CCB) y alrededor del 20% son carcinomas de c\\u00e9lulas escamosas (carcinoma espinocelular, CCE).\",\"id\":\"8328cf67-f045-4e22-b11c-cdc8d2bc4d99\"},{\"content\":\"Clasificaci\\u00f3n del tipo de piel seg\\u00fan Fitzpatrick, <a href=\\\"http:\\\/\\\/www.msdmanuals.com\\\/de\\\/profi\\\/multimedia\\\/table\\\/fitzpatrick-hauttypklassifizierung\\\">www.msdmanuals.com\\\/de\\\/profi\\\/multimedia\\\/table\\\/fitzpatrick-hauttypklassifizierung,<\\\/a>(\\u00faltima consulta: 10\\\/07\\\/2025).\",\"id\":\"a6776ee2-1c44-4242-b8d0-c2e4a6ade01e\"},{\"content\":\"COLIPA = Comit\\u00e9 de enlace europeo de la industria de la perfumer\\u00eda, los productos cosm\\u00e9ticos y de tocador\",\"id\":\"3009d970-58d7-4777-a997-162b7ce0f633\"}]"},"category":[11310,11487,11475,22619,11336,11430,11552],"tags":[84598,12286,14494,14345,84592,61340,84589,84595,84593,12288,84588,14499,38903,16859,19598,84586],"powerkit_post_featured":[],"class_list":["post-406951","post","type-post","status-publish","format-standard","has-post-thumbnail","category-dermatologia-y-venereologia","category-entrevistas","category-estudios","category-formacion-cme","category-oncologia","category-prevencion-y-asistencia-sanitaria","category-rx-es","tag-3d-tbp","tag-cancer-de-piel","tag-carcinoma-basocelular-es-2","tag-carcinoma-de-celulas-escamosas-es","tag-cribado-del-cancer-de-piel-es","tag-dermatoscopia-es","tag-dermatoscopia-digital-secuencial","tag-fotografia-corporal-total","tag-fotografia-de-cuerpo-entero","tag-melanoma","tag-microscopia-laser-confocal","tag-nmsc-es","tag-prevencion-primaria","tag-prevencion-secundaria","tag-proteccion-uv","tag-tomografia-de-coherencia-optica","pmpro-level-required","pmpro-level-1","pmpro-no-access"],"acf":[],"publishpress_future_action":{"enabled":false,"date":"2026-05-08 03:48:22","action":"change-status","newStatus":"draft","terms":[],"taxonomy":"category","extraData":[]},"publishpress_future_workflow_manual_trigger":{"enabledWorkflows":[]},"wpml_current_locale":"es_ES","wpml_translations":[],"_links":{"self":[{"href":"https:\/\/medizinonline.com\/es\/wp-json\/wp\/v2\/posts\/406951","targetHints":{"allow":["GET"]}}],"collection":[{"href":"https:\/\/medizinonline.com\/es\/wp-json\/wp\/v2\/posts"}],"about":[{"href":"https:\/\/medizinonline.com\/es\/wp-json\/wp\/v2\/types\/post"}],"author":[{"embeddable":true,"href":"https:\/\/medizinonline.com\/es\/wp-json\/wp\/v2\/users\/7"}],"replies":[{"embeddable":true,"href":"https:\/\/medizinonline.com\/es\/wp-json\/wp\/v2\/comments?post=406951"}],"version-history":[{"count":1,"href":"https:\/\/medizinonline.com\/es\/wp-json\/wp\/v2\/posts\/406951\/revisions"}],"predecessor-version":[{"id":406955,"href":"https:\/\/medizinonline.com\/es\/wp-json\/wp\/v2\/posts\/406951\/revisions\/406955"}],"wp:featuredmedia":[{"embeddable":true,"href":"https:\/\/medizinonline.com\/es\/wp-json\/wp\/v2\/media\/406953"}],"wp:attachment":[{"href":"https:\/\/medizinonline.com\/es\/wp-json\/wp\/v2\/media?parent=406951"}],"wp:term":[{"taxonomy":"category","embeddable":true,"href":"https:\/\/medizinonline.com\/es\/wp-json\/wp\/v2\/category?post=406951"},{"taxonomy":"post_tag","embeddable":true,"href":"https:\/\/medizinonline.com\/es\/wp-json\/wp\/v2\/tags?post=406951"},{"taxonomy":"powerkit_post_featured","embeddable":true,"href":"https:\/\/medizinonline.com\/es\/wp-json\/wp\/v2\/powerkit_post_featured?post=406951"}],"curies":[{"name":"wp","href":"https:\/\/api.w.org\/{rel}","templated":true}]}}