{"id":407624,"date":"2025-10-19T00:30:00","date_gmt":"2025-10-18T22:30:00","guid":{"rendered":"https:\/\/medizinonline.com\/herida-cronicamente-infectada-en-la-parte-inferior-de-la-pierna-informe-de-un-caso\/"},"modified":"2025-10-18T23:04:21","modified_gmt":"2025-10-18T21:04:21","slug":"herida-cronicamente-infectada-en-la-parte-inferior-de-la-pierna-informe-de-un-caso","status":"publish","type":"post","link":"https:\/\/medizinonline.com\/es\/herida-cronicamente-infectada-en-la-parte-inferior-de-la-pierna-informe-de-un-caso\/","title":{"rendered":"Herida cr\u00f3nicamente infectada en la parte inferior de la pierna &#8211; informe de un caso"},"content":{"rendered":"\n<p><strong>El Prof. Dr. Sebastian Probst y la Prof. Dra. Ewa-Klara St\u00fcrmer utilizaron el estudio de caso de un paciente de 85 a\u00f1os con una &#8220;\u00falcera mixta de pierna&#8221; con predominio de IVC para ilustrar el problema del estancamiento cr\u00f3nico de la cicatrizaci\u00f3n de heridas y mostraron c\u00f3mo era posible iniciar el proceso de cicatrizaci\u00f3n de heridas en este paciente mediante intervenciones centradas en la gesti\u00f3n de la infecci\u00f3n y el exudado.<\/strong><\/p>\n\n<div class=\"pmpro\"><div class=\"pmpro_card pmpro_content_message\"><div class=\"pmpro_card_content\">Dieser Inhalt ist nur f\u00fcr Benutzer der Gruppe: Medizinische Fachperson zug\u00e4nglich <br \/><a href=\"https:\/\/medizinonline.com\/es\/mi-cuenta\/paquetes\/\">Jetzt beitreten<\/a><\/div><div class=\"pmpro_card_actions pmpro_font-medium\">\u00bfYa eres miembro? <a href=\"https:\/\/medizinonline.com\/es\/conectarse\/?redirect_to=https%3A%2F%2Fmedizinonline.com%2Fes%2Fherida-cronicamente-infectada-en-la-parte-inferior-de-la-pierna-informe-de-un-caso%2F\">Accede aqu\u00ed<\/a><\/div><\/div><\/div>","protected":false},"excerpt":{"rendered":"<p>El Prof. Dr. Sebastian Probst y la Prof. Dra. Ewa-Klara St\u00fcrmer utilizaron el estudio de caso de un paciente de 85 a\u00f1os con una &#8220;\u00falcera mixta de pierna&#8221; con predominio&#8230;&hellip;... <\/p>\n<div class=\"pmpro\"><div class=\"pmpro_card pmpro_content_message\"><div class=\"pmpro_card_content\">Dieser Inhalt ist nur f\u00fcr Benutzer der Gruppe: Medizinische Fachperson zug\u00e4nglich <br \/><a href=\"https:\/\/medizinonline.com\/es\/mi-cuenta\/paquetes\/\">Jetzt beitreten<\/a><\/div><div class=\"pmpro_card_actions pmpro_font-medium\">\u00bfYa eres miembro? <a href=\"https:\/\/medizinonline.com\/es\/conectarse\/?redirect_to=https%3A%2F%2Fmedizinonline.com%2Fes%2Fherida-cronicamente-infectada-en-la-parte-inferior-de-la-pierna-informe-de-un-caso%2F\">Accede aqu\u00ed<\/a><\/div><\/div><\/div>","protected":false},"author":7,"featured_media":407627,"comment_status":"closed","ping_status":"closed","sticky":false,"template":"","format":"standard","meta":{"_acf_changed":false,"pmpro_default_level":"","cat_1_feature_home_top":false,"cat_2_editor_pick":false,"csco_eyebrow_text":"Cuidado de heridas","footnotes":""},"category":[11493,11346,11310,11483,11352,11316,11398,11430,11552],"tags":[84921,19862,84920,13669,81839,52283,84922],"powerkit_post_featured":[],"class_list":["post-407624","post","type-post","status-publish","format-standard","has-post-thumbnail","category-casos","category-cirugia","category-dermatologia-y-venereologia","category-el-congreso-informa","category-endocrinologia-y-diabetologia","category-geriatria","category-ortopedia","category-prevencion-y-asistencia-sanitaria","category-rx-es","tag-cuidado-de-heridas-es-2","tag-curacion-de-heridas","tag-herida-cronicamente-infectada","tag-heridas-cronicas","tag-informe-de-un-caso-es","tag-pierna","tag-ulcus-cruris-mixtum-es","pmpro-level-required","pmpro-level-1","pmpro-no-access"],"acf":[],"publishpress_future_action":{"enabled":false,"date":"2026-05-03 18:08:31","action":"change-status","newStatus":"draft","terms":[],"taxonomy":"category","extraData":[]},"publishpress_future_workflow_manual_trigger":{"enabledWorkflows":[]},"wpml_current_locale":"es_ES","wpml_translations":[],"_links":{"self":[{"href":"https:\/\/medizinonline.com\/es\/wp-json\/wp\/v2\/posts\/407624","targetHints":{"allow":["GET"]}}],"collection":[{"href":"https:\/\/medizinonline.com\/es\/wp-json\/wp\/v2\/posts"}],"about":[{"href":"https:\/\/medizinonline.com\/es\/wp-json\/wp\/v2\/types\/post"}],"author":[{"embeddable":true,"href":"https:\/\/medizinonline.com\/es\/wp-json\/wp\/v2\/users\/7"}],"replies":[{"embeddable":true,"href":"https:\/\/medizinonline.com\/es\/wp-json\/wp\/v2\/comments?post=407624"}],"version-history":[{"count":3,"href":"https:\/\/medizinonline.com\/es\/wp-json\/wp\/v2\/posts\/407624\/revisions"}],"predecessor-version":[{"id":410096,"href":"https:\/\/medizinonline.com\/es\/wp-json\/wp\/v2\/posts\/407624\/revisions\/410096"}],"wp:featuredmedia":[{"embeddable":true,"href":"https:\/\/medizinonline.com\/es\/wp-json\/wp\/v2\/media\/407627"}],"wp:attachment":[{"href":"https:\/\/medizinonline.com\/es\/wp-json\/wp\/v2\/media?parent=407624"}],"wp:term":[{"taxonomy":"category","embeddable":true,"href":"https:\/\/medizinonline.com\/es\/wp-json\/wp\/v2\/category?post=407624"},{"taxonomy":"post_tag","embeddable":true,"href":"https:\/\/medizinonline.com\/es\/wp-json\/wp\/v2\/tags?post=407624"},{"taxonomy":"powerkit_post_featured","embeddable":true,"href":"https:\/\/medizinonline.com\/es\/wp-json\/wp\/v2\/powerkit_post_featured?post=407624"}],"curies":[{"name":"wp","href":"https:\/\/api.w.org\/{rel}","templated":true}]}}