{"id":410369,"date":"2025-10-29T00:30:00","date_gmt":"2025-10-28T23:30:00","guid":{"rendered":"https:\/\/medizinonline.com\/?p=410369"},"modified":"2025-10-24T14:39:03","modified_gmt":"2025-10-24T12:39:03","slug":"centrarse-en-un-enfoque-terapeutico-racional-mas-alla-de-los-antibioticos","status":"publish","type":"post","link":"https:\/\/medizinonline.com\/es\/centrarse-en-un-enfoque-terapeutico-racional-mas-alla-de-los-antibioticos\/","title":{"rendered":"Centrarse en un enfoque terap\u00e9utico racional m\u00e1s all\u00e1 de los antibi\u00f3ticos"},"content":{"rendered":"\n<p><strong>Un estudio de cohortes retrospectivo publicado en 2024 analiz\u00f3 los datos de pacientes con sinusitis aguda en atenci\u00f3n rutinaria. Por un lado, se descubri\u00f3 que m\u00e1s del 70% de los pacientes recibieron una prescripci\u00f3n de antibi\u00f3ticos contraria a las recomendaciones de las directrices. Por otro, el an\u00e1lisis demostr\u00f3 que, aunque un medicamento a base de plantas que contiene un extracto de las ra\u00edces de <em>Pelargonium sidoides<\/em> se utiliz\u00f3 con mucha menos frecuencia que los antibi\u00f3ticos, los corticosteroides intranasales y otros aerosoles nasales, obtuvo una puntuaci\u00f3n alta en cuanto a efectos favorables a corto y largo plazo.    <\/strong><\/p>\n\n<div class=\"pmpro\"><div class=\"pmpro_card pmpro_content_message\"><div class=\"pmpro_card_content\">Dieser Inhalt ist nur f\u00fcr Benutzer der Gruppe: Medizinische Fachperson zug\u00e4nglich <br \/><a href=\"https:\/\/medizinonline.com\/es\/mi-cuenta\/paquetes\/\">Jetzt beitreten<\/a><\/div><div class=\"pmpro_card_actions pmpro_font-medium\">\u00bfYa eres miembro? <a href=\"https:\/\/medizinonline.com\/es\/conectarse\/?redirect_to=https%3A%2F%2Fmedizinonline.com%2Fes%2Fcentrarse-en-un-enfoque-terapeutico-racional-mas-alla-de-los-antibioticos%2F\">Accede aqu\u00ed<\/a><\/div><\/div><\/div>","protected":false},"excerpt":{"rendered":"<p>Un estudio de cohortes retrospectivo publicado en 2024 analiz\u00f3 los datos de pacientes con sinusitis aguda en atenci\u00f3n rutinaria. Por un lado, se descubri\u00f3 que m\u00e1s del 70% de los&#8230;&hellip;... <\/p>\n<div class=\"pmpro\"><div class=\"pmpro_card pmpro_content_message\"><div class=\"pmpro_card_content\">Dieser Inhalt ist nur f\u00fcr Benutzer der Gruppe: Medizinische Fachperson zug\u00e4nglich <br \/><a href=\"https:\/\/medizinonline.com\/es\/mi-cuenta\/paquetes\/\">Jetzt beitreten<\/a><\/div><div class=\"pmpro_card_actions pmpro_font-medium\">\u00bfYa eres miembro? <a href=\"https:\/\/medizinonline.com\/es\/conectarse\/?redirect_to=https%3A%2F%2Fmedizinonline.com%2Fes%2Fcentrarse-en-un-enfoque-terapeutico-racional-mas-alla-de-los-antibioticos%2F\">Accede aqu\u00ed<\/a><\/div><\/div><\/div>","protected":false},"author":7,"featured_media":410374,"comment_status":"closed","ping_status":"closed","sticky":false,"template":"","format":"standard","meta":{"_acf_changed":false,"pmpro_default_level":"","cat_1_feature_home_top":false,"cat_2_editor_pick":false,"csco_eyebrow_text":"Sinusitis aguda: estudio del mundo real sobre la terapia de primera l\u00ednea","footnotes":""},"category":[11475,11478,11372,11412,11288,11424,11393,11552],"tags":[12275,80057,18300,35834,85603,11941],"powerkit_post_featured":[],"class_list":["post-410369","post","type-post","status-publish","format-standard","has-post-thumbnail","category-estudios","category-formacion-continua","category-infectologia","category-medicina-farmaceutica","category-medicina-interna-general","category-neumologia","category-orl-es","category-rx-es","tag-antibioticos-es","tag-estudio-del-mundo-real","tag-pelargonium-sidoides-es","tag-sinusitis-es","tag-sinusitis-aguda","tag-terapia-de-primera-linea","pmpro-level-required","pmpro-level-1","pmpro-no-access"],"acf":[],"publishpress_future_action":{"enabled":false,"date":"2026-05-06 11:02:14","action":"change-status","newStatus":"draft","terms":[],"taxonomy":"category","extraData":[]},"publishpress_future_workflow_manual_trigger":{"enabledWorkflows":[]},"wpml_current_locale":"es_ES","wpml_translations":[],"_links":{"self":[{"href":"https:\/\/medizinonline.com\/es\/wp-json\/wp\/v2\/posts\/410369","targetHints":{"allow":["GET"]}}],"collection":[{"href":"https:\/\/medizinonline.com\/es\/wp-json\/wp\/v2\/posts"}],"about":[{"href":"https:\/\/medizinonline.com\/es\/wp-json\/wp\/v2\/types\/post"}],"author":[{"embeddable":true,"href":"https:\/\/medizinonline.com\/es\/wp-json\/wp\/v2\/users\/7"}],"replies":[{"embeddable":true,"href":"https:\/\/medizinonline.com\/es\/wp-json\/wp\/v2\/comments?post=410369"}],"version-history":[{"count":1,"href":"https:\/\/medizinonline.com\/es\/wp-json\/wp\/v2\/posts\/410369\/revisions"}],"predecessor-version":[{"id":410375,"href":"https:\/\/medizinonline.com\/es\/wp-json\/wp\/v2\/posts\/410369\/revisions\/410375"}],"wp:featuredmedia":[{"embeddable":true,"href":"https:\/\/medizinonline.com\/es\/wp-json\/wp\/v2\/media\/410374"}],"wp:attachment":[{"href":"https:\/\/medizinonline.com\/es\/wp-json\/wp\/v2\/media?parent=410369"}],"wp:term":[{"taxonomy":"category","embeddable":true,"href":"https:\/\/medizinonline.com\/es\/wp-json\/wp\/v2\/category?post=410369"},{"taxonomy":"post_tag","embeddable":true,"href":"https:\/\/medizinonline.com\/es\/wp-json\/wp\/v2\/tags?post=410369"},{"taxonomy":"powerkit_post_featured","embeddable":true,"href":"https:\/\/medizinonline.com\/es\/wp-json\/wp\/v2\/powerkit_post_featured?post=410369"}],"curies":[{"name":"wp","href":"https:\/\/api.w.org\/{rel}","templated":true}]}}