{"id":410854,"date":"2025-12-04T00:30:00","date_gmt":"2025-12-03T23:30:00","guid":{"rendered":"https:\/\/medizinonline.com\/?p=410854"},"modified":"2025-12-03T17:30:06","modified_gmt":"2025-12-03T16:30:06","slug":"la-atrofia-cerebral-se-correlaciona-con-la-progresion-de-la-discapacidad-en-la-em","status":"publish","type":"post","link":"https:\/\/medizinonline.com\/es\/la-atrofia-cerebral-se-correlaciona-con-la-progresion-de-la-discapacidad-en-la-em\/","title":{"rendered":"La atrofia cerebral se correlaciona con la progresi\u00f3n de la discapacidad en la EM"},"content":{"rendered":"\n<p><strong>La atrofia cerebral en los pacientes con EM, sobre todo en el t\u00e1lamo, est\u00e1 estrechamente relacionada con la discapacidad f\u00edsica y los d\u00e9ficits cognitivos a largo plazo. Un an\u00e1lisis a largo plazo de los estudios de fase 3 RADIANCE\/SUNBEAM y la extensi\u00f3n abierta DAYBREAK examina ahora la eficacia del ozanimod durante siete a\u00f1os. Los resultados confirman una protecci\u00f3n sostenida contra la p\u00e9rdida de volumen y subrayan el papel predictivo de los biomarcadores del volumen cerebral.  <\/strong><\/p>\n\n<div class=\"pmpro\"><div class=\"pmpro_card pmpro_content_message\"><div class=\"pmpro_card_content\">Dieser Inhalt ist nur f\u00fcr Benutzer der Gruppe: Medizinische Fachperson zug\u00e4nglich <br \/><a href=\"https:\/\/medizinonline.com\/es\/mi-cuenta\/paquetes\/\">Jetzt beitreten<\/a><\/div><div class=\"pmpro_card_actions pmpro_font-medium\">\u00bfYa eres miembro? <a href=\"https:\/\/medizinonline.com\/es\/conectarse\/?redirect_to=https%3A%2F%2Fmedizinonline.com%2Fes%2Fla-atrofia-cerebral-se-correlaciona-con-la-progresion-de-la-discapacidad-en-la-em%2F\">Accede aqu\u00ed<\/a><\/div><\/div><\/div>","protected":false},"excerpt":{"rendered":"<p>La atrofia cerebral en los pacientes con EM, sobre todo en el t\u00e1lamo, est\u00e1 estrechamente relacionada con la discapacidad f\u00edsica y los d\u00e9ficits cognitivos a largo plazo. Un an\u00e1lisis a&#8230;&hellip;... <\/p>\n<div class=\"pmpro\"><div class=\"pmpro_card pmpro_content_message\"><div class=\"pmpro_card_content\">Dieser Inhalt ist nur f\u00fcr Benutzer der Gruppe: Medizinische Fachperson zug\u00e4nglich <br \/><a href=\"https:\/\/medizinonline.com\/es\/mi-cuenta\/paquetes\/\">Jetzt beitreten<\/a><\/div><div class=\"pmpro_card_actions pmpro_font-medium\">\u00bfYa eres miembro? <a href=\"https:\/\/medizinonline.com\/es\/conectarse\/?redirect_to=https%3A%2F%2Fmedizinonline.com%2Fes%2Fla-atrofia-cerebral-se-correlaciona-con-la-progresion-de-la-discapacidad-en-la-em%2F\">Accede aqu\u00ed<\/a><\/div><\/div><\/div>","protected":false},"author":7,"featured_media":410856,"comment_status":"closed","ping_status":"closed","sticky":false,"template":"","format":"standard","meta":{"_acf_changed":false,"pmpro_default_level":"","cat_1_feature_home_top":false,"cat_2_editor_pick":false,"csco_eyebrow_text":"Atrofia cerebral y EM","footnotes":""},"category":[11475,11478,11328,11552],"tags":[55885,12343,35905],"powerkit_post_featured":[],"class_list":["post-410854","post","type-post","status-publish","format-standard","has-post-thumbnail","category-estudios","category-formacion-continua","category-neurologia","category-rx-es","tag-atrofia-cerebral-es","tag-esclerosis-multiple","tag-ozanimod-es","pmpro-level-required","pmpro-level-1","pmpro-no-access"],"acf":[],"publishpress_future_action":{"enabled":false,"date":"2026-05-04 08:42:18","action":"change-status","newStatus":"draft","terms":[],"taxonomy":"category","extraData":[]},"publishpress_future_workflow_manual_trigger":{"enabledWorkflows":[]},"wpml_current_locale":"es_ES","wpml_translations":[],"_links":{"self":[{"href":"https:\/\/medizinonline.com\/es\/wp-json\/wp\/v2\/posts\/410854","targetHints":{"allow":["GET"]}}],"collection":[{"href":"https:\/\/medizinonline.com\/es\/wp-json\/wp\/v2\/posts"}],"about":[{"href":"https:\/\/medizinonline.com\/es\/wp-json\/wp\/v2\/types\/post"}],"author":[{"embeddable":true,"href":"https:\/\/medizinonline.com\/es\/wp-json\/wp\/v2\/users\/7"}],"replies":[{"embeddable":true,"href":"https:\/\/medizinonline.com\/es\/wp-json\/wp\/v2\/comments?post=410854"}],"version-history":[{"count":1,"href":"https:\/\/medizinonline.com\/es\/wp-json\/wp\/v2\/posts\/410854\/revisions"}],"predecessor-version":[{"id":410857,"href":"https:\/\/medizinonline.com\/es\/wp-json\/wp\/v2\/posts\/410854\/revisions\/410857"}],"wp:featuredmedia":[{"embeddable":true,"href":"https:\/\/medizinonline.com\/es\/wp-json\/wp\/v2\/media\/410856"}],"wp:attachment":[{"href":"https:\/\/medizinonline.com\/es\/wp-json\/wp\/v2\/media?parent=410854"}],"wp:term":[{"taxonomy":"category","embeddable":true,"href":"https:\/\/medizinonline.com\/es\/wp-json\/wp\/v2\/category?post=410854"},{"taxonomy":"post_tag","embeddable":true,"href":"https:\/\/medizinonline.com\/es\/wp-json\/wp\/v2\/tags?post=410854"},{"taxonomy":"powerkit_post_featured","embeddable":true,"href":"https:\/\/medizinonline.com\/es\/wp-json\/wp\/v2\/powerkit_post_featured?post=410854"}],"curies":[{"name":"wp","href":"https:\/\/api.w.org\/{rel}","templated":true}]}}