{"id":410957,"date":"2025-11-18T00:30:00","date_gmt":"2025-11-17T23:30:00","guid":{"rendered":"https:\/\/medizinonline.com\/?p=410957"},"modified":"2025-10-27T17:05:24","modified_gmt":"2025-10-27T16:05:24","slug":"opicapon-doble-beneficio-para-la-funcion-motora-y-el-sueno-en-la-enfermedad-de-parkinson","status":"publish","type":"post","link":"https:\/\/medizinonline.com\/es\/opicapon-doble-beneficio-para-la-funcion-motora-y-el-sueno-en-la-enfermedad-de-parkinson\/","title":{"rendered":"Opicap\u00f3n: doble beneficio para la funci\u00f3n motora y el sue\u00f1o en la enfermedad de Parkinson"},"content":{"rendered":"\n<p><strong>Los trastornos del sue\u00f1o son uno de los s\u00edntomas no motores m\u00e1s comunes del Parkinson. El tratamiento espec\u00edfico de los trastornos del sue\u00f1o es una parte importante de la terapia del Parkinson y puede mejorar significativamente la calidad de vida. Un estudio con opicapona mostr\u00f3 una mejora cl\u00ednicamente significativa de la calidad del sue\u00f1o y una marcada reducci\u00f3n del tiempo OFF.  <\/strong><\/p>\n\n<div class=\"pmpro\"><div class=\"pmpro_card pmpro_content_message\"><div class=\"pmpro_card_content\">Dieser Inhalt ist nur f\u00fcr Benutzer der Gruppe: Medizinische Fachperson zug\u00e4nglich <br \/><a href=\"https:\/\/medizinonline.com\/es\/mi-cuenta\/paquetes\/\">Jetzt beitreten<\/a><\/div><div class=\"pmpro_card_actions pmpro_font-medium\">\u00bfYa eres miembro? <a href=\"https:\/\/medizinonline.com\/es\/conectarse\/?redirect_to=https%3A%2F%2Fmedizinonline.com%2Fes%2Fopicapon-doble-beneficio-para-la-funcion-motora-y-el-sueno-en-la-enfermedad-de-parkinson%2F\">Accede aqu\u00ed<\/a><\/div><\/div><\/div>","protected":false},"excerpt":{"rendered":"<p>Los trastornos del sue\u00f1o son uno de los s\u00edntomas no motores m\u00e1s comunes del Parkinson. El tratamiento espec\u00edfico de los trastornos del sue\u00f1o es una parte importante de la terapia&#8230;&hellip;... <\/p>\n<div class=\"pmpro\"><div class=\"pmpro_card pmpro_content_message\"><div class=\"pmpro_card_content\">Dieser Inhalt ist nur f\u00fcr Benutzer der Gruppe: Medizinische Fachperson zug\u00e4nglich <br \/><a href=\"https:\/\/medizinonline.com\/es\/mi-cuenta\/paquetes\/\">Jetzt beitreten<\/a><\/div><div class=\"pmpro_card_actions pmpro_font-medium\">\u00bfYa eres miembro? <a href=\"https:\/\/medizinonline.com\/es\/conectarse\/?redirect_to=https%3A%2F%2Fmedizinonline.com%2Fes%2Fopicapon-doble-beneficio-para-la-funcion-motora-y-el-sueno-en-la-enfermedad-de-parkinson%2F\">Accede aqu\u00ed<\/a><\/div><\/div><\/div>","protected":false},"author":7,"featured_media":410959,"comment_status":"closed","ping_status":"closed","sticky":false,"template":"","format":"standard","meta":{"_acf_changed":false,"pmpro_default_level":"","cat_1_feature_home_top":false,"cat_2_editor_pick":false,"csco_eyebrow_text":"","footnotes":""},"category":[11475,11408,11478,11316,11328,11552],"tags":[39136,11759,20722],"powerkit_post_featured":[],"class_list":["post-410957","post","type-post","status-publish","format-standard","has-post-thumbnail","category-estudios","category-farmacologia-y-toxicologia","category-formacion-continua","category-geriatria","category-neurologia","category-rx-es","tag-opicapon-es","tag-parkinson-es","tag-trastorno-del-sueno","pmpro-level-required","pmpro-level-1","pmpro-no-access"],"acf":[],"publishpress_future_action":{"enabled":false,"date":"2026-05-02 06:37:58","action":"change-status","newStatus":"draft","terms":[],"taxonomy":"category","extraData":[]},"publishpress_future_workflow_manual_trigger":{"enabledWorkflows":[]},"wpml_current_locale":"es_ES","wpml_translations":[],"_links":{"self":[{"href":"https:\/\/medizinonline.com\/es\/wp-json\/wp\/v2\/posts\/410957","targetHints":{"allow":["GET"]}}],"collection":[{"href":"https:\/\/medizinonline.com\/es\/wp-json\/wp\/v2\/posts"}],"about":[{"href":"https:\/\/medizinonline.com\/es\/wp-json\/wp\/v2\/types\/post"}],"author":[{"embeddable":true,"href":"https:\/\/medizinonline.com\/es\/wp-json\/wp\/v2\/users\/7"}],"replies":[{"embeddable":true,"href":"https:\/\/medizinonline.com\/es\/wp-json\/wp\/v2\/comments?post=410957"}],"version-history":[{"count":1,"href":"https:\/\/medizinonline.com\/es\/wp-json\/wp\/v2\/posts\/410957\/revisions"}],"predecessor-version":[{"id":410960,"href":"https:\/\/medizinonline.com\/es\/wp-json\/wp\/v2\/posts\/410957\/revisions\/410960"}],"wp:featuredmedia":[{"embeddable":true,"href":"https:\/\/medizinonline.com\/es\/wp-json\/wp\/v2\/media\/410959"}],"wp:attachment":[{"href":"https:\/\/medizinonline.com\/es\/wp-json\/wp\/v2\/media?parent=410957"}],"wp:term":[{"taxonomy":"category","embeddable":true,"href":"https:\/\/medizinonline.com\/es\/wp-json\/wp\/v2\/category?post=410957"},{"taxonomy":"post_tag","embeddable":true,"href":"https:\/\/medizinonline.com\/es\/wp-json\/wp\/v2\/tags?post=410957"},{"taxonomy":"powerkit_post_featured","embeddable":true,"href":"https:\/\/medizinonline.com\/es\/wp-json\/wp\/v2\/powerkit_post_featured?post=410957"}],"curies":[{"name":"wp","href":"https:\/\/api.w.org\/{rel}","templated":true}]}}