{"id":411352,"date":"2025-11-12T13:30:00","date_gmt":"2025-11-12T12:30:00","guid":{"rendered":"https:\/\/medizinonline.com\/del-trastorno-de-la-barrera-cutanea-a-la-marcha-atopica\/"},"modified":"2025-11-12T14:35:43","modified_gmt":"2025-11-12T13:35:43","slug":"del-trastorno-de-la-barrera-cutanea-a-la-marcha-atopica","status":"publish","type":"post","link":"https:\/\/medizinonline.com\/es\/del-trastorno-de-la-barrera-cutanea-a-la-marcha-atopica\/","title":{"rendered":"\u00bfDel trastorno de la barrera cut\u00e1nea a la marcha at\u00f3pica?"},"content":{"rendered":"\n<p><strong>Un inicio precoz y un curso persistente de la dermatitis at\u00f3pica son los factores que mejor predicen la marcha at\u00f3pica. Los nuevos m\u00e9todos de diagn\u00f3stico, como la espectroscopia de impedancia el\u00e9ctrica y el an\u00e1lisis de biomarcadores a partir de tiras de esparadrapo, ofrecen la posibilidad de detectar un trastorno de la barrera de forma precoz y no invasiva, incluso antes de que aparezcan los s\u00edntomas cl\u00ednicos. Los enfoques terap\u00e9uticos que no s\u00f3lo controlan la inflamaci\u00f3n sino que tambi\u00e9n restauran activamente la funci\u00f3n de barrera podr\u00edan tener un impacto positivo duradero en el curso de las enfermedades al\u00e9rgicas, como han demostrado estudios recientes.  <\/strong><\/p>\n\n<div class=\"pmpro\"><div class=\"pmpro_card pmpro_content_message\"><div class=\"pmpro_card_content\">Dieser Inhalt ist nur f\u00fcr Benutzer der Gruppe: Medizinische Fachperson zug\u00e4nglich <br \/><a href=\"https:\/\/medizinonline.com\/es\/mi-cuenta\/paquetes\/\">Jetzt beitreten<\/a><\/div><div class=\"pmpro_card_actions pmpro_font-medium\">\u00bfYa eres miembro? <a href=\"https:\/\/medizinonline.com\/es\/conectarse\/?redirect_to=https%3A%2F%2Fmedizinonline.com%2Fes%2Fdel-trastorno-de-la-barrera-cutanea-a-la-marcha-atopica%2F\">Accede aqu\u00ed<\/a><\/div><\/div><\/div>","protected":false},"excerpt":{"rendered":"<p>Un inicio precoz y un curso persistente de la dermatitis at\u00f3pica son los factores que mejor predicen la marcha at\u00f3pica. Los nuevos m\u00e9todos de diagn\u00f3stico, como la espectroscopia de impedancia&#8230;&hellip;... <\/p>\n<div class=\"pmpro\"><div class=\"pmpro_card pmpro_content_message\"><div class=\"pmpro_card_content\">Dieser Inhalt ist nur f\u00fcr Benutzer der Gruppe: Medizinische Fachperson zug\u00e4nglich <br \/><a href=\"https:\/\/medizinonline.com\/es\/mi-cuenta\/paquetes\/\">Jetzt beitreten<\/a><\/div><div class=\"pmpro_card_actions pmpro_font-medium\">\u00bfYa eres miembro? <a href=\"https:\/\/medizinonline.com\/es\/conectarse\/?redirect_to=https%3A%2F%2Fmedizinonline.com%2Fes%2Fdel-trastorno-de-la-barrera-cutanea-a-la-marcha-atopica%2F\">Accede aqu\u00ed<\/a><\/div><\/div><\/div>","protected":false},"author":7,"featured_media":411353,"comment_status":"closed","ping_status":"closed","sticky":false,"template":"","format":"standard","meta":{"_acf_changed":false,"pmpro_default_level":"","cat_1_feature_home_top":false,"cat_2_editor_pick":false,"csco_eyebrow_text":"Dermatitis at\u00f3pica","footnotes":""},"category":[11298,11310,11483,11475,11372,11552],"tags":[],"powerkit_post_featured":[],"class_list":["post-411352","post","type-post","status-publish","format-standard","has-post-thumbnail","category-alergologia-e-inmunologia-clinica","category-dermatologia-y-venereologia","category-el-congreso-informa","category-estudios","category-infectologia","category-rx-es","pmpro-level-required","pmpro-level-1","pmpro-no-access"],"acf":[],"publishpress_future_action":{"enabled":false,"date":"2026-05-07 04:08:56","action":"change-status","newStatus":"draft","terms":[],"taxonomy":"category","extraData":[]},"publishpress_future_workflow_manual_trigger":{"enabledWorkflows":[]},"wpml_current_locale":"es_ES","wpml_translations":[],"_links":{"self":[{"href":"https:\/\/medizinonline.com\/es\/wp-json\/wp\/v2\/posts\/411352","targetHints":{"allow":["GET"]}}],"collection":[{"href":"https:\/\/medizinonline.com\/es\/wp-json\/wp\/v2\/posts"}],"about":[{"href":"https:\/\/medizinonline.com\/es\/wp-json\/wp\/v2\/types\/post"}],"author":[{"embeddable":true,"href":"https:\/\/medizinonline.com\/es\/wp-json\/wp\/v2\/users\/7"}],"replies":[{"embeddable":true,"href":"https:\/\/medizinonline.com\/es\/wp-json\/wp\/v2\/comments?post=411352"}],"version-history":[{"count":1,"href":"https:\/\/medizinonline.com\/es\/wp-json\/wp\/v2\/posts\/411352\/revisions"}],"predecessor-version":[{"id":411356,"href":"https:\/\/medizinonline.com\/es\/wp-json\/wp\/v2\/posts\/411352\/revisions\/411356"}],"wp:featuredmedia":[{"embeddable":true,"href":"https:\/\/medizinonline.com\/es\/wp-json\/wp\/v2\/media\/411353"}],"wp:attachment":[{"href":"https:\/\/medizinonline.com\/es\/wp-json\/wp\/v2\/media?parent=411352"}],"wp:term":[{"taxonomy":"category","embeddable":true,"href":"https:\/\/medizinonline.com\/es\/wp-json\/wp\/v2\/category?post=411352"},{"taxonomy":"post_tag","embeddable":true,"href":"https:\/\/medizinonline.com\/es\/wp-json\/wp\/v2\/tags?post=411352"},{"taxonomy":"powerkit_post_featured","embeddable":true,"href":"https:\/\/medizinonline.com\/es\/wp-json\/wp\/v2\/powerkit_post_featured?post=411352"}],"curies":[{"name":"wp","href":"https:\/\/api.w.org\/{rel}","templated":true}]}}