{"id":411450,"date":"2025-12-09T00:30:00","date_gmt":"2025-12-08T23:30:00","guid":{"rendered":"https:\/\/medizinonline.com\/acceso-a-los-medicamentos-cual-es-la-situacion-de-suiza-en-europa\/"},"modified":"2025-12-08T21:06:47","modified_gmt":"2025-12-08T20:06:47","slug":"acceso-a-los-medicamentos-cual-es-la-situacion-de-suiza-en-europa","status":"publish","type":"post","link":"https:\/\/medizinonline.com\/es\/acceso-a-los-medicamentos-cual-es-la-situacion-de-suiza-en-europa\/","title":{"rendered":"Acceso a los medicamentos: \u00bfcu\u00e1l es la situaci\u00f3n de Suiza en Europa?"},"content":{"rendered":"\n<p><strong>Seg\u00fan un importante estudio internacional, Suiza ha vuelto a quedar por detr\u00e1s de otros pa\u00edses europeos en cuanto al acceso a nuevos medicamentos innovadores, pasando del sexto al s\u00e9ptimo puesto. Especialmente preocupante es el hecho de que, en comparaci\u00f3n con Alemania, s\u00f3lo la mitad de los nuevos medicamentos innovadores se reembolsan de forma est\u00e1ndar a trav\u00e9s de la lista de especialidades. <\/strong><\/p>\n\n<div class=\"pmpro\"><div class=\"pmpro_card pmpro_content_message\"><div class=\"pmpro_card_content\">Dieser Inhalt ist nur f\u00fcr Benutzer der Gruppe: Medizinische Fachperson zug\u00e4nglich <br \/><a href=\"https:\/\/medizinonline.com\/es\/mi-cuenta\/paquetes\/\">Jetzt beitreten<\/a><\/div><div class=\"pmpro_card_actions pmpro_font-medium\">\u00bfYa eres miembro? <a href=\"https:\/\/medizinonline.com\/es\/conectarse\/?redirect_to=https%3A%2F%2Fmedizinonline.com%2Fes%2Facceso-a-los-medicamentos-cual-es-la-situacion-de-suiza-en-europa%2F\">Accede aqu\u00ed<\/a><\/div><\/div><\/div>","protected":false},"excerpt":{"rendered":"<p>Seg\u00fan un importante estudio internacional, Suiza ha vuelto a quedar por detr\u00e1s de otros pa\u00edses europeos en cuanto al acceso a nuevos medicamentos innovadores, pasando del sexto al s\u00e9ptimo puesto&#8230;.&hellip;... <\/p>\n<div class=\"pmpro\"><div class=\"pmpro_card pmpro_content_message\"><div class=\"pmpro_card_content\">Dieser Inhalt ist nur f\u00fcr Benutzer der Gruppe: Medizinische Fachperson zug\u00e4nglich <br \/><a href=\"https:\/\/medizinonline.com\/es\/mi-cuenta\/paquetes\/\">Jetzt beitreten<\/a><\/div><div class=\"pmpro_card_actions pmpro_font-medium\">\u00bfYa eres miembro? <a href=\"https:\/\/medizinonline.com\/es\/conectarse\/?redirect_to=https%3A%2F%2Fmedizinonline.com%2Fes%2Facceso-a-los-medicamentos-cual-es-la-situacion-de-suiza-en-europa%2F\">Accede aqu\u00ed<\/a><\/div><\/div><\/div>","protected":false},"author":7,"featured_media":411452,"comment_status":"closed","ping_status":"closed","sticky":false,"template":"","format":"standard","meta":{"_acf_changed":false,"pmpro_default_level":"","cat_1_feature_home_top":false,"cat_2_editor_pick":false,"csco_eyebrow_text":"\"Indicador de Pacientes W.A.I.T\"  ","footnotes":""},"category":[11475,11509,11288,11430,11552],"tags":[37078,55055,85978,13369,11991,85979],"powerkit_post_featured":[],"class_list":["post-411450","post","type-post","status-publish","format-standard","has-post-thumbnail","category-estudios","category-gestion-de-la-practica","category-medicina-interna-general","category-prevencion-y-asistencia-sanitaria","category-rx-es","tag-acceda-a","tag-comparacion","tag-en-toda-europa","tag-gestion-de-la-practica","tag-medicamentos-es","tag-pacientes-w-a-i-t-indicador","pmpro-level-required","pmpro-level-1","pmpro-no-access"],"acf":[],"publishpress_future_action":{"enabled":false,"date":"2026-05-08 22:27:32","action":"change-status","newStatus":"draft","terms":[],"taxonomy":"category","extraData":[]},"publishpress_future_workflow_manual_trigger":{"enabledWorkflows":[]},"wpml_current_locale":"es_ES","wpml_translations":[],"_links":{"self":[{"href":"https:\/\/medizinonline.com\/es\/wp-json\/wp\/v2\/posts\/411450","targetHints":{"allow":["GET"]}}],"collection":[{"href":"https:\/\/medizinonline.com\/es\/wp-json\/wp\/v2\/posts"}],"about":[{"href":"https:\/\/medizinonline.com\/es\/wp-json\/wp\/v2\/types\/post"}],"author":[{"embeddable":true,"href":"https:\/\/medizinonline.com\/es\/wp-json\/wp\/v2\/users\/7"}],"replies":[{"embeddable":true,"href":"https:\/\/medizinonline.com\/es\/wp-json\/wp\/v2\/comments?post=411450"}],"version-history":[{"count":1,"href":"https:\/\/medizinonline.com\/es\/wp-json\/wp\/v2\/posts\/411450\/revisions"}],"predecessor-version":[{"id":411453,"href":"https:\/\/medizinonline.com\/es\/wp-json\/wp\/v2\/posts\/411450\/revisions\/411453"}],"wp:featuredmedia":[{"embeddable":true,"href":"https:\/\/medizinonline.com\/es\/wp-json\/wp\/v2\/media\/411452"}],"wp:attachment":[{"href":"https:\/\/medizinonline.com\/es\/wp-json\/wp\/v2\/media?parent=411450"}],"wp:term":[{"taxonomy":"category","embeddable":true,"href":"https:\/\/medizinonline.com\/es\/wp-json\/wp\/v2\/category?post=411450"},{"taxonomy":"post_tag","embeddable":true,"href":"https:\/\/medizinonline.com\/es\/wp-json\/wp\/v2\/tags?post=411450"},{"taxonomy":"powerkit_post_featured","embeddable":true,"href":"https:\/\/medizinonline.com\/es\/wp-json\/wp\/v2\/powerkit_post_featured?post=411450"}],"curies":[{"name":"wp","href":"https:\/\/api.w.org\/{rel}","templated":true}]}}