{"id":411485,"date":"2025-11-20T13:30:00","date_gmt":"2025-11-20T12:30:00","guid":{"rendered":"https:\/\/medizinonline.com\/?p=411485"},"modified":"2025-11-20T14:29:46","modified_gmt":"2025-11-20T13:29:46","slug":"pan-jak-i-topico-frente-a-retinoide-sistemico-estudio-comparativo","status":"publish","type":"post","link":"https:\/\/medizinonline.com\/es\/pan-jak-i-topico-frente-a-retinoide-sistemico-estudio-comparativo\/","title":{"rendered":"Pan-JAK-i t\u00f3pico frente a retinoide sist\u00e9mico: estudio comparativo"},"content":{"rendered":"\n<p><strong>La alitretino\u00edna es actualmente el \u00fanico tratamiento sist\u00e9mico autorizado para el eccema cr\u00f3nico grave de las manos cuando los pacientes no responden adecuadamente a los corticosteroides t\u00f3picos. El inhibidor t\u00f3pico de la pan-Janus quinasa (JAK) delgocitinib est\u00e1 ahora tambi\u00e9n disponible como opci\u00f3n de escalada adicional para estos casos. En el estudio DELTA-FORCE se compararon directamente las dos opciones de tratamiento, y el delgocitinib demostr\u00f3 ser superior.  <\/strong><\/p>\n\n<div class=\"pmpro\"><div class=\"pmpro_card pmpro_content_message\"><div class=\"pmpro_card_content\">Dieser Inhalt ist nur f\u00fcr Benutzer der Gruppe: Medizinische Fachperson zug\u00e4nglich <br \/><a href=\"https:\/\/medizinonline.com\/es\/mi-cuenta\/paquetes\/\">Jetzt beitreten<\/a><\/div><div class=\"pmpro_card_actions pmpro_font-medium\">\u00bfYa eres miembro? <a href=\"https:\/\/medizinonline.com\/es\/conectarse\/?redirect_to=https%3A%2F%2Fmedizinonline.com%2Fes%2Fpan-jak-i-topico-frente-a-retinoide-sistemico-estudio-comparativo%2F\">Accede aqu\u00ed<\/a><\/div><\/div><\/div>","protected":false},"excerpt":{"rendered":"<p>La alitretino\u00edna es actualmente el \u00fanico tratamiento sist\u00e9mico autorizado para el eccema cr\u00f3nico grave de las manos cuando los pacientes no responden adecuadamente a los corticosteroides t\u00f3picos. El inhibidor t\u00f3pico&#8230;&hellip;... <\/p>\n<div class=\"pmpro\"><div class=\"pmpro_card pmpro_content_message\"><div class=\"pmpro_card_content\">Dieser Inhalt ist nur f\u00fcr Benutzer der Gruppe: Medizinische Fachperson zug\u00e4nglich <br \/><a href=\"https:\/\/medizinonline.com\/es\/mi-cuenta\/paquetes\/\">Jetzt beitreten<\/a><\/div><div class=\"pmpro_card_actions pmpro_font-medium\">\u00bfYa eres miembro? <a href=\"https:\/\/medizinonline.com\/es\/conectarse\/?redirect_to=https%3A%2F%2Fmedizinonline.com%2Fes%2Fpan-jak-i-topico-frente-a-retinoide-sistemico-estudio-comparativo%2F\">Accede aqu\u00ed<\/a><\/div><\/div><\/div>","protected":false},"author":7,"featured_media":411486,"comment_status":"closed","ping_status":"closed","sticky":false,"template":"","format":"standard","meta":{"_acf_changed":false,"pmpro_default_level":"","cat_1_feature_home_top":false,"cat_2_editor_pick":false,"csco_eyebrow_text":"Eccema cr\u00f3nico de las manos  ","footnotes":""},"category":[11298,11310,11475,11478,11372,11552],"tags":[82426,80579,85999,33021,85997,85998,14397],"powerkit_post_featured":[],"class_list":["post-411485","post","type-post","status-publish","format-standard","has-post-thumbnail","category-alergologia-e-inmunologia-clinica","category-dermatologia-y-venereologia","category-estudios","category-formacion-continua","category-infectologia","category-rx-es","tag-anzupgo-es","tag-delgocitinib-es","tag-delta-force","tag-eczema-cronico-de-manos","tag-estudio-cara-a-cara","tag-retinoide-sistemico","tag-topico-es","pmpro-level-required","pmpro-level-1","pmpro-no-access"],"acf":[],"publishpress_future_action":{"enabled":false,"date":"2026-05-06 17:27:40","action":"change-status","newStatus":"draft","terms":[],"taxonomy":"category","extraData":[]},"publishpress_future_workflow_manual_trigger":{"enabledWorkflows":[]},"wpml_current_locale":"es_ES","wpml_translations":[],"_links":{"self":[{"href":"https:\/\/medizinonline.com\/es\/wp-json\/wp\/v2\/posts\/411485","targetHints":{"allow":["GET"]}}],"collection":[{"href":"https:\/\/medizinonline.com\/es\/wp-json\/wp\/v2\/posts"}],"about":[{"href":"https:\/\/medizinonline.com\/es\/wp-json\/wp\/v2\/types\/post"}],"author":[{"embeddable":true,"href":"https:\/\/medizinonline.com\/es\/wp-json\/wp\/v2\/users\/7"}],"replies":[{"embeddable":true,"href":"https:\/\/medizinonline.com\/es\/wp-json\/wp\/v2\/comments?post=411485"}],"version-history":[{"count":1,"href":"https:\/\/medizinonline.com\/es\/wp-json\/wp\/v2\/posts\/411485\/revisions"}],"predecessor-version":[{"id":411487,"href":"https:\/\/medizinonline.com\/es\/wp-json\/wp\/v2\/posts\/411485\/revisions\/411487"}],"wp:featuredmedia":[{"embeddable":true,"href":"https:\/\/medizinonline.com\/es\/wp-json\/wp\/v2\/media\/411486"}],"wp:attachment":[{"href":"https:\/\/medizinonline.com\/es\/wp-json\/wp\/v2\/media?parent=411485"}],"wp:term":[{"taxonomy":"category","embeddable":true,"href":"https:\/\/medizinonline.com\/es\/wp-json\/wp\/v2\/category?post=411485"},{"taxonomy":"post_tag","embeddable":true,"href":"https:\/\/medizinonline.com\/es\/wp-json\/wp\/v2\/tags?post=411485"},{"taxonomy":"powerkit_post_featured","embeddable":true,"href":"https:\/\/medizinonline.com\/es\/wp-json\/wp\/v2\/powerkit_post_featured?post=411485"}],"curies":[{"name":"wp","href":"https:\/\/api.w.org\/{rel}","templated":true}]}}