{"id":411829,"date":"2025-11-05T00:30:00","date_gmt":"2025-11-04T23:30:00","guid":{"rendered":"https:\/\/medizinonline.com\/?p=411829"},"modified":"2025-11-03T12:03:48","modified_gmt":"2025-11-03T11:03:48","slug":"la-consideracion-del-microentorno-tumoral-abre-nuevas-opciones-de-tratamiento","status":"publish","type":"post","link":"https:\/\/medizinonline.com\/es\/la-consideracion-del-microentorno-tumoral-abre-nuevas-opciones-de-tratamiento\/","title":{"rendered":"La consideraci\u00f3n del microentorno tumoral abre nuevas opciones de tratamiento"},"content":{"rendered":"\n<p><strong>Los gliomas de bajo grado se encuentran entre los tumores cerebrales primarios m\u00e1s frecuentes en la infancia y pueden afectar a los pacientes de por vida, por lo que un diagn\u00f3stico precoz que tenga en cuenta el microentorno tumoral reviste una importancia significativa. Un estudio internacional publicado en 2025, en el que los investigadores utilizaron la citometr\u00eda de masas por imagen para examinar m\u00e1s de 100 muestras tumorales a nivel unicelular, revel\u00f3 nuevos enfoques terap\u00e9uticos con la combinaci\u00f3n potencial de bloquear el receptor de punto de control inmunitario TIM-3 expresado en las c\u00e9lulas mieloides e inhibir la v\u00eda de se\u00f1alizaci\u00f3n MAPK. <\/strong><\/p>\n\n<div class=\"pmpro\"><div class=\"pmpro_card pmpro_content_message\"><div class=\"pmpro_card_content\">Dieser Inhalt ist nur f\u00fcr Benutzer der Gruppe: Medizinische Fachperson zug\u00e4nglich <br \/><a href=\"https:\/\/medizinonline.com\/es\/mi-cuenta\/paquetes\/\">Jetzt beitreten<\/a><\/div><div class=\"pmpro_card_actions pmpro_font-medium\">\u00bfYa eres miembro? <a href=\"https:\/\/medizinonline.com\/es\/conectarse\/?redirect_to=https%3A%2F%2Fmedizinonline.com%2Fes%2Fla-consideracion-del-microentorno-tumoral-abre-nuevas-opciones-de-tratamiento%2F\">Accede aqu\u00ed<\/a><\/div><\/div><\/div>","protected":false},"excerpt":{"rendered":"<p>Los gliomas de bajo grado se encuentran entre los tumores cerebrales primarios m\u00e1s frecuentes en la infancia y pueden afectar a los pacientes de por vida, por lo que un&#8230;&hellip;... <\/p>\n<div class=\"pmpro\"><div class=\"pmpro_card pmpro_content_message\"><div class=\"pmpro_card_content\">Dieser Inhalt ist nur f\u00fcr Benutzer der Gruppe: Medizinische Fachperson zug\u00e4nglich <br \/><a href=\"https:\/\/medizinonline.com\/es\/mi-cuenta\/paquetes\/\">Jetzt beitreten<\/a><\/div><div class=\"pmpro_card_actions pmpro_font-medium\">\u00bfYa eres miembro? <a href=\"https:\/\/medizinonline.com\/es\/conectarse\/?redirect_to=https%3A%2F%2Fmedizinonline.com%2Fes%2Fla-consideracion-del-microentorno-tumoral-abre-nuevas-opciones-de-tratamiento%2F\">Accede aqu\u00ed<\/a><\/div><\/div><\/div>","protected":false},"author":7,"featured_media":411834,"comment_status":"closed","ping_status":"closed","sticky":false,"template":"","format":"standard","meta":{"_acf_changed":false,"pmpro_default_level":"","cat_1_feature_home_top":false,"cat_2_editor_pick":false,"csco_eyebrow_text":"Gliomas pedi\u00e1tricos de bajo grado","footnotes":""},"category":[11346,22619,11328,11336,11402,11552],"tags":[86133,75850,86124,86132,86127,86130],"powerkit_post_featured":[],"class_list":["post-411829","post","type-post","status-publish","format-standard","has-post-thumbnail","category-cirugia","category-formacion-cme","category-neurologia","category-oncologia","category-pediatria","category-rx-es","tag-bloqueo-tim-3","tag-citometria-de-masas","tag-gliomas-pediatricos-de-bajo-grado","tag-inhibicion-de-la-via-de-senalizacion-makp","tag-microambiente-tumoral","tag-sistema-nervioso-central-2","pmpro-level-required","pmpro-level-1","pmpro-no-access"],"acf":[],"publishpress_future_action":{"enabled":false,"date":"2026-05-06 03:46:33","action":"change-status","newStatus":"draft","terms":[],"taxonomy":"category","extraData":[]},"publishpress_future_workflow_manual_trigger":{"enabledWorkflows":[]},"wpml_current_locale":"es_ES","wpml_translations":[],"_links":{"self":[{"href":"https:\/\/medizinonline.com\/es\/wp-json\/wp\/v2\/posts\/411829","targetHints":{"allow":["GET"]}}],"collection":[{"href":"https:\/\/medizinonline.com\/es\/wp-json\/wp\/v2\/posts"}],"about":[{"href":"https:\/\/medizinonline.com\/es\/wp-json\/wp\/v2\/types\/post"}],"author":[{"embeddable":true,"href":"https:\/\/medizinonline.com\/es\/wp-json\/wp\/v2\/users\/7"}],"replies":[{"embeddable":true,"href":"https:\/\/medizinonline.com\/es\/wp-json\/wp\/v2\/comments?post=411829"}],"version-history":[{"count":1,"href":"https:\/\/medizinonline.com\/es\/wp-json\/wp\/v2\/posts\/411829\/revisions"}],"predecessor-version":[{"id":411837,"href":"https:\/\/medizinonline.com\/es\/wp-json\/wp\/v2\/posts\/411829\/revisions\/411837"}],"wp:featuredmedia":[{"embeddable":true,"href":"https:\/\/medizinonline.com\/es\/wp-json\/wp\/v2\/media\/411834"}],"wp:attachment":[{"href":"https:\/\/medizinonline.com\/es\/wp-json\/wp\/v2\/media?parent=411829"}],"wp:term":[{"taxonomy":"category","embeddable":true,"href":"https:\/\/medizinonline.com\/es\/wp-json\/wp\/v2\/category?post=411829"},{"taxonomy":"post_tag","embeddable":true,"href":"https:\/\/medizinonline.com\/es\/wp-json\/wp\/v2\/tags?post=411829"},{"taxonomy":"powerkit_post_featured","embeddable":true,"href":"https:\/\/medizinonline.com\/es\/wp-json\/wp\/v2\/powerkit_post_featured?post=411829"}],"curies":[{"name":"wp","href":"https:\/\/api.w.org\/{rel}","templated":true}]}}