{"id":449482,"date":"2026-01-07T00:30:00","date_gmt":"2026-01-06T23:30:00","guid":{"rendered":"https:\/\/medizinonline.com\/nuevo-indicador-medicacion-para-la-regulacion-del-peso\/"},"modified":"2026-01-06T22:01:32","modified_gmt":"2026-01-06T21:01:32","slug":"nuevo-indicador-medicacion-para-la-regulacion-del-peso","status":"publish","type":"post","link":"https:\/\/medizinonline.com\/es\/nuevo-indicador-medicacion-para-la-regulacion-del-peso\/","title":{"rendered":"Nuevo indicador: medicaci\u00f3n para la regulaci\u00f3n del peso"},"content":{"rendered":"\n<p><strong>El atlas sanitario elaborado bajo los auspicios de Obsan documenta y visualiza la frecuencia de los tratamientos y diagn\u00f3sticos m\u00e9dicos entre cantones, regiones, grupos de edad y a lo largo del tiempo. Esto proporciona una buena base para un debate basado en pruebas sobre las causas de las diferencias regionales en la atenci\u00f3n sanitaria. El atlas se actualiza de forma continua; adem\u00e1s, en junio se a\u00f1adi\u00f3 un nuevo indicador sobre la medicaci\u00f3n para el control del peso.  <\/strong><\/p>\n\n<div class=\"pmpro\"><div class=\"pmpro_card pmpro_content_message\"><div class=\"pmpro_card_content\">Dieser Inhalt ist nur f\u00fcr Benutzer der Gruppe: Medizinische Fachperson zug\u00e4nglich <br \/><a href=\"https:\/\/medizinonline.com\/es\/mi-cuenta\/paquetes\/\">Jetzt beitreten<\/a><\/div><div class=\"pmpro_card_actions pmpro_font-medium\">\u00bfYa eres miembro? <a href=\"https:\/\/medizinonline.com\/es\/conectarse\/?redirect_to=https%3A%2F%2Fmedizinonline.com%2Fes%2Fnuevo-indicador-medicacion-para-la-regulacion-del-peso%2F\">Accede aqu\u00ed<\/a><\/div><\/div><\/div>","protected":false},"excerpt":{"rendered":"<p>El atlas sanitario elaborado bajo los auspicios de Obsan documenta y visualiza la frecuencia de los tratamientos y diagn\u00f3sticos m\u00e9dicos entre cantones, regiones, grupos de edad y a lo largo&#8230;&hellip;... <\/p>\n<div class=\"pmpro\"><div class=\"pmpro_card pmpro_content_message\"><div class=\"pmpro_card_content\">Dieser Inhalt ist nur f\u00fcr Benutzer der Gruppe: Medizinische Fachperson zug\u00e4nglich <br \/><a href=\"https:\/\/medizinonline.com\/es\/mi-cuenta\/paquetes\/\">Jetzt beitreten<\/a><\/div><div class=\"pmpro_card_actions pmpro_font-medium\">\u00bfYa eres miembro? <a href=\"https:\/\/medizinonline.com\/es\/conectarse\/?redirect_to=https%3A%2F%2Fmedizinonline.com%2Fes%2Fnuevo-indicador-medicacion-para-la-regulacion-del-peso%2F\">Accede aqu\u00ed<\/a><\/div><\/div><\/div>","protected":false},"author":7,"featured_media":449483,"comment_status":"closed","ping_status":"closed","sticky":false,"template":"","format":"standard","meta":{"_acf_changed":false,"pmpro_default_level":"","cat_1_feature_home_top":false,"cat_2_editor_pick":false,"csco_eyebrow_text":"\"Atlas sanitario suizo\"","footnotes":""},"category":[11352,11509,11430,11552],"tags":[12458,26521],"powerkit_post_featured":[],"class_list":["post-449482","post","type-post","status-publish","format-standard","has-post-thumbnail","category-endocrinologia-y-diabetologia","category-gestion-de-la-practica","category-prevencion-y-asistencia-sanitaria","category-rx-es","tag-obesidad","tag-obsan-es","pmpro-level-required","pmpro-level-1","pmpro-no-access"],"acf":[],"publishpress_future_action":{"enabled":false,"date":"2026-05-03 07:25:20","action":"change-status","newStatus":"draft","terms":[],"taxonomy":"category","extraData":[]},"publishpress_future_workflow_manual_trigger":{"enabledWorkflows":[]},"wpml_current_locale":"es_ES","wpml_translations":[],"_links":{"self":[{"href":"https:\/\/medizinonline.com\/es\/wp-json\/wp\/v2\/posts\/449482","targetHints":{"allow":["GET"]}}],"collection":[{"href":"https:\/\/medizinonline.com\/es\/wp-json\/wp\/v2\/posts"}],"about":[{"href":"https:\/\/medizinonline.com\/es\/wp-json\/wp\/v2\/types\/post"}],"author":[{"embeddable":true,"href":"https:\/\/medizinonline.com\/es\/wp-json\/wp\/v2\/users\/7"}],"replies":[{"embeddable":true,"href":"https:\/\/medizinonline.com\/es\/wp-json\/wp\/v2\/comments?post=449482"}],"version-history":[{"count":3,"href":"https:\/\/medizinonline.com\/es\/wp-json\/wp\/v2\/posts\/449482\/revisions"}],"predecessor-version":[{"id":449508,"href":"https:\/\/medizinonline.com\/es\/wp-json\/wp\/v2\/posts\/449482\/revisions\/449508"}],"wp:featuredmedia":[{"embeddable":true,"href":"https:\/\/medizinonline.com\/es\/wp-json\/wp\/v2\/media\/449483"}],"wp:attachment":[{"href":"https:\/\/medizinonline.com\/es\/wp-json\/wp\/v2\/media?parent=449482"}],"wp:term":[{"taxonomy":"category","embeddable":true,"href":"https:\/\/medizinonline.com\/es\/wp-json\/wp\/v2\/category?post=449482"},{"taxonomy":"post_tag","embeddable":true,"href":"https:\/\/medizinonline.com\/es\/wp-json\/wp\/v2\/tags?post=449482"},{"taxonomy":"powerkit_post_featured","embeddable":true,"href":"https:\/\/medizinonline.com\/es\/wp-json\/wp\/v2\/powerkit_post_featured?post=449482"}],"curies":[{"name":"wp","href":"https:\/\/api.w.org\/{rel}","templated":true}]}}