{"id":449821,"date":"2026-01-15T00:30:00","date_gmt":"2026-01-14T23:30:00","guid":{"rendered":"https:\/\/medizinonline.com\/tratamiento-individualizado-de-los-sintomas-motores-y-no-motores\/"},"modified":"2026-01-14T21:19:00","modified_gmt":"2026-01-14T20:19:00","slug":"tratamiento-individualizado-de-los-sintomas-motores-y-no-motores","status":"publish","type":"post","link":"https:\/\/medizinonline.com\/es\/tratamiento-individualizado-de-los-sintomas-motores-y-no-motores\/","title":{"rendered":"Tratamiento individualizado de los s\u00edntomas motores y no motores"},"content":{"rendered":"\n<p><strong>Los proveedores de atenci\u00f3n primaria son el punto central de contacto para la detecci\u00f3n precoz de la enfermedad de Parkinson, pero la colaboraci\u00f3n con los especialistas en neurolog\u00eda es esencial. El diagn\u00f3stico sigue realiz\u00e1ndose principalmente de forma cl\u00ednica. Para los pacientes que sufren fluctuaciones motoras a pesar de una medicaci\u00f3n oral optimizada, ahora se dispone de terapias innovadoras de intensificaci\u00f3n<br\/>. La investigaci\u00f3n tambi\u00e9n se est\u00e1 centrando en la clasificaci\u00f3n en diferentes subtipos de la enfermedad de Parkinson. Esto puede allanar el camino para estrategias de tratamiento personalizadas espec\u00edficas en el futuro.    <\/strong><\/p>\n\n<div class=\"pmpro\"><div class=\"pmpro_card pmpro_content_message\"><div class=\"pmpro_card_content\">Dieser Inhalt ist nur f\u00fcr Benutzer der Gruppe: Medizinische Fachperson zug\u00e4nglich <br \/><a href=\"https:\/\/medizinonline.com\/es\/mi-cuenta\/paquetes\/\">Jetzt beitreten<\/a><\/div><div class=\"pmpro_card_actions pmpro_font-medium\">\u00bfYa eres miembro? <a href=\"https:\/\/medizinonline.com\/es\/conectarse\/?redirect_to=https%3A%2F%2Fmedizinonline.com%2Fes%2Ftratamiento-individualizado-de-los-sintomas-motores-y-no-motores%2F\">Accede aqu\u00ed<\/a><\/div><\/div><\/div>","protected":false},"excerpt":{"rendered":"<p>Los proveedores de atenci\u00f3n primaria son el punto central de contacto para la detecci\u00f3n precoz de la enfermedad de Parkinson, pero la colaboraci\u00f3n con los especialistas en neurolog\u00eda es esencial&#8230;.&hellip;... <\/p>\n<div class=\"pmpro\"><div class=\"pmpro_card pmpro_content_message\"><div class=\"pmpro_card_content\">Dieser Inhalt ist nur f\u00fcr Benutzer der Gruppe: Medizinische Fachperson zug\u00e4nglich <br \/><a href=\"https:\/\/medizinonline.com\/es\/mi-cuenta\/paquetes\/\">Jetzt beitreten<\/a><\/div><div class=\"pmpro_card_actions pmpro_font-medium\">\u00bfYa eres miembro? <a href=\"https:\/\/medizinonline.com\/es\/conectarse\/?redirect_to=https%3A%2F%2Fmedizinonline.com%2Fes%2Ftratamiento-individualizado-de-los-sintomas-motores-y-no-motores%2F\">Accede aqu\u00ed<\/a><\/div><\/div><\/div>","protected":false},"author":7,"featured_media":449823,"comment_status":"closed","ping_status":"closed","sticky":false,"template":"","format":"standard","meta":{"_acf_changed":false,"pmpro_default_level":"","cat_1_feature_home_top":false,"cat_2_editor_pick":false,"csco_eyebrow_text":"La enfermedad de Parkinson: progresiva y cl\u00ednicamente heterog\u00e9nea  ","footnotes":""},"category":[11483,11475,11408,11316,11328,11552],"tags":[86969,12115,15999,15998,11759,61595,86970],"powerkit_post_featured":[],"class_list":["post-449821","post","type-post","status-publish","format-standard","has-post-thumbnail","category-el-congreso-informa","category-estudios","category-farmacologia-y-toxicologia","category-geriatria","category-neurologia","category-rx-es","tag-criterios-mds","tag-deteccion-precoz","tag-dopamina-es","tag-enfermedad-de-parkinson","tag-parkinson-es","tag-sintomas-no-motores","tag-terapias-de-intensificacion","pmpro-level-required","pmpro-level-1","pmpro-no-access"],"acf":[],"publishpress_future_action":{"enabled":false,"date":"2026-05-06 11:04:55","action":"change-status","newStatus":"draft","terms":[],"taxonomy":"category","extraData":[]},"publishpress_future_workflow_manual_trigger":{"enabledWorkflows":[]},"wpml_current_locale":"es_ES","wpml_translations":[],"_links":{"self":[{"href":"https:\/\/medizinonline.com\/es\/wp-json\/wp\/v2\/posts\/449821","targetHints":{"allow":["GET"]}}],"collection":[{"href":"https:\/\/medizinonline.com\/es\/wp-json\/wp\/v2\/posts"}],"about":[{"href":"https:\/\/medizinonline.com\/es\/wp-json\/wp\/v2\/types\/post"}],"author":[{"embeddable":true,"href":"https:\/\/medizinonline.com\/es\/wp-json\/wp\/v2\/users\/7"}],"replies":[{"embeddable":true,"href":"https:\/\/medizinonline.com\/es\/wp-json\/wp\/v2\/comments?post=449821"}],"version-history":[{"count":1,"href":"https:\/\/medizinonline.com\/es\/wp-json\/wp\/v2\/posts\/449821\/revisions"}],"predecessor-version":[{"id":449824,"href":"https:\/\/medizinonline.com\/es\/wp-json\/wp\/v2\/posts\/449821\/revisions\/449824"}],"wp:featuredmedia":[{"embeddable":true,"href":"https:\/\/medizinonline.com\/es\/wp-json\/wp\/v2\/media\/449823"}],"wp:attachment":[{"href":"https:\/\/medizinonline.com\/es\/wp-json\/wp\/v2\/media?parent=449821"}],"wp:term":[{"taxonomy":"category","embeddable":true,"href":"https:\/\/medizinonline.com\/es\/wp-json\/wp\/v2\/category?post=449821"},{"taxonomy":"post_tag","embeddable":true,"href":"https:\/\/medizinonline.com\/es\/wp-json\/wp\/v2\/tags?post=449821"},{"taxonomy":"powerkit_post_featured","embeddable":true,"href":"https:\/\/medizinonline.com\/es\/wp-json\/wp\/v2\/powerkit_post_featured?post=449821"}],"curies":[{"name":"wp","href":"https:\/\/api.w.org\/{rel}","templated":true}]}}