{"id":449880,"date":"2025-12-30T00:30:00","date_gmt":"2025-12-29T23:30:00","guid":{"rendered":"https:\/\/medizinonline.com\/el-consejo-federal-ha-decidido-modificar-la-uvg\/"},"modified":"2025-12-29T23:00:49","modified_gmt":"2025-12-29T22:00:49","slug":"el-consejo-federal-ha-decidido-modificar-la-uvg","status":"publish","type":"post","link":"https:\/\/medizinonline.com\/es\/el-consejo-federal-ha-decidido-modificar-la-uvg\/","title":{"rendered":"El Consejo Federal ha decidido modificar la UVG"},"content":{"rendered":"\n<p><strong>La financiaci\u00f3n de la Fundaci\u00f3n del Fondo de Compensaci\u00f3n para las V\u00edctimas del Amianto ha resultado cada vez m\u00e1s dif\u00edcil en los \u00faltimos a\u00f1os. Con el fin de asegurarlo a largo plazo, el Consejo Federal ha promulgado una enmienda a la Ley del Seguro de Accidentes (UVG). Gracias a ella, Suva podr\u00e1 contribuir a la financiaci\u00f3n a partir del 1 de enero de 2016, lo que antes no era posible por falta de base jur\u00eddica. Si a un paciente se le diagnostica una enfermedad del amianto relacionada con el trabajo, deber\u00e1 informarse a la compa\u00f1\u00eda de seguros de accidentes de su antiguo empleador.   <\/strong><\/p>\n\n<div class=\"pmpro\"><div class=\"pmpro_card pmpro_content_message\"><div class=\"pmpro_card_content\">Dieser Inhalt ist nur f\u00fcr Benutzer der Gruppe: Medizinische Fachperson zug\u00e4nglich <br \/><a href=\"https:\/\/medizinonline.com\/es\/mi-cuenta\/paquetes\/\">Jetzt beitreten<\/a><\/div><div class=\"pmpro_card_actions pmpro_font-medium\">\u00bfYa eres miembro? <a href=\"https:\/\/medizinonline.com\/es\/conectarse\/?redirect_to=https%3A%2F%2Fmedizinonline.com%2Fes%2Fel-consejo-federal-ha-decidido-modificar-la-uvg%2F\">Accede aqu\u00ed<\/a><\/div><\/div><\/div>","protected":false},"excerpt":{"rendered":"<p>La financiaci\u00f3n de la Fundaci\u00f3n del Fondo de Compensaci\u00f3n para las V\u00edctimas del Amianto ha resultado cada vez m\u00e1s dif\u00edcil en los \u00faltimos a\u00f1os. Con el fin de asegurarlo a&#8230;&hellip;... <\/p>\n<div class=\"pmpro\"><div class=\"pmpro_card pmpro_content_message\"><div class=\"pmpro_card_content\">Dieser Inhalt ist nur f\u00fcr Benutzer der Gruppe: Medizinische Fachperson zug\u00e4nglich <br \/><a href=\"https:\/\/medizinonline.com\/es\/mi-cuenta\/paquetes\/\">Jetzt beitreten<\/a><\/div><div class=\"pmpro_card_actions pmpro_font-medium\">\u00bfYa eres miembro? <a href=\"https:\/\/medizinonline.com\/es\/conectarse\/?redirect_to=https%3A%2F%2Fmedizinonline.com%2Fes%2Fel-consejo-federal-ha-decidido-modificar-la-uvg%2F\">Accede aqu\u00ed<\/a><\/div><\/div><\/div>","protected":false},"author":7,"featured_media":449883,"comment_status":"closed","ping_status":"closed","sticky":false,"template":"","format":"standard","meta":{"_acf_changed":false,"pmpro_default_level":"","cat_1_feature_home_top":false,"cat_2_editor_pick":false,"csco_eyebrow_text":"V\u00edctimas del amianto","footnotes":""},"category":[11509,11424,11336,11430,11552],"tags":[15308,26479,24880,87044,87042,87049,87048,87047],"powerkit_post_featured":[],"class_list":["post-449880","post","type-post","status-publish","format-standard","has-post-thumbnail","category-gestion-de-la-practica","category-neumologia","category-oncologia","category-prevencion-y-asistencia-sanitaria","category-rx-es","tag-amianto-es","tag-asbestosis-es","tag-consejo-federal","tag-enmienda-de-la-uvg","tag-eternit","tag-fundacion-fondo-de-compensacion-para-las-victimas-del-amianto","tag-ley-del-seguro-de-accidentes","tag-victimas-del-amianto","pmpro-level-required","pmpro-level-1","pmpro-no-access"],"acf":[],"publishpress_future_action":{"enabled":false,"date":"2026-05-04 00:04:27","action":"change-status","newStatus":"draft","terms":[],"taxonomy":"category","extraData":[]},"publishpress_future_workflow_manual_trigger":{"enabledWorkflows":[]},"wpml_current_locale":"es_ES","wpml_translations":[],"_links":{"self":[{"href":"https:\/\/medizinonline.com\/es\/wp-json\/wp\/v2\/posts\/449880","targetHints":{"allow":["GET"]}}],"collection":[{"href":"https:\/\/medizinonline.com\/es\/wp-json\/wp\/v2\/posts"}],"about":[{"href":"https:\/\/medizinonline.com\/es\/wp-json\/wp\/v2\/types\/post"}],"author":[{"embeddable":true,"href":"https:\/\/medizinonline.com\/es\/wp-json\/wp\/v2\/users\/7"}],"replies":[{"embeddable":true,"href":"https:\/\/medizinonline.com\/es\/wp-json\/wp\/v2\/comments?post=449880"}],"version-history":[{"count":1,"href":"https:\/\/medizinonline.com\/es\/wp-json\/wp\/v2\/posts\/449880\/revisions"}],"predecessor-version":[{"id":449884,"href":"https:\/\/medizinonline.com\/es\/wp-json\/wp\/v2\/posts\/449880\/revisions\/449884"}],"wp:featuredmedia":[{"embeddable":true,"href":"https:\/\/medizinonline.com\/es\/wp-json\/wp\/v2\/media\/449883"}],"wp:attachment":[{"href":"https:\/\/medizinonline.com\/es\/wp-json\/wp\/v2\/media?parent=449880"}],"wp:term":[{"taxonomy":"category","embeddable":true,"href":"https:\/\/medizinonline.com\/es\/wp-json\/wp\/v2\/category?post=449880"},{"taxonomy":"post_tag","embeddable":true,"href":"https:\/\/medizinonline.com\/es\/wp-json\/wp\/v2\/tags?post=449880"},{"taxonomy":"powerkit_post_featured","embeddable":true,"href":"https:\/\/medizinonline.com\/es\/wp-json\/wp\/v2\/powerkit_post_featured?post=449880"}],"curies":[{"name":"wp","href":"https:\/\/api.w.org\/{rel}","templated":true}]}}