{"id":450240,"date":"2026-01-08T00:30:00","date_gmt":"2026-01-07T23:30:00","guid":{"rendered":"https:\/\/medizinonline.com\/la-c1m-tiene-potencial-como-biomarcador\/"},"modified":"2026-01-07T22:13:58","modified_gmt":"2026-01-07T21:13:58","slug":"la-c1m-tiene-potencial-como-biomarcador","status":"publish","type":"post","link":"https:\/\/medizinonline.com\/es\/la-c1m-tiene-potencial-como-biomarcador\/","title":{"rendered":"La C1M tiene potencial como biomarcador"},"content":{"rendered":"\n<p><strong>Cuanto antes se reconozca la artritis reumatoide (AR), mejor ser\u00e1 el pron\u00f3stico. Pero es m\u00e1s f\u00e1cil decirlo que hacerlo. Los marcadores cl\u00ednicos, serol\u00f3gicos y de imagen convencionales suelen carecer de la sensibilidad suficiente en las primeras fases de la enfermedad, lo que limita su valor pron\u00f3stico. Pero podr\u00eda haber una nueva opci\u00f3n: Investigadores franceses hallaron pruebas de que el C1M, un biomarcador s\u00e9rico de la degradaci\u00f3n del col\u00e1geno de tipo I, puede ayudar a predecir la progresi\u00f3n radiol\u00f3gica de la AR temprana.   <\/strong><\/p>\n\n<div class=\"pmpro\"><div class=\"pmpro_card pmpro_content_message\"><div class=\"pmpro_card_content\">Dieser Inhalt ist nur f\u00fcr Benutzer der Gruppe: Medizinische Fachperson zug\u00e4nglich <br \/><a href=\"https:\/\/medizinonline.com\/es\/mi-cuenta\/paquetes\/\">Jetzt beitreten<\/a><\/div><div class=\"pmpro_card_actions pmpro_font-medium\">\u00bfYa eres miembro? <a href=\"https:\/\/medizinonline.com\/es\/conectarse\/?redirect_to=https%3A%2F%2Fmedizinonline.com%2Fes%2Fla-c1m-tiene-potencial-como-biomarcador%2F\">Accede aqu\u00ed<\/a><\/div><\/div><\/div>","protected":false},"excerpt":{"rendered":"<p>Cuanto antes se reconozca la artritis reumatoide (AR), mejor ser\u00e1 el pron\u00f3stico. Pero es m\u00e1s f\u00e1cil decirlo que hacerlo. Los marcadores cl\u00ednicos, serol\u00f3gicos y de imagen convencionales suelen carecer de&#8230;&hellip;... <\/p>\n<div class=\"pmpro\"><div class=\"pmpro_card pmpro_content_message\"><div class=\"pmpro_card_content\">Dieser Inhalt ist nur f\u00fcr Benutzer der Gruppe: Medizinische Fachperson zug\u00e4nglich <br \/><a href=\"https:\/\/medizinonline.com\/es\/mi-cuenta\/paquetes\/\">Jetzt beitreten<\/a><\/div><div class=\"pmpro_card_actions pmpro_font-medium\">\u00bfYa eres miembro? <a href=\"https:\/\/medizinonline.com\/es\/conectarse\/?redirect_to=https%3A%2F%2Fmedizinonline.com%2Fes%2Fla-c1m-tiene-potencial-como-biomarcador%2F\">Accede aqu\u00ed<\/a><\/div><\/div><\/div>","protected":false},"author":7,"featured_media":450242,"comment_status":"closed","ping_status":"closed","sticky":false,"template":"","format":"standard","meta":{"_acf_changed":false,"pmpro_default_level":"","cat_1_feature_home_top":false,"cat_2_editor_pick":false,"csco_eyebrow_text":"Artritis reumatoide precoz","footnotes":""},"category":[11475,11478,11316,11288,11451,11552],"tags":[],"powerkit_post_featured":[],"class_list":["post-450240","post","type-post","status-publish","format-standard","has-post-thumbnail","category-estudios","category-formacion-continua","category-geriatria","category-medicina-interna-general","category-reumatologia","category-rx-es","pmpro-level-required","pmpro-level-1","pmpro-no-access"],"acf":[],"publishpress_future_action":{"enabled":false,"date":"2026-05-03 13:34:55","action":"change-status","newStatus":"draft","terms":[],"taxonomy":"category","extraData":[]},"publishpress_future_workflow_manual_trigger":{"enabledWorkflows":[]},"wpml_current_locale":"es_ES","wpml_translations":[],"_links":{"self":[{"href":"https:\/\/medizinonline.com\/es\/wp-json\/wp\/v2\/posts\/450240","targetHints":{"allow":["GET"]}}],"collection":[{"href":"https:\/\/medizinonline.com\/es\/wp-json\/wp\/v2\/posts"}],"about":[{"href":"https:\/\/medizinonline.com\/es\/wp-json\/wp\/v2\/types\/post"}],"author":[{"embeddable":true,"href":"https:\/\/medizinonline.com\/es\/wp-json\/wp\/v2\/users\/7"}],"replies":[{"embeddable":true,"href":"https:\/\/medizinonline.com\/es\/wp-json\/wp\/v2\/comments?post=450240"}],"version-history":[{"count":1,"href":"https:\/\/medizinonline.com\/es\/wp-json\/wp\/v2\/posts\/450240\/revisions"}],"predecessor-version":[{"id":450243,"href":"https:\/\/medizinonline.com\/es\/wp-json\/wp\/v2\/posts\/450240\/revisions\/450243"}],"wp:featuredmedia":[{"embeddable":true,"href":"https:\/\/medizinonline.com\/es\/wp-json\/wp\/v2\/media\/450242"}],"wp:attachment":[{"href":"https:\/\/medizinonline.com\/es\/wp-json\/wp\/v2\/media?parent=450240"}],"wp:term":[{"taxonomy":"category","embeddable":true,"href":"https:\/\/medizinonline.com\/es\/wp-json\/wp\/v2\/category?post=450240"},{"taxonomy":"post_tag","embeddable":true,"href":"https:\/\/medizinonline.com\/es\/wp-json\/wp\/v2\/tags?post=450240"},{"taxonomy":"powerkit_post_featured","embeddable":true,"href":"https:\/\/medizinonline.com\/es\/wp-json\/wp\/v2\/powerkit_post_featured?post=450240"}],"curies":[{"name":"wp","href":"https:\/\/api.w.org\/{rel}","templated":true}]}}