{"id":458966,"date":"2026-01-28T00:30:00","date_gmt":"2026-01-27T23:30:00","guid":{"rendered":"https:\/\/medizinonline.com\/?p=458966"},"modified":"2026-01-28T07:39:27","modified_gmt":"2026-01-28T06:39:27","slug":"dolor-abdominal-esprue","status":"publish","type":"post","link":"https:\/\/medizinonline.com\/es\/dolor-abdominal-esprue\/","title":{"rendered":"Dolor abdominal &#8211; Espr\u00fae"},"content":{"rendered":"\n<p><strong>El t\u00e9rmino <em>espr\u00fae <\/em>se utiliza para dos enfermedades diferentes que se asocian a la diarrea cr\u00f3nica: el espr\u00fae tropical y la enfermedad cel\u00edaca (enteropat\u00eda sensible al gluten), antes conocida como espr\u00fae aut\u00f3ctono [1]. Se trata de una enfermedad cr\u00f3nica de la mucosa del intestino delgado debida a la intolerancia al gluten. Los procedimientos de diagn\u00f3stico por imagen desempe\u00f1an un papel importante en la confirmaci\u00f3n del diagn\u00f3stico.  <\/strong><\/p>\n\n<div class=\"pmpro\"><div class=\"pmpro_card pmpro_content_message\"><div class=\"pmpro_card_content\">Dieser Inhalt ist nur f\u00fcr Benutzer der Gruppe: Medizinische Fachperson zug\u00e4nglich <br \/><a href=\"https:\/\/medizinonline.com\/es\/mi-cuenta\/paquetes\/\">Jetzt beitreten<\/a><\/div><div class=\"pmpro_card_actions pmpro_font-medium\">\u00bfYa eres miembro? <a href=\"https:\/\/medizinonline.com\/es\/conectarse\/?redirect_to=https%3A%2F%2Fmedizinonline.com%2Fes%2Fdolor-abdominal-esprue%2F\">Accede aqu\u00ed<\/a><\/div><\/div><\/div>","protected":false},"excerpt":{"rendered":"<p>El t\u00e9rmino espr\u00fae se utiliza para dos enfermedades diferentes que se asocian a la diarrea cr\u00f3nica: el espr\u00fae tropical y la enfermedad cel\u00edaca (enteropat\u00eda sensible al gluten), antes conocida como&#8230;&hellip;... <\/p>\n<div class=\"pmpro\"><div class=\"pmpro_card pmpro_content_message\"><div class=\"pmpro_card_content\">Dieser Inhalt ist nur f\u00fcr Benutzer der Gruppe: Medizinische Fachperson zug\u00e4nglich <br \/><a href=\"https:\/\/medizinonline.com\/es\/mi-cuenta\/paquetes\/\">Jetzt beitreten<\/a><\/div><div class=\"pmpro_card_actions pmpro_font-medium\">\u00bfYa eres miembro? <a href=\"https:\/\/medizinonline.com\/es\/conectarse\/?redirect_to=https%3A%2F%2Fmedizinonline.com%2Fes%2Fdolor-abdominal-esprue%2F\">Accede aqu\u00ed<\/a><\/div><\/div><\/div>","protected":false},"author":7,"featured_media":458972,"comment_status":"closed","ping_status":"closed","sticky":false,"template":"","format":"standard","meta":{"_acf_changed":false,"pmpro_default_level":"","cat_1_feature_home_top":false,"cat_2_editor_pick":false,"csco_eyebrow_text":"Del s\u00edntoma al diagn\u00f3stico","footnotes":""},"category":[11493,11478,11358,11288,11354,11441,11552],"tags":[47141,67018,87268,12534],"powerkit_post_featured":[],"class_list":["post-458966","post","type-post","status-publish","format-standard","has-post-thumbnail","category-casos","category-formacion-continua","category-gastroenterologia-y-hepatologia","category-medicina-interna-general","category-nutricion","category-radiologia","category-rx-es","tag-colada","tag-dolor-abdominal-es-3","tag-mucosa-del-intestino-delgado","tag-tecnicas-de-imagen","pmpro-level-required","pmpro-level-1","pmpro-no-access"],"acf":[],"publishpress_future_action":{"enabled":false,"date":"2026-05-04 08:01:15","action":"change-status","newStatus":"draft","terms":[],"taxonomy":"category","extraData":[]},"publishpress_future_workflow_manual_trigger":{"enabledWorkflows":[]},"wpml_current_locale":"es_ES","wpml_translations":[],"_links":{"self":[{"href":"https:\/\/medizinonline.com\/es\/wp-json\/wp\/v2\/posts\/458966","targetHints":{"allow":["GET"]}}],"collection":[{"href":"https:\/\/medizinonline.com\/es\/wp-json\/wp\/v2\/posts"}],"about":[{"href":"https:\/\/medizinonline.com\/es\/wp-json\/wp\/v2\/types\/post"}],"author":[{"embeddable":true,"href":"https:\/\/medizinonline.com\/es\/wp-json\/wp\/v2\/users\/7"}],"replies":[{"embeddable":true,"href":"https:\/\/medizinonline.com\/es\/wp-json\/wp\/v2\/comments?post=458966"}],"version-history":[{"count":1,"href":"https:\/\/medizinonline.com\/es\/wp-json\/wp\/v2\/posts\/458966\/revisions"}],"predecessor-version":[{"id":458975,"href":"https:\/\/medizinonline.com\/es\/wp-json\/wp\/v2\/posts\/458966\/revisions\/458975"}],"wp:featuredmedia":[{"embeddable":true,"href":"https:\/\/medizinonline.com\/es\/wp-json\/wp\/v2\/media\/458972"}],"wp:attachment":[{"href":"https:\/\/medizinonline.com\/es\/wp-json\/wp\/v2\/media?parent=458966"}],"wp:term":[{"taxonomy":"category","embeddable":true,"href":"https:\/\/medizinonline.com\/es\/wp-json\/wp\/v2\/category?post=458966"},{"taxonomy":"post_tag","embeddable":true,"href":"https:\/\/medizinonline.com\/es\/wp-json\/wp\/v2\/tags?post=458966"},{"taxonomy":"powerkit_post_featured","embeddable":true,"href":"https:\/\/medizinonline.com\/es\/wp-json\/wp\/v2\/powerkit_post_featured?post=458966"}],"curies":[{"name":"wp","href":"https:\/\/api.w.org\/{rel}","templated":true}]}}