{"id":459011,"date":"2026-01-19T13:30:00","date_gmt":"2026-01-19T12:30:00","guid":{"rendered":"https:\/\/medizinonline.com\/?p=459011"},"modified":"2026-01-19T13:58:40","modified_gmt":"2026-01-19T12:58:40","slug":"enfermedad-de-moyamoya-en-una-paciente-de-23-anos","status":"publish","type":"post","link":"https:\/\/medizinonline.com\/es\/enfermedad-de-moyamoya-en-una-paciente-de-23-anos\/","title":{"rendered":"Enfermedad de Moyamoya en una paciente de 23 a\u00f1os"},"content":{"rendered":"\n<p><strong>La enfermedad de Moyamoya se caracteriza por un estrechamiento progresivo de las <em>arterias car\u00f3tidas internas<\/em> y sus ramas. Esto puede provocar trastornos isqu\u00e9micos y\/o hemorr\u00e1gicos de la circulaci\u00f3n cerebral. Seg\u00fan la <em>Organizaci\u00f3n Europea del Ictus<\/em>  <\/strong><sup data-fn=\"28fcec1d-3dfe-4ca5-b0e7-875eb4ec7ccf\" class=\"fn\"><a id=\"28fcec1d-3dfe-4ca5-b0e7-875eb4ec7ccf-link\" href=\"#28fcec1d-3dfe-4ca5-b0e7-875eb4ec7ccf\">1<\/a><\/sup><strong><br\/> La enfermedad de Moyamoya es m\u00e1s frecuente en Asia que en Europa.<\/strong><\/p>\n\n<div class=\"pmpro\"><div class=\"pmpro_card pmpro_content_message\"><div class=\"pmpro_card_content\">Dieser Inhalt ist nur f\u00fcr Benutzer der Gruppe: Medizinische Fachperson zug\u00e4nglich <br \/><a href=\"https:\/\/medizinonline.com\/es\/mi-cuenta\/paquetes\/\">Jetzt beitreten<\/a><\/div><div class=\"pmpro_card_actions pmpro_font-medium\">\u00bfYa eres miembro? <a href=\"https:\/\/medizinonline.com\/es\/conectarse\/?redirect_to=https%3A%2F%2Fmedizinonline.com%2Fes%2Fenfermedad-de-moyamoya-en-una-paciente-de-23-anos%2F\">Accede aqu\u00ed<\/a><\/div><\/div><\/div>","protected":false},"excerpt":{"rendered":"<p>La enfermedad de Moyamoya se caracteriza por un estrechamiento progresivo de las arterias car\u00f3tidas internas y sus ramas. Esto puede provocar trastornos isqu\u00e9micos y\/o hemorr\u00e1gicos de la circulaci\u00f3n cerebral. Seg\u00fan&#8230;&hellip;... <\/p>\n<div class=\"pmpro\"><div class=\"pmpro_card pmpro_content_message\"><div class=\"pmpro_card_content\">Dieser Inhalt ist nur f\u00fcr Benutzer der Gruppe: Medizinische Fachperson zug\u00e4nglich <br \/><a href=\"https:\/\/medizinonline.com\/es\/mi-cuenta\/paquetes\/\">Jetzt beitreten<\/a><\/div><div class=\"pmpro_card_actions pmpro_font-medium\">\u00bfYa eres miembro? <a href=\"https:\/\/medizinonline.com\/es\/conectarse\/?redirect_to=https%3A%2F%2Fmedizinonline.com%2Fes%2Fenfermedad-de-moyamoya-en-una-paciente-de-23-anos%2F\">Accede aqu\u00ed<\/a><\/div><\/div><\/div>","protected":false},"author":7,"featured_media":459015,"comment_status":"closed","ping_status":"closed","sticky":false,"template":"","format":"standard","meta":{"_acf_changed":false,"pmpro_default_level":"","cat_1_feature_home_top":false,"cat_2_editor_pick":false,"csco_eyebrow_text":"Estudio de caso  ","footnotes":"[{\"id\":\"28fcec1d-3dfe-4ca5-b0e7-875eb4ec7ccf\",\"content\":\"<em>Organizaci\\u00f3n Europea del Ictus, <a href=\\\"https:\\\/\\\/eso-stroke.org\\\" target=\\\"_blank\\\" rel=\\\"noreferrer noopener\\\">https:\\\/\\\/eso-stroke.org<\\\/a><\\\/em>\"}]"},"category":[11302,11493,11478,11328,11441,11552],"tags":[82203,87294,87297],"powerkit_post_featured":[],"class_list":["post-459011","post","type-post","status-publish","format-standard","has-post-thumbnail","category-angiologia","category-casos","category-formacion-continua","category-neurologia","category-radiologia","category-rx-es","tag-casuistica-es-2","tag-enfermedad-de-moyamoya","tag-organizacion-europea-del-ictus","pmpro-level-required","pmpro-level-1","pmpro-no-access"],"acf":[],"publishpress_future_action":{"enabled":false,"date":"2026-05-06 07:32:12","action":"change-status","newStatus":"draft","terms":[],"taxonomy":"category","extraData":[]},"publishpress_future_workflow_manual_trigger":{"enabledWorkflows":[]},"wpml_current_locale":"es_ES","wpml_translations":[],"_links":{"self":[{"href":"https:\/\/medizinonline.com\/es\/wp-json\/wp\/v2\/posts\/459011","targetHints":{"allow":["GET"]}}],"collection":[{"href":"https:\/\/medizinonline.com\/es\/wp-json\/wp\/v2\/posts"}],"about":[{"href":"https:\/\/medizinonline.com\/es\/wp-json\/wp\/v2\/types\/post"}],"author":[{"embeddable":true,"href":"https:\/\/medizinonline.com\/es\/wp-json\/wp\/v2\/users\/7"}],"replies":[{"embeddable":true,"href":"https:\/\/medizinonline.com\/es\/wp-json\/wp\/v2\/comments?post=459011"}],"version-history":[{"count":1,"href":"https:\/\/medizinonline.com\/es\/wp-json\/wp\/v2\/posts\/459011\/revisions"}],"predecessor-version":[{"id":459019,"href":"https:\/\/medizinonline.com\/es\/wp-json\/wp\/v2\/posts\/459011\/revisions\/459019"}],"wp:featuredmedia":[{"embeddable":true,"href":"https:\/\/medizinonline.com\/es\/wp-json\/wp\/v2\/media\/459015"}],"wp:attachment":[{"href":"https:\/\/medizinonline.com\/es\/wp-json\/wp\/v2\/media?parent=459011"}],"wp:term":[{"taxonomy":"category","embeddable":true,"href":"https:\/\/medizinonline.com\/es\/wp-json\/wp\/v2\/category?post=459011"},{"taxonomy":"post_tag","embeddable":true,"href":"https:\/\/medizinonline.com\/es\/wp-json\/wp\/v2\/tags?post=459011"},{"taxonomy":"powerkit_post_featured","embeddable":true,"href":"https:\/\/medizinonline.com\/es\/wp-json\/wp\/v2\/powerkit_post_featured?post=459011"}],"curies":[{"name":"wp","href":"https:\/\/api.w.org\/{rel}","templated":true}]}}